{"id":74132,"date":"2024-10-03T15:37:00","date_gmt":"2024-10-03T15:37:00","guid":{"rendered":"https:\/\/www.lab.eus\/?p=74132"},"modified":"2024-10-03T15:38:24","modified_gmt":"2024-10-03T15:38:24","slug":"exitosos-encuentros-sindicales-en-arrasate-centrados-en-el-sindicalismo-de-contrapoder","status":"publish","type":"post","link":"https:\/\/www.lab.eus\/es\/exitosos-encuentros-sindicales-en-arrasate-centrados-en-el-sindicalismo-de-contrapoder\/","title":{"rendered":"Exitosos Encuentros Sindicales en Arrasate centrados en el sindicalismo de contrapoder"},"content":{"rendered":"\n<p>Ayer celebramos en Arrasate los Encuentros Sindicales dirigidos a liberadas, liberados, delegados y delegadas de LAB, con la participaci\u00f3n de 200 militantes del sindicato. As\u00ed, nos reunimos para enriquecer desde la formaci\u00f3n las decisiones m\u00e1s innovadoras que adoptamos en nuestro 10\u00aa Congreso celebrado en Baiona y en Miarritze en 2022.<\/p>\n\n\n\n<figure class=\"wp-block-gallery has-nested-images columns-default is-cropped wp-block-gallery-1 is-layout-flex wp-block-gallery-is-layout-flex\">\n<figure class=\"wp-block-image size-large\"><img loading=\"lazy\" decoding=\"async\" width=\"1024\" height=\"683\" data-id=\"74069\" src=\"https:\/\/www.lab.eus\/wp-content\/uploads\/2024\/10\/00-Izen-ematea_1-1024x683.jpg\" alt=\"\" class=\"wp-image-74069\" srcset=\"https:\/\/www.lab.eus\/wp-content\/uploads\/2024\/10\/00-Izen-ematea_1-1024x683.jpg 1024w, https:\/\/www.lab.eus\/wp-content\/uploads\/2024\/10\/00-Izen-ematea_1-300x200.jpg 300w, https:\/\/www.lab.eus\/wp-content\/uploads\/2024\/10\/00-Izen-ematea_1-768x512.jpg 768w, https:\/\/www.lab.eus\/wp-content\/uploads\/2024\/10\/00-Izen-ematea_1-1536x1024.jpg 1536w, https:\/\/www.lab.eus\/wp-content\/uploads\/2024\/10\/00-Izen-ematea_1-150x100.jpg 150w, https:\/\/www.lab.eus\/wp-content\/uploads\/2024\/10\/00-Izen-ematea_1-696x464.jpg 696w, https:\/\/www.lab.eus\/wp-content\/uploads\/2024\/10\/00-Izen-ematea_1-1068x712.jpg 1068w, https:\/\/www.lab.eus\/wp-content\/uploads\/2024\/10\/00-Izen-ematea_1.jpg 1620w\" sizes=\"auto, (max-width: 1024px) 100vw, 1024px\" \/><\/figure>\n\n\n\n<figure class=\"wp-block-image size-large\"><img loading=\"lazy\" decoding=\"async\" width=\"1024\" height=\"682\" data-id=\"74071\" src=\"https:\/\/www.lab.eus\/wp-content\/uploads\/2024\/10\/03-1024x682.jpg\" alt=\"\" class=\"wp-image-74071\" srcset=\"https:\/\/www.lab.eus\/wp-content\/uploads\/2024\/10\/03-1024x682.jpg 1024w, https:\/\/www.lab.eus\/wp-content\/uploads\/2024\/10\/03-300x200.jpg 300w, https:\/\/www.lab.eus\/wp-content\/uploads\/2024\/10\/03-768x512.jpg 768w, https:\/\/www.lab.eus\/wp-content\/uploads\/2024\/10\/03-150x100.jpg 150w, https:\/\/www.lab.eus\/wp-content\/uploads\/2024\/10\/03-696x464.jpg 696w, https:\/\/www.lab.eus\/wp-content\/uploads\/2024\/10\/03-1068x712.jpg 1068w, https:\/\/www.lab.eus\/wp-content\/uploads\/2024\/10\/03.jpg 1280w\" sizes=\"auto, (max-width: 1024px) 100vw, 1024px\" \/><figcaption class=\"wp-element-caption\">Jagoba Zulueta<\/figcaption><\/figure>\n\n\n\n<figure class=\"wp-block-image size-large\"><img loading=\"lazy\" decoding=\"async\" width=\"1024\" height=\"682\" data-id=\"74073\" src=\"https:\/\/www.lab.eus\/wp-content\/uploads\/2024\/10\/1_Garbine-1024x682.jpg\" alt=\"\" class=\"wp-image-74073\" srcset=\"https:\/\/www.lab.eus\/wp-content\/uploads\/2024\/10\/1_Garbine-1024x682.jpg 1024w, https:\/\/www.lab.eus\/wp-content\/uploads\/2024\/10\/1_Garbine-300x200.jpg 300w, https:\/\/www.lab.eus\/wp-content\/uploads\/2024\/10\/1_Garbine-768x512.jpg 768w, https:\/\/www.lab.eus\/wp-content\/uploads\/2024\/10\/1_Garbine-150x100.jpg 150w, https:\/\/www.lab.eus\/wp-content\/uploads\/2024\/10\/1_Garbine-696x464.jpg 696w, https:\/\/www.lab.eus\/wp-content\/uploads\/2024\/10\/1_Garbine-1068x712.jpg 1068w, https:\/\/www.lab.eus\/wp-content\/uploads\/2024\/10\/1_Garbine.jpg 1280w\" sizes=\"auto, (max-width: 1024px) 100vw, 1024px\" \/><figcaption class=\"wp-element-caption\">Garbi\u00f1e Aranburu<\/figcaption><\/figure>\n<\/figure>\n\n\n\n<p>Tras la presentaci\u00f3n de Jagoba Zulueta, responsable de Ipar Hegoa, la intervenci\u00f3n de la coordinadora general Garbi\u00f1e Aranburu dio inicio a los encuentros y esta ha resumido  los 50 a\u00f1os de historia de LAB en claves de sindicalismo contrapoder. Destac\u00f3 la apuesta de LAB por luchar por medidas a favor de las y los trabajadores en los centros de trabajo, en la calle y en las instituciones. Entre los logros del sindicato, se\u00f1al\u00f3 que \u00abla rica din\u00e1mica sindical y social que hay en Euskal Herria no s\u00f3lo la ha generado LAB, pero no se puede entender sin su importante aportaci\u00f3n de LAB y esto tambi\u00e9n ha influido en el fortalecimiento del independentismo de izquierdas\u201d.<\/p>\n\n\n\n<p>El primer bloque de la ma\u00f1ana gir\u00f3 en torno al an\u00e1lisis del poder sindical, en el que Edurne Larra\u00f1aga, responsable de Estudios de la Fundaci\u00f3n Ipar Hegoa y Asier Etxenike, responsable de innovaci\u00f3n del departamento de Investigaci\u00f3n de Aztiker Soziologia Ikergunea, respondieron a las preguntas de Julen Aperribai.<\/p>\n\n\n\n<figure class=\"wp-block-gallery has-nested-images columns-default is-cropped wp-block-gallery-2 is-layout-flex wp-block-gallery-is-layout-flex\">\n<figure class=\"wp-block-image size-large\"><img loading=\"lazy\" decoding=\"async\" width=\"1024\" height=\"619\" data-id=\"74077\" src=\"https:\/\/www.lab.eus\/wp-content\/uploads\/2024\/10\/3_denak-1024x619.jpg\" alt=\"\" class=\"wp-image-74077\" srcset=\"https:\/\/www.lab.eus\/wp-content\/uploads\/2024\/10\/3_denak-1024x619.jpg 1024w, https:\/\/www.lab.eus\/wp-content\/uploads\/2024\/10\/3_denak-300x181.jpg 300w, https:\/\/www.lab.eus\/wp-content\/uploads\/2024\/10\/3_denak-768x464.jpg 768w, https:\/\/www.lab.eus\/wp-content\/uploads\/2024\/10\/3_denak-150x91.jpg 150w, https:\/\/www.lab.eus\/wp-content\/uploads\/2024\/10\/3_denak-696x421.jpg 696w, https:\/\/www.lab.eus\/wp-content\/uploads\/2024\/10\/3_denak-1068x646.jpg 1068w, https:\/\/www.lab.eus\/wp-content\/uploads\/2024\/10\/3_denak.jpg 1083w\" sizes=\"auto, (max-width: 1024px) 100vw, 1024px\" \/><\/figure>\n\n\n\n<figure class=\"wp-block-image size-large\"><img loading=\"lazy\" decoding=\"async\" width=\"1024\" height=\"682\" data-id=\"74079\" src=\"https:\/\/www.lab.eus\/wp-content\/uploads\/2024\/10\/3_Asier-Etxenike-1024x682.jpg\" alt=\"\" class=\"wp-image-74079\" srcset=\"https:\/\/www.lab.eus\/wp-content\/uploads\/2024\/10\/3_Asier-Etxenike-1024x682.jpg 1024w, https:\/\/www.lab.eus\/wp-content\/uploads\/2024\/10\/3_Asier-Etxenike-300x200.jpg 300w, https:\/\/www.lab.eus\/wp-content\/uploads\/2024\/10\/3_Asier-Etxenike-768x512.jpg 768w, https:\/\/www.lab.eus\/wp-content\/uploads\/2024\/10\/3_Asier-Etxenike-150x100.jpg 150w, https:\/\/www.lab.eus\/wp-content\/uploads\/2024\/10\/3_Asier-Etxenike-696x464.jpg 696w, https:\/\/www.lab.eus\/wp-content\/uploads\/2024\/10\/3_Asier-Etxenike-1068x712.jpg 1068w, https:\/\/www.lab.eus\/wp-content\/uploads\/2024\/10\/3_Asier-Etxenike.jpg 1280w\" sizes=\"auto, (max-width: 1024px) 100vw, 1024px\" \/><figcaption class=\"wp-element-caption\">Asier Etxenike<\/figcaption><\/figure>\n\n\n\n<figure class=\"wp-block-image size-large\"><img loading=\"lazy\" decoding=\"async\" width=\"1024\" height=\"682\" data-id=\"74081\" src=\"https:\/\/www.lab.eus\/wp-content\/uploads\/2024\/10\/3_Edurne-1024x682.jpg\" alt=\"\" class=\"wp-image-74081\" srcset=\"https:\/\/www.lab.eus\/wp-content\/uploads\/2024\/10\/3_Edurne-1024x682.jpg 1024w, https:\/\/www.lab.eus\/wp-content\/uploads\/2024\/10\/3_Edurne-300x200.jpg 300w, https:\/\/www.lab.eus\/wp-content\/uploads\/2024\/10\/3_Edurne-768x512.jpg 768w, https:\/\/www.lab.eus\/wp-content\/uploads\/2024\/10\/3_Edurne-150x100.jpg 150w, https:\/\/www.lab.eus\/wp-content\/uploads\/2024\/10\/3_Edurne-696x464.jpg 696w, https:\/\/www.lab.eus\/wp-content\/uploads\/2024\/10\/3_Edurne-1068x712.jpg 1068w, https:\/\/www.lab.eus\/wp-content\/uploads\/2024\/10\/3_Edurne.jpg 1280w\" sizes=\"auto, (max-width: 1024px) 100vw, 1024px\" \/><figcaption class=\"wp-element-caption\">Edurne Larra\u00f1aga<\/figcaption><\/figure>\n<\/figure>\n\n\n\n<p>Tomando como eje el an\u00e1lisis de la sociedad, el mercado de trabajo, las relaciones laborales y el poder sindical, ofrecieron datos sobre las caracter\u00edsticas y evoluci\u00f3n demogr\u00e1fica de la poblaci\u00f3n de Hego Euskal Herria, las caracter\u00edsticas de la poblaci\u00f3n respecto al mercado laboral, la demograf\u00eda empresarial, los conflictos y acuerdos laborales, las elecciones sindicales y la afiliaci\u00f3n.<\/p>\n\n\n\n<p>Edurne Larra\u00f1aga, bas\u00e1ndose en datos, destac\u00f3 que la lucha siempre merece la pena porque la intensificaci\u00f3n de los conflictos eleva el n\u00famero de trabajadoras y trabajadores que consiguen la cobertura de los convenios.<\/p>\n\n\n\n<figure class=\"wp-block-gallery has-nested-images columns-default is-cropped wp-block-gallery-3 is-layout-flex wp-block-gallery-is-layout-flex\">\n<figure class=\"wp-block-image size-large\"><img loading=\"lazy\" decoding=\"async\" width=\"1024\" height=\"580\" data-id=\"74083\" src=\"https:\/\/www.lab.eus\/wp-content\/uploads\/2024\/10\/4-1024x580.jpg\" alt=\"\" class=\"wp-image-74083\" srcset=\"https:\/\/www.lab.eus\/wp-content\/uploads\/2024\/10\/4-1024x580.jpg 1024w, https:\/\/www.lab.eus\/wp-content\/uploads\/2024\/10\/4-300x170.jpg 300w, https:\/\/www.lab.eus\/wp-content\/uploads\/2024\/10\/4-768x435.jpg 768w, https:\/\/www.lab.eus\/wp-content\/uploads\/2024\/10\/4-150x85.jpg 150w, https:\/\/www.lab.eus\/wp-content\/uploads\/2024\/10\/4-696x395.jpg 696w, https:\/\/www.lab.eus\/wp-content\/uploads\/2024\/10\/4-1068x605.jpg 1068w, https:\/\/www.lab.eus\/wp-content\/uploads\/2024\/10\/4.jpg 1272w\" sizes=\"auto, (max-width: 1024px) 100vw, 1024px\" \/><\/figure>\n\n\n\n<figure class=\"wp-block-image size-large\"><img loading=\"lazy\" decoding=\"async\" width=\"1024\" height=\"508\" data-id=\"74087\" src=\"https:\/\/www.lab.eus\/wp-content\/uploads\/2024\/10\/4_2-1024x508.jpg\" alt=\"\" class=\"wp-image-74087\" srcset=\"https:\/\/www.lab.eus\/wp-content\/uploads\/2024\/10\/4_2-1024x508.jpg 1024w, https:\/\/www.lab.eus\/wp-content\/uploads\/2024\/10\/4_2-300x149.jpg 300w, https:\/\/www.lab.eus\/wp-content\/uploads\/2024\/10\/4_2-768x381.jpg 768w, https:\/\/www.lab.eus\/wp-content\/uploads\/2024\/10\/4_2-150x74.jpg 150w, https:\/\/www.lab.eus\/wp-content\/uploads\/2024\/10\/4_2-696x345.jpg 696w, https:\/\/www.lab.eus\/wp-content\/uploads\/2024\/10\/4_2-1068x529.jpg 1068w, https:\/\/www.lab.eus\/wp-content\/uploads\/2024\/10\/4_2.jpg 1265w\" sizes=\"auto, (max-width: 1024px) 100vw, 1024px\" \/><\/figure>\n\n\n\n<figure class=\"wp-block-image size-large\"><img loading=\"lazy\" decoding=\"async\" width=\"1024\" height=\"682\" data-id=\"74085\" src=\"https:\/\/www.lab.eus\/wp-content\/uploads\/2024\/10\/4_1-1024x682.jpg\" alt=\"\" class=\"wp-image-74085\" srcset=\"https:\/\/www.lab.eus\/wp-content\/uploads\/2024\/10\/4_1-1024x682.jpg 1024w, https:\/\/www.lab.eus\/wp-content\/uploads\/2024\/10\/4_1-300x200.jpg 300w, https:\/\/www.lab.eus\/wp-content\/uploads\/2024\/10\/4_1-768x512.jpg 768w, https:\/\/www.lab.eus\/wp-content\/uploads\/2024\/10\/4_1-150x100.jpg 150w, https:\/\/www.lab.eus\/wp-content\/uploads\/2024\/10\/4_1-696x464.jpg 696w, https:\/\/www.lab.eus\/wp-content\/uploads\/2024\/10\/4_1-1068x712.jpg 1068w, https:\/\/www.lab.eus\/wp-content\/uploads\/2024\/10\/4_1.jpg 1280w\" sizes=\"auto, (max-width: 1024px) 100vw, 1024px\" \/><\/figure>\n<\/figure>\n\n\n\n<p>Tras el descanso, lleg\u00f3 el segundo bloque de la ma\u00f1ana, dedicado a la estrategia de sindicalizaci\u00f3n, que ha contado con la participaci\u00f3n de Izaskun Garc\u00eda, responsable de Organizaci\u00f3n, y Oihana Lopetegi, responsable de Acci\u00f3n Sindical.<\/p>\n\n\n\n<p><strong>Modelo de contrapoder con dos patas<\/strong><\/p>\n\n\n\n<p>Garc\u00eda matiz\u00f3 que el modelo de contrapoder de LAB tiene una cabeza (la acci\u00f3n sindical) y dos patas. La primera, la acci\u00f3n sociosindical, es decir, luchar por unas condiciones dignas de trabajo y vida de las y los trabajadores. Y la segunda, la estrategia de sindicalizaci\u00f3n, es decir, empoderar, politizar y organizar a los y las trabajadores.<\/p>\n\n\n\n<p>Tambi\u00e9n se ha referido a la reflexi\u00f3n para actualizar el sindicalismo de contrapoder, aludiendo al proceso de repensar el sindicalismo puesto en marcha por LAB en 2015 y a la pr\u00e1ctica constante en torno a \u00e9ste.<\/p>\n\n\n\n<p>Dentro del objetivo de recomponer el sujeto de clase, tambi\u00e9n ha se\u00f1alado la importancia de ampliar la definici\u00f3n y el imaginario de la clase trabajadora, ya que LAB tiene vocaci\u00f3n de ser la casa de todos los sectores de trabajadoras y trabajadores. En relaci\u00f3n con esto hemos podido escuchar el testimonio de Mariana Urcuyo, responsable de la secci\u00f3n sindical de Trabajadoras del Hogar.<\/p>\n\n\n\n<figure class=\"wp-block-gallery has-nested-images columns-default is-cropped wp-block-gallery-4 is-layout-flex wp-block-gallery-is-layout-flex\">\n<figure class=\"wp-block-image size-large\"><img loading=\"lazy\" decoding=\"async\" width=\"1024\" height=\"682\" data-id=\"74093\" src=\"https:\/\/www.lab.eus\/wp-content\/uploads\/2024\/10\/5_4-1024x682.jpg\" alt=\"\" class=\"wp-image-74093\" srcset=\"https:\/\/www.lab.eus\/wp-content\/uploads\/2024\/10\/5_4-1024x682.jpg 1024w, https:\/\/www.lab.eus\/wp-content\/uploads\/2024\/10\/5_4-300x200.jpg 300w, https:\/\/www.lab.eus\/wp-content\/uploads\/2024\/10\/5_4-768x512.jpg 768w, https:\/\/www.lab.eus\/wp-content\/uploads\/2024\/10\/5_4-150x100.jpg 150w, https:\/\/www.lab.eus\/wp-content\/uploads\/2024\/10\/5_4-696x464.jpg 696w, https:\/\/www.lab.eus\/wp-content\/uploads\/2024\/10\/5_4-1068x712.jpg 1068w, https:\/\/www.lab.eus\/wp-content\/uploads\/2024\/10\/5_4.jpg 1280w\" sizes=\"auto, (max-width: 1024px) 100vw, 1024px\" \/><\/figure>\n\n\n\n<figure class=\"wp-block-image size-large\"><img loading=\"lazy\" decoding=\"async\" width=\"1024\" height=\"682\" data-id=\"74095\" src=\"https:\/\/www.lab.eus\/wp-content\/uploads\/2024\/10\/5-Izaskun--1024x682.jpg\" alt=\"\" class=\"wp-image-74095\" srcset=\"https:\/\/www.lab.eus\/wp-content\/uploads\/2024\/10\/5-Izaskun--1024x682.jpg 1024w, https:\/\/www.lab.eus\/wp-content\/uploads\/2024\/10\/5-Izaskun--300x200.jpg 300w, https:\/\/www.lab.eus\/wp-content\/uploads\/2024\/10\/5-Izaskun--768x512.jpg 768w, https:\/\/www.lab.eus\/wp-content\/uploads\/2024\/10\/5-Izaskun--150x100.jpg 150w, https:\/\/www.lab.eus\/wp-content\/uploads\/2024\/10\/5-Izaskun--696x464.jpg 696w, https:\/\/www.lab.eus\/wp-content\/uploads\/2024\/10\/5-Izaskun--1068x712.jpg 1068w, https:\/\/www.lab.eus\/wp-content\/uploads\/2024\/10\/5-Izaskun-.jpg 1280w\" sizes=\"auto, (max-width: 1024px) 100vw, 1024px\" \/><figcaption class=\"wp-element-caption\">Izaskun Garcia<\/figcaption><\/figure>\n\n\n\n<figure class=\"wp-block-image size-large\"><img loading=\"lazy\" decoding=\"async\" width=\"1024\" height=\"682\" data-id=\"74097\" src=\"https:\/\/www.lab.eus\/wp-content\/uploads\/2024\/10\/6_Mariana-Urcuyo-1024x682.jpg\" alt=\"\" class=\"wp-image-74097\" srcset=\"https:\/\/www.lab.eus\/wp-content\/uploads\/2024\/10\/6_Mariana-Urcuyo-1024x682.jpg 1024w, https:\/\/www.lab.eus\/wp-content\/uploads\/2024\/10\/6_Mariana-Urcuyo-300x200.jpg 300w, https:\/\/www.lab.eus\/wp-content\/uploads\/2024\/10\/6_Mariana-Urcuyo-768x512.jpg 768w, https:\/\/www.lab.eus\/wp-content\/uploads\/2024\/10\/6_Mariana-Urcuyo-150x100.jpg 150w, https:\/\/www.lab.eus\/wp-content\/uploads\/2024\/10\/6_Mariana-Urcuyo-696x464.jpg 696w, https:\/\/www.lab.eus\/wp-content\/uploads\/2024\/10\/6_Mariana-Urcuyo-1068x712.jpg 1068w, https:\/\/www.lab.eus\/wp-content\/uploads\/2024\/10\/6_Mariana-Urcuyo.jpg 1280w\" sizes=\"auto, (max-width: 1024px) 100vw, 1024px\" \/><figcaption class=\"wp-element-caption\">Mariana Urcuyo<\/figcaption><\/figure>\n<\/figure>\n\n\n\n<p>Oihana Lopetegi, por su parte, coment\u00f3 que LAB ha ampliado su oferta de lucha, adapt\u00e1ndola a las caracter\u00edsticas de cada \u00e1mbito y as\u00ed responder a \u00e1mbitos sindicalizados y no sindicalizados. En relaci\u00f3n con esto, el delegado de Amazon en Trapagaran, Fernando Ortega, dio conocer su experiencia de lucha.<\/p>\n\n\n\n<p>A continuaci\u00f3n, Garc\u00eda se refiri\u00f3 a las nuevas formas de socializar la lucha de los y las trabajadoras, ahondando tambi\u00e9n en los intentos de interactuar con los movimientos populares y conectar las luchas con la ciudadan\u00eda. En este sentido, Ixone Retes, delegada de Tubacex, dio a conocer la larga batalla que mantuvieron en la empresa de Aiaraldea.<\/p>\n\n\n\n<figure class=\"wp-block-gallery has-nested-images columns-default is-cropped wp-block-gallery-5 is-layout-flex wp-block-gallery-is-layout-flex\">\n<figure class=\"wp-block-image size-large\"><img loading=\"lazy\" decoding=\"async\" width=\"1024\" height=\"682\" data-id=\"74091\" src=\"https:\/\/www.lab.eus\/wp-content\/uploads\/2024\/10\/5_2-Oihana-1024x682.jpg\" alt=\"\" class=\"wp-image-74091\" srcset=\"https:\/\/www.lab.eus\/wp-content\/uploads\/2024\/10\/5_2-Oihana-1024x682.jpg 1024w, https:\/\/www.lab.eus\/wp-content\/uploads\/2024\/10\/5_2-Oihana-300x200.jpg 300w, https:\/\/www.lab.eus\/wp-content\/uploads\/2024\/10\/5_2-Oihana-768x512.jpg 768w, https:\/\/www.lab.eus\/wp-content\/uploads\/2024\/10\/5_2-Oihana-150x100.jpg 150w, https:\/\/www.lab.eus\/wp-content\/uploads\/2024\/10\/5_2-Oihana-696x464.jpg 696w, https:\/\/www.lab.eus\/wp-content\/uploads\/2024\/10\/5_2-Oihana-1068x712.jpg 1068w, https:\/\/www.lab.eus\/wp-content\/uploads\/2024\/10\/5_2-Oihana.jpg 1280w\" sizes=\"auto, (max-width: 1024px) 100vw, 1024px\" \/><figcaption class=\"wp-element-caption\">Oihana Lopetegi<\/figcaption><\/figure>\n\n\n\n<figure class=\"wp-block-image size-large\"><img loading=\"lazy\" decoding=\"async\" width=\"1024\" height=\"682\" data-id=\"74099\" src=\"https:\/\/www.lab.eus\/wp-content\/uploads\/2024\/10\/7-Fer_Amazon-1024x682.jpg\" alt=\"\" class=\"wp-image-74099\" srcset=\"https:\/\/www.lab.eus\/wp-content\/uploads\/2024\/10\/7-Fer_Amazon-1024x682.jpg 1024w, https:\/\/www.lab.eus\/wp-content\/uploads\/2024\/10\/7-Fer_Amazon-300x200.jpg 300w, https:\/\/www.lab.eus\/wp-content\/uploads\/2024\/10\/7-Fer_Amazon-768x512.jpg 768w, https:\/\/www.lab.eus\/wp-content\/uploads\/2024\/10\/7-Fer_Amazon-150x100.jpg 150w, https:\/\/www.lab.eus\/wp-content\/uploads\/2024\/10\/7-Fer_Amazon-696x464.jpg 696w, https:\/\/www.lab.eus\/wp-content\/uploads\/2024\/10\/7-Fer_Amazon-1068x712.jpg 1068w, https:\/\/www.lab.eus\/wp-content\/uploads\/2024\/10\/7-Fer_Amazon.jpg 1280w\" sizes=\"auto, (max-width: 1024px) 100vw, 1024px\" \/><figcaption class=\"wp-element-caption\">Fer Ortega<\/figcaption><\/figure>\n\n\n\n<figure class=\"wp-block-image size-large\"><img loading=\"lazy\" decoding=\"async\" width=\"1024\" height=\"682\" data-id=\"74101\" src=\"https:\/\/www.lab.eus\/wp-content\/uploads\/2024\/10\/8-Ixone-Retes-1024x682.jpg\" alt=\"\" class=\"wp-image-74101\" srcset=\"https:\/\/www.lab.eus\/wp-content\/uploads\/2024\/10\/8-Ixone-Retes-1024x682.jpg 1024w, https:\/\/www.lab.eus\/wp-content\/uploads\/2024\/10\/8-Ixone-Retes-300x200.jpg 300w, https:\/\/www.lab.eus\/wp-content\/uploads\/2024\/10\/8-Ixone-Retes-768x512.jpg 768w, https:\/\/www.lab.eus\/wp-content\/uploads\/2024\/10\/8-Ixone-Retes-150x100.jpg 150w, https:\/\/www.lab.eus\/wp-content\/uploads\/2024\/10\/8-Ixone-Retes-696x464.jpg 696w, https:\/\/www.lab.eus\/wp-content\/uploads\/2024\/10\/8-Ixone-Retes-1068x712.jpg 1068w, https:\/\/www.lab.eus\/wp-content\/uploads\/2024\/10\/8-Ixone-Retes.jpg 1280w\" sizes=\"auto, (max-width: 1024px) 100vw, 1024px\" \/><figcaption class=\"wp-element-caption\">Ixone Retes<\/figcaption><\/figure>\n<\/figure>\n\n\n\n<p>A continuaci\u00f3n volvi\u00f3 a tomar la palabra Lopetegi, precisando que la conciliaci\u00f3n de la acci\u00f3n sindical y la difusi\u00f3n son funciones que se alimentan mutuamente y se complementan. As\u00ed, se\u00f1al\u00f3 la necesidad de ampliar la base para ganar eficacia y alcanzar logros en las luchas y consolidar organizativamente los procesos de empoderamiento llevados a cabo en las luchas. En este sentido, pudimos conocer tres experiencias: la de los centros educativos de iniciativa social de la CAV (de la mano de Eneko Garmendia), la de los polideportivos de Gipuzkoa (de la mano de Ainara Etxabide) y la de intervenci\u00f3n social de Nafarroa (de la mano de Joseba Pagola).<\/p>\n\n\n\n<figure class=\"wp-block-gallery has-nested-images columns-default is-cropped wp-block-gallery-6 is-layout-flex wp-block-gallery-is-layout-flex\">\n<figure class=\"wp-block-image size-large\"><img loading=\"lazy\" decoding=\"async\" width=\"743\" height=\"661\" data-id=\"74103\" src=\"https:\/\/www.lab.eus\/wp-content\/uploads\/2024\/10\/9_Eneko.jpg\" alt=\"\" class=\"wp-image-74103\" srcset=\"https:\/\/www.lab.eus\/wp-content\/uploads\/2024\/10\/9_Eneko.jpg 743w, https:\/\/www.lab.eus\/wp-content\/uploads\/2024\/10\/9_Eneko-300x267.jpg 300w, https:\/\/www.lab.eus\/wp-content\/uploads\/2024\/10\/9_Eneko-150x133.jpg 150w, https:\/\/www.lab.eus\/wp-content\/uploads\/2024\/10\/9_Eneko-696x619.jpg 696w\" sizes=\"auto, (max-width: 743px) 100vw, 743px\" \/><figcaption class=\"wp-element-caption\">Eneko Garmendia<\/figcaption><\/figure>\n\n\n\n<figure class=\"wp-block-image size-large\"><img loading=\"lazy\" decoding=\"async\" width=\"1024\" height=\"626\" data-id=\"74105\" src=\"https:\/\/www.lab.eus\/wp-content\/uploads\/2024\/10\/10-Ainara-1024x626.jpg\" alt=\"\" class=\"wp-image-74105\" srcset=\"https:\/\/www.lab.eus\/wp-content\/uploads\/2024\/10\/10-Ainara-1024x626.jpg 1024w, https:\/\/www.lab.eus\/wp-content\/uploads\/2024\/10\/10-Ainara-300x183.jpg 300w, https:\/\/www.lab.eus\/wp-content\/uploads\/2024\/10\/10-Ainara-768x469.jpg 768w, https:\/\/www.lab.eus\/wp-content\/uploads\/2024\/10\/10-Ainara-150x92.jpg 150w, https:\/\/www.lab.eus\/wp-content\/uploads\/2024\/10\/10-Ainara-696x425.jpg 696w, https:\/\/www.lab.eus\/wp-content\/uploads\/2024\/10\/10-Ainara-1068x653.jpg 1068w, https:\/\/www.lab.eus\/wp-content\/uploads\/2024\/10\/10-Ainara.jpg 1101w\" sizes=\"auto, (max-width: 1024px) 100vw, 1024px\" \/><figcaption class=\"wp-element-caption\">Ainara Etxabide<\/figcaption><\/figure>\n\n\n\n<figure class=\"wp-block-image size-large\"><img loading=\"lazy\" decoding=\"async\" width=\"1024\" height=\"474\" data-id=\"74115\" src=\"https:\/\/www.lab.eus\/wp-content\/uploads\/2024\/10\/10_1-Joseba-Pagola-1024x474.jpg\" alt=\"\" class=\"wp-image-74115\" srcset=\"https:\/\/www.lab.eus\/wp-content\/uploads\/2024\/10\/10_1-Joseba-Pagola-1024x474.jpg 1024w, https:\/\/www.lab.eus\/wp-content\/uploads\/2024\/10\/10_1-Joseba-Pagola-300x139.jpg 300w, https:\/\/www.lab.eus\/wp-content\/uploads\/2024\/10\/10_1-Joseba-Pagola-768x355.jpg 768w, https:\/\/www.lab.eus\/wp-content\/uploads\/2024\/10\/10_1-Joseba-Pagola-1536x711.jpg 1536w, https:\/\/www.lab.eus\/wp-content\/uploads\/2024\/10\/10_1-Joseba-Pagola-2048x948.jpg 2048w, https:\/\/www.lab.eus\/wp-content\/uploads\/2024\/10\/10_1-Joseba-Pagola-150x69.jpg 150w, https:\/\/www.lab.eus\/wp-content\/uploads\/2024\/10\/10_1-Joseba-Pagola-696x322.jpg 696w, https:\/\/www.lab.eus\/wp-content\/uploads\/2024\/10\/10_1-Joseba-Pagola-1068x494.jpg 1068w, https:\/\/www.lab.eus\/wp-content\/uploads\/2024\/10\/10_1-Joseba-Pagola-1920x888.jpg 1920w\" sizes=\"auto, (max-width: 1024px) 100vw, 1024px\" \/><figcaption class=\"wp-element-caption\">Joseba Pagola<\/figcaption><\/figure>\n<\/figure>\n\n\n\n<p>En su \u00faltima intervenci\u00f3n, Izaskun Garc\u00eda aludi\u00f3 a la necesidad de combinar la lucha por el empleo digno con la lucha por unas condiciones de vida dignas, y en relaci\u00f3n a ello, Jaime Iribarren, de Acci\u00f3n Socia, dio a conocer la experiencias de la Asamblea de vivienda de Iru\u00f1erria y E\u00f1aut Aramendi hizo lo propio sobre el trabajo realizado en torno a la vivienda en Iparralde.<\/p>\n\n\n\n<figure class=\"wp-block-gallery has-nested-images columns-default is-cropped wp-block-gallery-7 is-layout-flex wp-block-gallery-is-layout-flex\">\n<figure class=\"wp-block-image size-large\"><img loading=\"lazy\" decoding=\"async\" width=\"755\" height=\"513\" data-id=\"74107\" src=\"https:\/\/www.lab.eus\/wp-content\/uploads\/2024\/10\/11-Jaime.jpg\" alt=\"\" class=\"wp-image-74107\" srcset=\"https:\/\/www.lab.eus\/wp-content\/uploads\/2024\/10\/11-Jaime.jpg 755w, https:\/\/www.lab.eus\/wp-content\/uploads\/2024\/10\/11-Jaime-300x204.jpg 300w, https:\/\/www.lab.eus\/wp-content\/uploads\/2024\/10\/11-Jaime-150x102.jpg 150w, https:\/\/www.lab.eus\/wp-content\/uploads\/2024\/10\/11-Jaime-696x473.jpg 696w\" sizes=\"auto, (max-width: 755px) 100vw, 755px\" \/><figcaption class=\"wp-element-caption\">Jaime Iribarren<\/figcaption><\/figure>\n\n\n\n<figure class=\"wp-block-image size-large\"><img loading=\"lazy\" decoding=\"async\" width=\"1024\" height=\"682\" data-id=\"74109\" src=\"https:\/\/www.lab.eus\/wp-content\/uploads\/2024\/10\/13-Enaut-1024x682.jpg\" alt=\"\" class=\"wp-image-74109\" srcset=\"https:\/\/www.lab.eus\/wp-content\/uploads\/2024\/10\/13-Enaut-1024x682.jpg 1024w, https:\/\/www.lab.eus\/wp-content\/uploads\/2024\/10\/13-Enaut-300x200.jpg 300w, https:\/\/www.lab.eus\/wp-content\/uploads\/2024\/10\/13-Enaut-768x512.jpg 768w, https:\/\/www.lab.eus\/wp-content\/uploads\/2024\/10\/13-Enaut-150x100.jpg 150w, https:\/\/www.lab.eus\/wp-content\/uploads\/2024\/10\/13-Enaut-696x464.jpg 696w, https:\/\/www.lab.eus\/wp-content\/uploads\/2024\/10\/13-Enaut-1068x712.jpg 1068w, https:\/\/www.lab.eus\/wp-content\/uploads\/2024\/10\/13-Enaut.jpg 1280w\" sizes=\"auto, (max-width: 1024px) 100vw, 1024px\" \/><figcaption class=\"wp-element-caption\">E\u00f1aut Aramendi<\/figcaption><\/figure>\n\n\n\n<figure class=\"wp-block-image size-large\"><img loading=\"lazy\" decoding=\"async\" width=\"1024\" height=\"682\" data-id=\"74111\" src=\"https:\/\/www.lab.eus\/wp-content\/uploads\/2024\/10\/14-Irakaspenak-1024x682.jpg\" alt=\"\" class=\"wp-image-74111\" srcset=\"https:\/\/www.lab.eus\/wp-content\/uploads\/2024\/10\/14-Irakaspenak-1024x682.jpg 1024w, https:\/\/www.lab.eus\/wp-content\/uploads\/2024\/10\/14-Irakaspenak-300x200.jpg 300w, https:\/\/www.lab.eus\/wp-content\/uploads\/2024\/10\/14-Irakaspenak-768x512.jpg 768w, https:\/\/www.lab.eus\/wp-content\/uploads\/2024\/10\/14-Irakaspenak-150x100.jpg 150w, https:\/\/www.lab.eus\/wp-content\/uploads\/2024\/10\/14-Irakaspenak-696x464.jpg 696w, https:\/\/www.lab.eus\/wp-content\/uploads\/2024\/10\/14-Irakaspenak-1068x712.jpg 1068w, https:\/\/www.lab.eus\/wp-content\/uploads\/2024\/10\/14-Irakaspenak.jpg 1280w\" sizes=\"auto, (max-width: 1024px) 100vw, 1024px\" \/><\/figure>\n<\/figure>\n\n\n\n<p>Por la tarde, realizamos 6 talleres como espacio para la reflexi\u00f3n y la formaci\u00f3n, en los que tratamos distintas l\u00edneas de trabajo que tiene abiertas LAB.<\/p>\n\n\n\n<figure class=\"wp-block-gallery has-nested-images columns-default is-cropped wp-block-gallery-8 is-layout-flex wp-block-gallery-is-layout-flex\">\n<figure class=\"wp-block-image size-large\"><img loading=\"lazy\" decoding=\"async\" width=\"1024\" height=\"683\" data-id=\"74122\" src=\"https:\/\/www.lab.eus\/wp-content\/uploads\/2024\/10\/20-Tailerrak_2-1024x683.jpeg\" alt=\"\" class=\"wp-image-74122\" srcset=\"https:\/\/www.lab.eus\/wp-content\/uploads\/2024\/10\/20-Tailerrak_2-1024x683.jpeg 1024w, https:\/\/www.lab.eus\/wp-content\/uploads\/2024\/10\/20-Tailerrak_2-300x200.jpeg 300w, https:\/\/www.lab.eus\/wp-content\/uploads\/2024\/10\/20-Tailerrak_2-768x512.jpeg 768w, https:\/\/www.lab.eus\/wp-content\/uploads\/2024\/10\/20-Tailerrak_2-1536x1024.jpeg 1536w, https:\/\/www.lab.eus\/wp-content\/uploads\/2024\/10\/20-Tailerrak_2-2048x1366.jpeg 2048w, https:\/\/www.lab.eus\/wp-content\/uploads\/2024\/10\/20-Tailerrak_2-150x100.jpeg 150w, https:\/\/www.lab.eus\/wp-content\/uploads\/2024\/10\/20-Tailerrak_2-696x464.jpeg 696w, https:\/\/www.lab.eus\/wp-content\/uploads\/2024\/10\/20-Tailerrak_2-1068x712.jpeg 1068w, https:\/\/www.lab.eus\/wp-content\/uploads\/2024\/10\/20-Tailerrak_2-1920x1280.jpeg 1920w\" sizes=\"auto, (max-width: 1024px) 100vw, 1024px\" \/><\/figure>\n\n\n\n<figure class=\"wp-block-image size-large\"><img loading=\"lazy\" decoding=\"async\" width=\"1024\" height=\"683\" data-id=\"74120\" src=\"https:\/\/www.lab.eus\/wp-content\/uploads\/2024\/10\/20-Tailerrak_4-1024x683.jpeg\" alt=\"\" class=\"wp-image-74120\" srcset=\"https:\/\/www.lab.eus\/wp-content\/uploads\/2024\/10\/20-Tailerrak_4-1024x683.jpeg 1024w, https:\/\/www.lab.eus\/wp-content\/uploads\/2024\/10\/20-Tailerrak_4-300x200.jpeg 300w, https:\/\/www.lab.eus\/wp-content\/uploads\/2024\/10\/20-Tailerrak_4-768x512.jpeg 768w, https:\/\/www.lab.eus\/wp-content\/uploads\/2024\/10\/20-Tailerrak_4-1536x1024.jpeg 1536w, https:\/\/www.lab.eus\/wp-content\/uploads\/2024\/10\/20-Tailerrak_4-2048x1366.jpeg 2048w, https:\/\/www.lab.eus\/wp-content\/uploads\/2024\/10\/20-Tailerrak_4-150x100.jpeg 150w, https:\/\/www.lab.eus\/wp-content\/uploads\/2024\/10\/20-Tailerrak_4-696x464.jpeg 696w, https:\/\/www.lab.eus\/wp-content\/uploads\/2024\/10\/20-Tailerrak_4-1068x712.jpeg 1068w, https:\/\/www.lab.eus\/wp-content\/uploads\/2024\/10\/20-Tailerrak_4-1920x1280.jpeg 1920w\" sizes=\"auto, (max-width: 1024px) 100vw, 1024px\" \/><\/figure>\n\n\n\n<figure class=\"wp-block-image size-large\"><img loading=\"lazy\" decoding=\"async\" width=\"1024\" height=\"683\" data-id=\"74118\" src=\"https:\/\/www.lab.eus\/wp-content\/uploads\/2024\/10\/20-Tailerrak_3-1024x683.jpeg\" alt=\"\" class=\"wp-image-74118\" srcset=\"https:\/\/www.lab.eus\/wp-content\/uploads\/2024\/10\/20-Tailerrak_3-1024x683.jpeg 1024w, https:\/\/www.lab.eus\/wp-content\/uploads\/2024\/10\/20-Tailerrak_3-300x200.jpeg 300w, https:\/\/www.lab.eus\/wp-content\/uploads\/2024\/10\/20-Tailerrak_3-768x512.jpeg 768w, https:\/\/www.lab.eus\/wp-content\/uploads\/2024\/10\/20-Tailerrak_3-1536x1024.jpeg 1536w, https:\/\/www.lab.eus\/wp-content\/uploads\/2024\/10\/20-Tailerrak_3-2048x1366.jpeg 2048w, https:\/\/www.lab.eus\/wp-content\/uploads\/2024\/10\/20-Tailerrak_3-150x100.jpeg 150w, https:\/\/www.lab.eus\/wp-content\/uploads\/2024\/10\/20-Tailerrak_3-696x464.jpeg 696w, https:\/\/www.lab.eus\/wp-content\/uploads\/2024\/10\/20-Tailerrak_3-1068x712.jpeg 1068w, https:\/\/www.lab.eus\/wp-content\/uploads\/2024\/10\/20-Tailerrak_3-1920x1280.jpeg 1920w\" sizes=\"auto, (max-width: 1024px) 100vw, 1024px\" \/><\/figure>\n<\/figure>\n\n\n\n<p>Finalizamos los encuentros con una fotograf\u00eda de familia para conmemorar la creaci\u00f3n de la Federaci\u00f3n Sindical Mundial, hace 79 a\u00f1os. <\/p>\n\n\n\n<figure class=\"wp-block-gallery has-nested-images columns-default is-cropped wp-block-gallery-9 is-layout-flex wp-block-gallery-is-layout-flex\">\n<figure class=\"wp-block-image size-large\"><img loading=\"lazy\" decoding=\"async\" width=\"1024\" height=\"462\" data-id=\"74129\" src=\"https:\/\/www.lab.eus\/wp-content\/uploads\/2024\/10\/2024-10-03-Munduko-Federazio-Sindikala_79-urte-1-1024x462.jpg\" alt=\"\" class=\"wp-image-74129\" srcset=\"https:\/\/www.lab.eus\/wp-content\/uploads\/2024\/10\/2024-10-03-Munduko-Federazio-Sindikala_79-urte-1-1024x462.jpg 1024w, https:\/\/www.lab.eus\/wp-content\/uploads\/2024\/10\/2024-10-03-Munduko-Federazio-Sindikala_79-urte-1-300x135.jpg 300w, https:\/\/www.lab.eus\/wp-content\/uploads\/2024\/10\/2024-10-03-Munduko-Federazio-Sindikala_79-urte-1-768x347.jpg 768w, https:\/\/www.lab.eus\/wp-content\/uploads\/2024\/10\/2024-10-03-Munduko-Federazio-Sindikala_79-urte-1-1536x693.jpg 1536w, https:\/\/www.lab.eus\/wp-content\/uploads\/2024\/10\/2024-10-03-Munduko-Federazio-Sindikala_79-urte-1-2048x924.jpg 2048w, https:\/\/www.lab.eus\/wp-content\/uploads\/2024\/10\/2024-10-03-Munduko-Federazio-Sindikala_79-urte-1-150x68.jpg 150w, https:\/\/www.lab.eus\/wp-content\/uploads\/2024\/10\/2024-10-03-Munduko-Federazio-Sindikala_79-urte-1-696x314.jpg 696w, https:\/\/www.lab.eus\/wp-content\/uploads\/2024\/10\/2024-10-03-Munduko-Federazio-Sindikala_79-urte-1-1068x482.jpg 1068w, https:\/\/www.lab.eus\/wp-content\/uploads\/2024\/10\/2024-10-03-Munduko-Federazio-Sindikala_79-urte-1-1920x867.jpg 1920w\" sizes=\"auto, (max-width: 1024px) 100vw, 1024px\" \/><\/figure>\n<\/figure>\n","protected":false},"excerpt":{"rendered":"<p>Ayer celebramos en Arrasate los Encuentros Sindicales dirigidos a liberadas, liberados, delegados y delegadas de LAB, con la participaci\u00f3n de 200 militantes del sindicato. As\u00ed, nos reunimos para enriquecer desde la formaci\u00f3n las decisiones m\u00e1s innovadoras que adoptamos en nuestro 10\u00aa Congreso celebrado en Baiona y en Miarritze en 2022. Tras la presentaci\u00f3n de Jagoba [&hellip;]<\/p>\n","protected":false},"author":1191,"featured_media":74124,"comment_status":"closed","ping_status":"closed","sticky":false,"template":"","format":"standard","meta":{"_monsterinsights_skip_tracking":false,"_monsterinsights_sitenote_active":false,"_monsterinsights_sitenote_note":"","_monsterinsights_sitenote_category":0,"footnotes":"","_links_to":"","_links_to_target":""},"categories":[18],"tags":[3033,3178,4954,3277,3529,4955],"class_list":{"0":"post-74132","1":"post","2":"type-post","3":"status-publish","4":"format-standard","5":"has-post-thumbnail","7":"category-es-accion-sindical","8":"tag-accion-sindical-es","9":"tag-destacado-1","10":"tag-encuentros-sindicales","11":"tag-garbine-aranburu-es","12":"tag-ipar-hegoa-2","13":"tag-sindicalismo-de-contrapoder"},"_links":{"self":[{"href":"https:\/\/www.lab.eus\/es\/wp-json\/wp\/v2\/posts\/74132","targetHints":{"allow":["GET"]}}],"collection":[{"href":"https:\/\/www.lab.eus\/es\/wp-json\/wp\/v2\/posts"}],"about":[{"href":"https:\/\/www.lab.eus\/es\/wp-json\/wp\/v2\/types\/post"}],"author":[{"embeddable":true,"href":"https:\/\/www.lab.eus\/es\/wp-json\/wp\/v2\/users\/1191"}],"replies":[{"embeddable":true,"href":"https:\/\/www.lab.eus\/es\/wp-json\/wp\/v2\/comments?post=74132"}],"version-history":[{"count":3,"href":"https:\/\/www.lab.eus\/es\/wp-json\/wp\/v2\/posts\/74132\/revisions"}],"predecessor-version":[{"id":74147,"href":"https:\/\/www.lab.eus\/es\/wp-json\/wp\/v2\/posts\/74132\/revisions\/74147"}],"wp:featuredmedia":[{"embeddable":true,"href":"https:\/\/www.lab.eus\/es\/wp-json\/wp\/v2\/media\/74124"}],"wp:attachment":[{"href":"https:\/\/www.lab.eus\/es\/wp-json\/wp\/v2\/media?parent=74132"}],"wp:term":[{"taxonomy":"category","embeddable":true,"href":"https:\/\/www.lab.eus\/es\/wp-json\/wp\/v2\/categories?post=74132"},{"taxonomy":"post_tag","embeddable":true,"href":"https:\/\/www.lab.eus\/es\/wp-json\/wp\/v2\/tags?post=74132"}],"curies":[{"name":"wp","href":"https:\/\/api.w.org\/{rel}","templated":true}]}}