{"id":73987,"date":"2024-10-01T11:32:19","date_gmt":"2024-10-01T11:32:19","guid":{"rendered":"https:\/\/www.lab.eus\/?p=73987"},"modified":"2024-10-01T11:32:20","modified_gmt":"2024-10-01T11:32:20","slug":"hemos-denunciado-la-muerte-de-otro-transportista-y-exigido-condiciones-laborales-dignas-en-el-sector","status":"publish","type":"post","link":"https:\/\/www.lab.eus\/es\/hemos-denunciado-la-muerte-de-otro-transportista-y-exigido-condiciones-laborales-dignas-en-el-sector\/","title":{"rendered":"Hemos denunciado la muerte de otro transportista y exigido condiciones laborales dignas en el sector"},"content":{"rendered":"\n<p>Hoy, 1 de octubre, la intersindical conformada por LAB, ESK, STEILAS, EHNE-ETXALDE e HIRU se ha movilizado ante la Diputaci\u00f3n Foral de Gipuzkoa para denunciar la muerte laboral de un transportista de Errenteria-Orereta el pasado jueves en Lodosa. En total, 43 trabajadoras y trabajadores han fallecido por accidente laboral en lo que llevamos de a\u00f1o, sin tener en cuenta las provocadas por enfermedades profesionales.<\/p>\n\n\n\n<figure class=\"wp-block-gallery has-nested-images columns-default is-cropped wp-block-gallery-1 is-layout-flex wp-block-gallery-is-layout-flex\">\n<figure class=\"wp-block-image size-large\"><img loading=\"lazy\" decoding=\"async\" width=\"1024\" height=\"683\" data-id=\"73984\" src=\"https:\/\/www.lab.eus\/wp-content\/uploads\/2024\/10\/IMG_05361-1024x683.jpg\" alt=\"\" class=\"wp-image-73984\" srcset=\"https:\/\/www.lab.eus\/wp-content\/uploads\/2024\/10\/IMG_05361-1024x683.jpg 1024w, https:\/\/www.lab.eus\/wp-content\/uploads\/2024\/10\/IMG_05361-300x200.jpg 300w, https:\/\/www.lab.eus\/wp-content\/uploads\/2024\/10\/IMG_05361-768x512.jpg 768w, https:\/\/www.lab.eus\/wp-content\/uploads\/2024\/10\/IMG_05361-1536x1024.jpg 1536w, https:\/\/www.lab.eus\/wp-content\/uploads\/2024\/10\/IMG_05361-2048x1365.jpg 2048w, https:\/\/www.lab.eus\/wp-content\/uploads\/2024\/10\/IMG_05361-150x100.jpg 150w, https:\/\/www.lab.eus\/wp-content\/uploads\/2024\/10\/IMG_05361-696x464.jpg 696w, https:\/\/www.lab.eus\/wp-content\/uploads\/2024\/10\/IMG_05361-1068x712.jpg 1068w, https:\/\/www.lab.eus\/wp-content\/uploads\/2024\/10\/IMG_05361-1920x1280.jpg 1920w\" sizes=\"auto, (max-width: 1024px) 100vw, 1024px\" \/><\/figure>\n\n\n\n<figure class=\"wp-block-image size-large\"><img loading=\"lazy\" decoding=\"async\" width=\"1024\" height=\"683\" data-id=\"73981\" src=\"https:\/\/www.lab.eus\/wp-content\/uploads\/2024\/10\/IMG_0520-1024x683.jpg\" alt=\"\" class=\"wp-image-73981\" srcset=\"https:\/\/www.lab.eus\/wp-content\/uploads\/2024\/10\/IMG_0520-1024x683.jpg 1024w, https:\/\/www.lab.eus\/wp-content\/uploads\/2024\/10\/IMG_0520-300x200.jpg 300w, https:\/\/www.lab.eus\/wp-content\/uploads\/2024\/10\/IMG_0520-768x512.jpg 768w, https:\/\/www.lab.eus\/wp-content\/uploads\/2024\/10\/IMG_0520-1536x1024.jpg 1536w, https:\/\/www.lab.eus\/wp-content\/uploads\/2024\/10\/IMG_0520-2048x1365.jpg 2048w, https:\/\/www.lab.eus\/wp-content\/uploads\/2024\/10\/IMG_0520-150x100.jpg 150w, https:\/\/www.lab.eus\/wp-content\/uploads\/2024\/10\/IMG_0520-696x464.jpg 696w, https:\/\/www.lab.eus\/wp-content\/uploads\/2024\/10\/IMG_0520-1068x712.jpg 1068w, https:\/\/www.lab.eus\/wp-content\/uploads\/2024\/10\/IMG_0520-1920x1280.jpg 1920w\" sizes=\"auto, (max-width: 1024px) 100vw, 1024px\" \/><\/figure>\n<\/figure>\n\n\n\n<p>Como venimos denunciando en los \u00faltimos a\u00f1os, en el sector del transporte la incidencia de accidentes es muy alta. Todos los a\u00f1os muere una media de 1 transportista cada mes. En lo que llevamos de 2024 son ya 10 transportistas los que han fallecido en accidente laboral.<\/p>\n\n\n\n<p>Hay varios factores detr\u00e1s de ello, pero hay una raz\u00f3n que prevalece sobre todas: la precariedad cada vez m\u00e1s extendida en el sector. Son muy precarias las condiciones laborales en el sector del transporte: las largas jornadas laborales, el estr\u00e9s, las presiones, el bajo precio que pagan por el transporte, las dificultades para hacer una dieta saludable consecuencia de condiciones de trabajo, etc. Todo esto aumenta las posibilidades de que ocurran accidentes y, el riesgo de sufrir problemas cardiovasculares, con los resultados que estamos viendo.<\/p>\n\n\n\n<p>Y esta situaci\u00f3n de precariedad en el transporte tiene responsables. En primer lugar, una patronal que mantiene una posici\u00f3n inmovilista para renovar el convenio del transporte por mercanc\u00edas. Llevamos m\u00e1s de 15 a\u00f1os sin mejorar las condiciones laborales de las y los transportistas del sector. El \u00faltimo convenio del sector de Gipuzkoa es del 2009. As\u00ed pues, no es de extra\u00f1ar el envejecimiento de las y los trabajdores del sector, lo que implica asimismo mayor riesgo a sufrir accidentes. No se ofrecen condiciones laborales dignas y atractivas a las nuevas generaciones. El transporte es un sector esencial, que dota de actividad a todas los dem\u00e1s. Y no puede tener condiciones laborales de hace 15 a\u00f1os.<\/p>\n\n\n\n<p>Y, por otro lado, las instituciones deben implicarse para terminar con la impunidad de la patronal y adoptar medidas para dignificar el sector, No pueden mirar para otro lado ante el elevado n\u00famero de muertes en el sector. De lo contrario ser\u00e1n c\u00f3mplices de lo que pas\u00f3 y de lo que pasar\u00e1.<\/p>\n","protected":false},"excerpt":{"rendered":"<p>Hoy, 1 de octubre, la intersindical conformada por LAB, ESK, STEILAS, EHNE-ETXALDE e HIRU se ha movilizado ante la Diputaci\u00f3n Foral de Gipuzkoa para denunciar la muerte laboral de un transportista de Errenteria-Orereta el pasado jueves en Lodosa. En total, 43 trabajadoras y trabajadores han fallecido por accidente laboral en lo que llevamos de a\u00f1o, sin tener en cuenta las provocadas por enfermedades profesionales.<\/p>\n","protected":false},"author":1191,"featured_media":73979,"comment_status":"closed","ping_status":"closed","sticky":false,"template":"","format":"standard","meta":{"_monsterinsights_skip_tracking":false,"_monsterinsights_sitenote_active":false,"_monsterinsights_sitenote_note":"","_monsterinsights_sitenote_category":0,"footnotes":"","_links_to":"","_links_to_target":""},"categories":[18,2867,15,2973,8,2958],"tags":[3033,3178,3083,3172],"class_list":{"0":"post-73987","1":"post","2":"type-post","3":"status-publish","4":"format-standard","5":"has-post-thumbnail","7":"category-es-accion-sindical","8":"category-federaciones","9":"category-es-salud-laboral","10":"category-secretarias","11":"category-es-servicios-privados","12":"category-transporte-de-mercancias","13":"tag-accion-sindical-es","14":"tag-destacado-1","15":"tag-salud-laboral-es","16":"tag-servicios-privados-es"},"_links":{"self":[{"href":"https:\/\/www.lab.eus\/es\/wp-json\/wp\/v2\/posts\/73987","targetHints":{"allow":["GET"]}}],"collection":[{"href":"https:\/\/www.lab.eus\/es\/wp-json\/wp\/v2\/posts"}],"about":[{"href":"https:\/\/www.lab.eus\/es\/wp-json\/wp\/v2\/types\/post"}],"author":[{"embeddable":true,"href":"https:\/\/www.lab.eus\/es\/wp-json\/wp\/v2\/users\/1191"}],"replies":[{"embeddable":true,"href":"https:\/\/www.lab.eus\/es\/wp-json\/wp\/v2\/comments?post=73987"}],"version-history":[{"count":1,"href":"https:\/\/www.lab.eus\/es\/wp-json\/wp\/v2\/posts\/73987\/revisions"}],"predecessor-version":[{"id":73988,"href":"https:\/\/www.lab.eus\/es\/wp-json\/wp\/v2\/posts\/73987\/revisions\/73988"}],"wp:featuredmedia":[{"embeddable":true,"href":"https:\/\/www.lab.eus\/es\/wp-json\/wp\/v2\/media\/73979"}],"wp:attachment":[{"href":"https:\/\/www.lab.eus\/es\/wp-json\/wp\/v2\/media?parent=73987"}],"wp:term":[{"taxonomy":"category","embeddable":true,"href":"https:\/\/www.lab.eus\/es\/wp-json\/wp\/v2\/categories?post=73987"},{"taxonomy":"post_tag","embeddable":true,"href":"https:\/\/www.lab.eus\/es\/wp-json\/wp\/v2\/tags?post=73987"}],"curies":[{"name":"wp","href":"https:\/\/api.w.org\/{rel}","templated":true}]}}