{"id":73828,"date":"2024-09-25T13:17:13","date_gmt":"2024-09-25T13:17:13","guid":{"rendered":"https:\/\/www.lab.eus\/?p=73828"},"modified":"2024-09-25T13:17:14","modified_gmt":"2024-09-25T13:17:14","slug":"es-hora-de-complementar-las-pensiones-minimas","status":"publish","type":"post","link":"https:\/\/www.lab.eus\/es\/es-hora-de-complementar-las-pensiones-minimas\/","title":{"rendered":"Es hora de complementar las pensiones m\u00ednimas"},"content":{"rendered":"\n<p>Desde el sindicato LAB nos sumamos a la Iniciativa Legislativa Popular presentada hoy por el Movimiento de Pensionistas de Euskal Herria y asegura que seguir\u00e1 luchando para que la pensi\u00f3n m\u00ednima se complemente de inmediato a 1080 \u20ac.<br><br>Hoy, en La Bolsa de Bilbao, pensionistas han comparedico ante los medios convocados por el Movimiento de Pensionistas de Euskal Herria. Durante a\u00f1os el Movimiento ha trabajado en la calle en la lucha por unas pensiones dignas y ha contado con la colaboraci\u00f3n del sindicato LAB, entre ellos la Huelga General llevada a cabo en enero de 2020.<br><br>En aquella Huelga General reivindicamos que se estableciera un salario y la pensi\u00f3n m\u00ednima para Euskal Herria, y as\u00ed lo hacemos tambi\u00e9n ahora. Los y las trabajadoras vascas tenemos derecho a vivir dignamente, por lo que necesitamos unos ingresos adecuados a nuestra realidad socioecon\u00f3mica, tanto durante nuestra vida laboral como al finalizar esta y jubilarnos. Para ello, LAB siempre hemos defendido la Seguridad Social propia y la necesidad de un Marco Vasco de Relaciones Laborales y Protecci\u00f3n Social.<br><br>En Euskal Herria podemos hacerlo posible. Hay base suficiente y margen para el consenso para dar nuevos pasos. Junto a las iniciativas de LAB para establecer un Salario M\u00ednimo propio, tambi\u00e9n se suma a la v\u00eda propuesta por el Movimiento de Pensionistas de Euskal Herria para complementar la pensi\u00f3n m\u00ednima en la Comunidad Aut\u00f3noma Vasca a 1080 \u20ac. del mismo modo, el sindicato tambi\u00e9n presionar\u00e1 para que se materialice el acuerdo entre el Gobierno y EHBildu pendiente de desarrollo en Navarra.<br><br>Es urgente complementar las pensiones m\u00ednimas. Tomando como referencia el salario m\u00ednimo, este complemento debe garantizarse de forma estructural y al margen de la prestaci\u00f3n de la RGI, para contribuir a las pensiones contributivas y no contributivas y hacer frente a la brecha de g\u00e9nero.<br><br>Ahora que desde Madrid est\u00e1n recortando permanentemente el sistema de pensiones, es tiempo de apostar por las trabajadoras, por un trabajo y una vida dignas.<\/p>\n","protected":false},"excerpt":{"rendered":"<p>El sindicato se suma a la Iniciativa Legislativa Popular presentada hoy por el Movimiento de Pensionistas de Euskal Herria y asegura que seguir\u00e1 luchando para que la pensi\u00f3n m\u00ednima se complemente de inmediato a 1080 \u20ac.<\/p>\n","protected":false},"author":1191,"featured_media":55832,"comment_status":"closed","ping_status":"closed","sticky":false,"template":"","format":"standard","meta":{"_monsterinsights_skip_tracking":false,"_monsterinsights_sitenote_active":false,"_monsterinsights_sitenote_note":"","_monsterinsights_sitenote_category":0,"footnotes":"","_links_to":"","_links_to_target":""},"categories":[2994,22],"tags":[3182,3178,3202],"class_list":{"0":"post-73828","1":"post","2":"type-post","3":"status-publish","4":"format-standard","5":"has-post-thumbnail","7":"category-accion-social","8":"category-es-pensionistas","9":"tag-accion-social-es","10":"tag-destacado-1","11":"tag-pensiones"},"_links":{"self":[{"href":"https:\/\/www.lab.eus\/es\/wp-json\/wp\/v2\/posts\/73828","targetHints":{"allow":["GET"]}}],"collection":[{"href":"https:\/\/www.lab.eus\/es\/wp-json\/wp\/v2\/posts"}],"about":[{"href":"https:\/\/www.lab.eus\/es\/wp-json\/wp\/v2\/types\/post"}],"author":[{"embeddable":true,"href":"https:\/\/www.lab.eus\/es\/wp-json\/wp\/v2\/users\/1191"}],"replies":[{"embeddable":true,"href":"https:\/\/www.lab.eus\/es\/wp-json\/wp\/v2\/comments?post=73828"}],"version-history":[{"count":1,"href":"https:\/\/www.lab.eus\/es\/wp-json\/wp\/v2\/posts\/73828\/revisions"}],"predecessor-version":[{"id":73829,"href":"https:\/\/www.lab.eus\/es\/wp-json\/wp\/v2\/posts\/73828\/revisions\/73829"}],"wp:featuredmedia":[{"embeddable":true,"href":"https:\/\/www.lab.eus\/es\/wp-json\/wp\/v2\/media\/55832"}],"wp:attachment":[{"href":"https:\/\/www.lab.eus\/es\/wp-json\/wp\/v2\/media?parent=73828"}],"wp:term":[{"taxonomy":"category","embeddable":true,"href":"https:\/\/www.lab.eus\/es\/wp-json\/wp\/v2\/categories?post=73828"},{"taxonomy":"post_tag","embeddable":true,"href":"https:\/\/www.lab.eus\/es\/wp-json\/wp\/v2\/tags?post=73828"}],"curies":[{"name":"wp","href":"https:\/\/api.w.org\/{rel}","templated":true}]}}