{"id":73632,"date":"2024-09-23T15:19:13","date_gmt":"2024-09-23T15:19:13","guid":{"rendered":"https:\/\/www.lab.eus\/?p=73632"},"modified":"2024-09-23T15:19:15","modified_gmt":"2024-09-23T15:19:15","slug":"frente-al-negocio-y-a-la-instrumentalizacion-derechos-para-todas","status":"publish","type":"post","link":"https:\/\/www.lab.eus\/es\/frente-al-negocio-y-a-la-instrumentalizacion-derechos-para-todas\/","title":{"rendered":"Frente al negocio y a la instrumentalizaci\u00f3n, derechos para todas"},"content":{"rendered":"\n<p>Este 23 de septiembre, d\u00eda mundial contra la trata con fines de prostituci\u00f3n forzada, desde el sindicato LAB reiteramos nuestra posici\u00f3n en contra de todo tipo de trata: prostituci\u00f3n forzada, trabajos forzosos, matrimonio forzoso, trata de \u00f3rganos y trata con fines de mendicidad. Tambi\u00e9n queremos denunciar los abordajes insuficientes y fallidos que se siguen cometiendo, desde las instituciones, para acabar con este crimen, as\u00ed como su instrumentalizaci\u00f3n por parte de partidos pol\u00edticos y asociaciones.<\/p>\n\n\n\n<p>La Europa Fortaleza que \u201cavanza\u201d con la securitizaci\u00f3n de las fronteras y la criminalizaci\u00f3n de la movilidad de las personas (sobre todo de las que vienen de territorios empobrecidos) no s\u00f3lo no ha logrado combatir la trata de personas sino que la consolida como uno de los grandes negocios de esta era en la que, para diferentes fines, se mercadea con vidas humanas. La Ley de Extranjer\u00eda es la que genera la dependencia de las personas sin recursos hacia figuras oportunistas; redes de trata y redes mafiosas de tr\u00e1fico ilegal, que les facilitan la llegada a Europa a cambio de una elevada deuda migratoria, cuya devoluci\u00f3n implica amenazas, coacci\u00f3n y explotaci\u00f3n. La misma Ley de Extranjer\u00eda les exige, para su permanencia en Europa, una denuncia que pondr\u00e1 en riesgo su vida y la de sus familiares, as\u00ed como la aportaci\u00f3n de informaci\u00f3n \u00fatil y novedosa para la investigaci\u00f3n.<\/p>\n\n\n\n<p>Se\u00f1alamos c\u00f3mo el discurso abolicionista de la prostituci\u00f3n no hace ning\u00fan hincapi\u00e9 en los procesos migratorios, dando a entender que la trata acabar\u00eda si se terminase con la demanda de servicios sexuales y que, en funci\u00f3n de estudios sin rigor metodol\u00f3gico (como el que present\u00f3 la semana pasada la Ministra de Igualdad) se instrumentaliza la trata para criminalizar el trabajo sexual. Denunciamos que se invisibilicen a las v\u00edctimas de otros tipos de trata y a todos los entramados que las sostienen y se lucran con su existencia.<\/p>\n\n\n\n<p>La econom\u00eda sumergida, la subalternizaci\u00f3n y la marginalidad exponen a estas personas a circuitos de mayor desprotecci\u00f3n y vulnerabilidad. Sacarles de estas redes implica mucho m\u00e1s que subvenciones cuantiosas para el lavado de cara de instituciones: implica dise\u00f1ar un conjunto de pol\u00edticas p\u00fablicas con perspectiva integral que abarquen la garant\u00eda de acceso a diferentes derechos fundamentales.<\/p>\n\n\n\n<p>Lo que necesitan las v\u00edctimas de trata no es p\u00e1nico moral, sino que se las deje de instrumentalizar en la cruzada contra el trabajo sexual, pues una ley punitivista tambi\u00e9n las enviar\u00e1 a ellas a la clandestinidad.<\/p>\n","protected":false},"excerpt":{"rendered":"<p>Este 23 de septiembre, d\u00eda mundial contra la trata con fines de prostituci\u00f3n forzada, desde el sindicato LAB reiteramos nuestra posici\u00f3n en contra de todo tipo de trata: prostituci\u00f3n forzada, trabajos forzosos, matrimonio forzoso, trata de \u00f3rganos y trata con fines de mendicidad. Tambi\u00e9n queremos denunciar los abordajes insuficientes y fallidos que se siguen cometiendo, desde las instituciones, para acabar con este crimen, as\u00ed como su instrumentalizaci\u00f3n por parte de partidos pol\u00edticos y asociaciones.<\/p>\n","protected":false},"author":1191,"featured_media":19732,"comment_status":"closed","ping_status":"closed","sticky":false,"template":"","format":"standard","meta":{"_monsterinsights_skip_tracking":false,"_monsterinsights_sitenote_active":false,"_monsterinsights_sitenote_note":"","_monsterinsights_sitenote_category":0,"footnotes":"","_links_to":"","_links_to_target":""},"categories":[2994],"tags":[4928,3182,3178,4926,4927],"class_list":{"0":"post-73632","1":"post","2":"type-post","3":"status-publish","4":"format-standard","5":"has-post-thumbnail","7":"category-accion-social","8":"tag-23-de-septiembre","9":"tag-accion-social-es","10":"tag-destacado-1","11":"tag-trata","12":"tag-trata-con-fines-de-prostitucion-forzada"},"_links":{"self":[{"href":"https:\/\/www.lab.eus\/es\/wp-json\/wp\/v2\/posts\/73632","targetHints":{"allow":["GET"]}}],"collection":[{"href":"https:\/\/www.lab.eus\/es\/wp-json\/wp\/v2\/posts"}],"about":[{"href":"https:\/\/www.lab.eus\/es\/wp-json\/wp\/v2\/types\/post"}],"author":[{"embeddable":true,"href":"https:\/\/www.lab.eus\/es\/wp-json\/wp\/v2\/users\/1191"}],"replies":[{"embeddable":true,"href":"https:\/\/www.lab.eus\/es\/wp-json\/wp\/v2\/comments?post=73632"}],"version-history":[{"count":1,"href":"https:\/\/www.lab.eus\/es\/wp-json\/wp\/v2\/posts\/73632\/revisions"}],"predecessor-version":[{"id":73633,"href":"https:\/\/www.lab.eus\/es\/wp-json\/wp\/v2\/posts\/73632\/revisions\/73633"}],"wp:featuredmedia":[{"embeddable":true,"href":"https:\/\/www.lab.eus\/es\/wp-json\/wp\/v2\/media\/19732"}],"wp:attachment":[{"href":"https:\/\/www.lab.eus\/es\/wp-json\/wp\/v2\/media?parent=73632"}],"wp:term":[{"taxonomy":"category","embeddable":true,"href":"https:\/\/www.lab.eus\/es\/wp-json\/wp\/v2\/categories?post=73632"},{"taxonomy":"post_tag","embeddable":true,"href":"https:\/\/www.lab.eus\/es\/wp-json\/wp\/v2\/tags?post=73632"}],"curies":[{"name":"wp","href":"https:\/\/api.w.org\/{rel}","templated":true}]}}