{"id":73605,"date":"2024-09-19T09:44:20","date_gmt":"2024-09-19T09:44:20","guid":{"rendered":"https:\/\/www.lab.eus\/?p=73605"},"modified":"2024-09-19T09:44:29","modified_gmt":"2024-09-19T09:44:29","slug":"hemos-impugnado-el-pliego-tecnico-del-ayuntamiento-de-bilbao-relativo-al-mantenimiento-electrico-de-la-villa-por-incumplimiento-de-convenio","status":"publish","type":"post","link":"https:\/\/www.lab.eus\/es\/hemos-impugnado-el-pliego-tecnico-del-ayuntamiento-de-bilbao-relativo-al-mantenimiento-electrico-de-la-villa-por-incumplimiento-de-convenio\/","title":{"rendered":"Hemos impugnado el pliego t\u00e9cnico del Ayuntamiento de Bilbao relativo al mantenimiento el\u00e9ctrico de la villa por incumplimiento de convenio"},"content":{"rendered":"\n<p>Con fecha de 04 de septiembre de 2024 el ayuntamiento de Bilbao hizo p\u00fablicos los pliegos t\u00e9cnicos de la nueva licitaci\u00f3n del servicio de mantenimiento y conservaci\u00f3n del alumbrado p\u00fablico e instalaciones el\u00e9ctricas y auxiliares en la villa de Bilbao. En dichos pliegos aparecen como personal subrogable 39 personas trabajadoras de la UTE Bilboko Argiak, excluyendo del listado de subrogaci\u00f3n a las 9 personas adscritas a la secci\u00f3n de obras del servicio de mantenimiento el\u00e9ctrico.<\/p>\n\n\n\n<p>Se da la circunstancia de que el personal no subrogado tuvo un papel muy activo en la huelga de 98 d\u00edas que las personas trabajadoras de la UTE Bilboko Argiak protagonizaron en el a\u00f1o 2021.<\/p>\n\n\n\n<p>Las personas trabajadoras no incluidas en la subrogaci\u00f3n llevan varios a\u00f1os trabajando en exclusiva para el servicio de mantenimiento el\u00e9ctrico de Bilbao. El Convenio Colectivo de la Industria Siderometal\u00fargica de Bizkaia, incluido como anexo en los propios pliegos, establece que \u201ca la finalizaci\u00f3n de un contrato de mantenimiento (&#8230;) las personas trabajadoras que vinieran realizando los citados trabajos de mantenimiento o instalaci\u00f3n con car\u00e1cter permanente, continuado y exclusivamente para la empresa principal, ya sea p\u00fablica o privada, tendr\u00e1n derecho a pasar a la nueva adjudicataria, subrog\u00e1ndose\u201d. Adem\u00e1s, incluso en aplicaci\u00f3n de la legislaci\u00f3n general nos encontrar\u00edamos ante una unidad productiva aut\u00f3noma que comprende el conjunto de la plantilla adscrita al contrato de mantenimiento de las instalaciones de alumbrado exterior del ayuntamiento de Bilbao, de forma que todo el personal adscrito a la misma debiera ser objeto de subrogaci\u00f3n por parte de la nueva adjudicataria.<\/p>\n\n\n\n<p>Actualmente, la representaci\u00f3n de la plantilla de la UTE Bilboko Argiak la ostentan los sindicatos LAB y ELA. Desde LAB nos hemos puesto en contacto con concejales del ayuntamiento de Bilbao para pedir formalmente una reuni\u00f3n con el personal t\u00e9cnico que ha redactado los pliegos de la nueva licitaci\u00f3n al objeto de que se incluya en el listado de subrogaci\u00f3n a las 9 personas que actualmente permanecen excluidas. Por ahora no hemos obtenido respuesta a nuestra solicitud, por lo que ante la premura de los plazos para presentar recurso a los pliegos, LAB ha decidido impugnarlos.<\/p>\n\n\n\n<p>En cualquier caso, la voluntad de LAB es solucionar esta cuesti\u00f3n a trav\u00e9s del di\u00e1logo con los t\u00e9cnicos del ayuntamiento, traslad\u00e1ndoles que el listado actual de subrogaci\u00f3n contenido en los pliegos no es acorde a lo establecido en el convenio colectivo de aplicaci\u00f3n ni al Estatuto de los Trabajadores.<\/p>\n\n\n\n<p>No obstante, en caso de que desde el ayuntamiento de Bilbao no se corrigiesen los pliegos actuales, desde LAB seguir\u00edamos adelante con la impugnaci\u00f3n de los pliegos al tiempo que anunciar\u00edamos un calendario de movilizaciones dirigidas a conseguir la subrogaci\u00f3n de toda la plantilla de Bilboko Argiak.<\/p>\n","protected":false},"excerpt":{"rendered":"<p>Con fecha de 04 de septiembre de 2024 el ayuntamiento de Bilbao hizo p\u00fablicos los pliegos t\u00e9cnicos de la nueva licitaci\u00f3n del servicio de mantenimiento y conservaci\u00f3n del alumbrado p\u00fablico e instalaciones el\u00e9ctricas y auxiliares en la villa de Bilbao. En dichos pliegos aparecen como personal subrogable 39 personas trabajadoras de la UTE Bilboko Argiak, excluyendo del listado de subrogaci\u00f3n a las 9 personas adscritas a la secci\u00f3n de obras del servicio de mantenimiento el\u00e9ctrico.<\/p>\n","protected":false},"author":1191,"featured_media":37443,"comment_status":"closed","ping_status":"closed","sticky":false,"template":"","format":"standard","meta":{"_monsterinsights_skip_tracking":false,"_monsterinsights_sitenote_active":false,"_monsterinsights_sitenote_note":"","_monsterinsights_sitenote_category":0,"footnotes":"","_links_to":"","_links_to_target":""},"categories":[18,2867,2868],"tags":[3033,3448,3178,2996,4921],"class_list":{"0":"post-73605","1":"post","2":"type-post","3":"status-publish","4":"format-standard","5":"has-post-thumbnail","7":"category-es-accion-sindical","8":"category-federaciones","9":"category-industria-es","10":"tag-accion-sindical-es","11":"tag-bilboko-argiak","12":"tag-destacado-1","13":"tag-industria-es","14":"tag-ute-bilboko-argiak"},"_links":{"self":[{"href":"https:\/\/www.lab.eus\/es\/wp-json\/wp\/v2\/posts\/73605","targetHints":{"allow":["GET"]}}],"collection":[{"href":"https:\/\/www.lab.eus\/es\/wp-json\/wp\/v2\/posts"}],"about":[{"href":"https:\/\/www.lab.eus\/es\/wp-json\/wp\/v2\/types\/post"}],"author":[{"embeddable":true,"href":"https:\/\/www.lab.eus\/es\/wp-json\/wp\/v2\/users\/1191"}],"replies":[{"embeddable":true,"href":"https:\/\/www.lab.eus\/es\/wp-json\/wp\/v2\/comments?post=73605"}],"version-history":[{"count":1,"href":"https:\/\/www.lab.eus\/es\/wp-json\/wp\/v2\/posts\/73605\/revisions"}],"predecessor-version":[{"id":73606,"href":"https:\/\/www.lab.eus\/es\/wp-json\/wp\/v2\/posts\/73605\/revisions\/73606"}],"wp:featuredmedia":[{"embeddable":true,"href":"https:\/\/www.lab.eus\/es\/wp-json\/wp\/v2\/media\/37443"}],"wp:attachment":[{"href":"https:\/\/www.lab.eus\/es\/wp-json\/wp\/v2\/media?parent=73605"}],"wp:term":[{"taxonomy":"category","embeddable":true,"href":"https:\/\/www.lab.eus\/es\/wp-json\/wp\/v2\/categories?post=73605"},{"taxonomy":"post_tag","embeddable":true,"href":"https:\/\/www.lab.eus\/es\/wp-json\/wp\/v2\/tags?post=73605"}],"curies":[{"name":"wp","href":"https:\/\/api.w.org\/{rel}","templated":true}]}}