{"id":73571,"date":"2024-09-18T10:42:34","date_gmt":"2024-09-18T10:42:34","guid":{"rendered":"https:\/\/www.lab.eus\/?p=73571"},"modified":"2024-09-18T10:42:35","modified_gmt":"2024-09-18T10:42:35","slug":"a-partir-de-la-semana-que-viene-pondremos-en-marcha-un-ciclo-de-movilizaciones-en-fekoor","status":"publish","type":"post","link":"https:\/\/www.lab.eus\/es\/a-partir-de-la-semana-que-viene-pondremos-en-marcha-un-ciclo-de-movilizaciones-en-fekoor\/","title":{"rendered":"A partir de la semana que viene pondremos en marcha un ciclo de movilizaciones en Fekoor"},"content":{"rendered":"\n<p>Los y las trabajadoras de la Federaci\u00f3n Coordinadora de Personas con Discapacidad F\u00edsica y\/o Org\u00e1nica de Bizkaia reclaman un convenio propio.<\/p>\n\n\n\n<p>Las plantilla de Fekoor lleva luchando por un convenio propio desde diciembre de 2023. Mientras en otras empresas vizca\u00ednas centradas en la diversidad funcional como Gorabide, Apnabi y Gaude han mejorado sus condiciones laborales a trav\u00e9s de convenios de empresa, las condiciones laborales de los trabajadores y las trabajadoras de Fekoor est\u00e1n todav\u00eda condicionadas por el Convenio Estatal de Atenci\u00f3n a Personas con Diversidad, ya que la direcci\u00f3n de Fekoor no quiere firmar un convenio de empresa con las personas trabajadoras. La diferencia entre un convenio de \u00e1mbito estatal y un convenio propio de empresa es abismal, es decir, la jornada anual de las asociaciones anteriormente mencionadas es de 1592 horas, mientras que el personal de Fekoor trabaja 1680 horas anuales. Gorabide, Apnabi y Gaude han tenido una subida media del 20% del IPC, y la subida salarial de las personas trabajadoras de Fekoor en los pr\u00f3ximos tres a\u00f1os ser\u00e1 del 3,75%.<\/p>\n\n\n\n<p><a><\/a> El Departamento de Acci\u00f3n Social de la Diputaci\u00f3n Foral de Bizkaia, es la administraci\u00f3n p\u00fablica responsable de las asociaciones centradas en la Diversidad Funcional, por lo que se trata de un servicio p\u00fablico privatizado. La Diputaci\u00f3n subcontrata servicios que deben ser p\u00fablicos y estas subcontratas dan la espalda a las demandas de las personas trabajadoras . Por si esto fuera poco, el convenio del Estado espa\u00f1ol precariza las condiciones laborales y de vida de las personas trabajadoras, as\u00ed como las condiciones de vida y los servicios que prestan a las y los usuarios que atienden.<br><br>Por todo ello, las trabajadoras y los trabajadores de Fekoor han iniciado un ciclo de lucha. Este ciclo de lucha para la consecuci\u00f3n de un convenio propio se desarrollar\u00e1 entre septiembre y octubre.<\/p>\n\n\n\n<p><strong>26 <\/strong><strong>de <\/strong><strong>SEPTIEMBRE, <\/strong><strong>jueves.<\/strong> Paro<\/p>\n\n\n\n<p>7:15 Concentraci\u00f3n ante Etxegoki (Avenida Txomin Garat 42)<\/p>\n\n\n\n<p>9:30 Concentraci\u00f3n ante Arbolarte (Blas de Otero 63)<\/p>\n\n\n\n<p>10:45 Concentraci\u00f3n ante el palacio de la Diputaci\u00f3n Foral de Bizkaia.<\/p>\n\n\n\n<p><strong>27 de <\/strong><strong>SEPTIEMBRE, <\/strong><strong>viernes. Paro<\/strong><\/p>\n\n\n\n<p>7:15 Concentraci\u00f3n ante Etxegoki (Avenida Txomin Garat, 42)<\/p>\n\n\n\n<p>9:30 Concentraci\u00f3n ante Arbolarte (Blas de Otero, 63)<\/p>\n\n\n\n<p>10:45 Manifestaci\u00f3n desde Arbolarte a la sede de Acci\u00f3n Social de la Diputaci\u00f3n Foral de Bizkaia (Ugasko Bidea, 5)<\/p>\n\n\n\n<p><strong>30 <\/strong><strong>de<\/strong><strong> SEPTIEMBRE, <\/strong><strong>lunes<\/strong><\/p>\n\n\n\n<p>7:00 Caravana de coches<\/p>\n\n\n\n<p>11:00 Concentraci\u00f3n ante Arbolarte (Blas de Otero, 63)<\/p>\n\n\n\n<p><strong>1 de OCTUBRE<\/strong><strong>, <\/strong><strong>martes<\/strong><\/p>\n\n\n\n<p>9:30 Concentraci\u00f3n ante Arbolarte (Blas de Otero, 63)<\/p>\n\n\n\n<p><strong>3 <\/strong><strong>de<\/strong><strong> OCTUBRE, <\/strong><strong>jueves. Paro<\/strong><\/p>\n\n\n\n<p>7:15 Concentraci\u00f3n ante Etxegoki (Avenida Txomin Garat, 42)<\/p>\n\n\n\n<p>9:30 Concentraci\u00f3n ante Arbolarte (Blas de Otero, 63)<\/p>\n\n\n\n<p>10:45 Concentraci\u00f3n ante el palacio de la Diputaci\u00f3n Foral de Bizkaia<\/p>\n\n\n\n<p><strong>4 <\/strong><strong>de <\/strong><strong>OCTUBRE, <\/strong><strong>viernes. Paro<\/strong><\/p>\n\n\n\n<p>7:15 Concentraci\u00f3n ante Etxegoki (Avenida Txomin Garat, 42)<\/p>\n\n\n\n<p>9:30 Concentraci\u00f3n ante Arbolarte (Blas de Otero, 63)<\/p>\n\n\n\n<p>10:45 Manifestaci\u00f3n desde Arbolarte a la sede de Acci\u00f3n Social de la Diputaci\u00f3n Foral de Bizkaia (Ugasko Bidea, 5)<\/p>\n","protected":false},"excerpt":{"rendered":"<p>Los y las trabajadoras de la Federaci\u00f3n Coordinadora de Personas con Discapacidad F\u00edsica y\/o Org\u00e1nica de Bizkaia reclaman un convenio propio.<\/p>\n","protected":false},"author":1191,"featured_media":73566,"comment_status":"closed","ping_status":"closed","sticky":false,"template":"","format":"standard","meta":{"_monsterinsights_skip_tracking":false,"_monsterinsights_sitenote_active":false,"_monsterinsights_sitenote_note":"","_monsterinsights_sitenote_category":0,"footnotes":"","_links_to":"","_links_to_target":""},"categories":[18,2867,3119,6],"tags":[3033,3178,4920,3220],"class_list":{"0":"post-73571","1":"post","2":"type-post","3":"status-publish","4":"format-standard","5":"has-post-thumbnail","7":"category-es-accion-sindical","8":"category-federaciones","9":"category-intervencion-y-accion-social","10":"category-es-servicios-publicos","11":"tag-accion-sindical-es","12":"tag-destacado-1","13":"tag-fekoor","14":"tag-intervencion-social"},"_links":{"self":[{"href":"https:\/\/www.lab.eus\/es\/wp-json\/wp\/v2\/posts\/73571","targetHints":{"allow":["GET"]}}],"collection":[{"href":"https:\/\/www.lab.eus\/es\/wp-json\/wp\/v2\/posts"}],"about":[{"href":"https:\/\/www.lab.eus\/es\/wp-json\/wp\/v2\/types\/post"}],"author":[{"embeddable":true,"href":"https:\/\/www.lab.eus\/es\/wp-json\/wp\/v2\/users\/1191"}],"replies":[{"embeddable":true,"href":"https:\/\/www.lab.eus\/es\/wp-json\/wp\/v2\/comments?post=73571"}],"version-history":[{"count":1,"href":"https:\/\/www.lab.eus\/es\/wp-json\/wp\/v2\/posts\/73571\/revisions"}],"predecessor-version":[{"id":73574,"href":"https:\/\/www.lab.eus\/es\/wp-json\/wp\/v2\/posts\/73571\/revisions\/73574"}],"wp:featuredmedia":[{"embeddable":true,"href":"https:\/\/www.lab.eus\/es\/wp-json\/wp\/v2\/media\/73566"}],"wp:attachment":[{"href":"https:\/\/www.lab.eus\/es\/wp-json\/wp\/v2\/media?parent=73571"}],"wp:term":[{"taxonomy":"category","embeddable":true,"href":"https:\/\/www.lab.eus\/es\/wp-json\/wp\/v2\/categories?post=73571"},{"taxonomy":"post_tag","embeddable":true,"href":"https:\/\/www.lab.eus\/es\/wp-json\/wp\/v2\/tags?post=73571"}],"curies":[{"name":"wp","href":"https:\/\/api.w.org\/{rel}","templated":true}]}}