{"id":73508,"date":"2024-09-17T13:28:26","date_gmt":"2024-09-17T13:28:26","guid":{"rendered":"https:\/\/www.lab.eus\/?p=73508"},"modified":"2024-09-17T13:28:27","modified_gmt":"2024-09-17T13:28:27","slug":"el-comite-de-huelga-del-paro-del-26-de-septiembre-en-la-ensenanza-publica-navarra-solicita-una-reunion-con-la-presidenta-chivite-para-dar-paso-a-una-negociacion-real","status":"publish","type":"post","link":"https:\/\/www.lab.eus\/es\/el-comite-de-huelga-del-paro-del-26-de-septiembre-en-la-ensenanza-publica-navarra-solicita-una-reunion-con-la-presidenta-chivite-para-dar-paso-a-una-negociacion-real\/","title":{"rendered":"El Comit\u00e9 de Huelga del paro del 26 de septiembre en la Ense\u00f1anza p\u00fablica navarra solicita una reuni\u00f3n con la presidenta Chivite para dar paso a una negociaci\u00f3n real"},"content":{"rendered":"\n<p>Representantes de todos los sindicatos de la educaci\u00f3n p\u00fablica navarra (LAB, Steilas, ANPE, AFAPNA, CCOO, ELA y UGT) hemos ofrecido esta ma\u00f1ana una rueda de prensa en Iru\u00f1ea en la que hemos informado de que el Comit\u00e9 de Huelga creado de cara a la huelga del pr\u00f3ximo 26 de septiembre ha registrado una petici\u00f3n formal para reunirse con la presidenta del Gobierno de Nafarroa Mar\u00eda Chivite, con el objetivo de impulsar una negociaci\u00f3n real en torno a las mejoras necesarias en el sector. Adem\u00e1s, la ma\u00f1ana del 26 de septiembre habr\u00e1 movilizaciones en las cabezas de comarca, y una manifestaci\u00f3n en Iru\u00f1ea por la tarde.<\/p>\n\n\n\n<p>En la comparecencia de hoy la intersidical de la ense\u00f1anza p\u00fablica ha explicado que los sindicatos llevamos muchos meses intentando negociar con el Departamento de Educaci\u00f3n, y que hemos participado con nuestra mejor voluntad en todos los grupos de trabajo que se les han propuesto, pero que ante la nula respuesta del departamento, hemos acordado por unanimidad convocar una jornada de movilizaciones para conseguir iniciar una negociaci\u00f3n real entre los sindicatos y el Gobierno de Nafarroa.<\/p>\n\n\n\n<p>\u201cNos movilizamos para mejorar las condiciones en las que el profesorado de la ense\u00f1anza p\u00fablica debe atender a todo el alumnado\u201d, han remarcado los y las representantes sindicales. \u201cCon ello pretendemos que se mejore la calidad del servicio p\u00fablico que prestamos a la sociedad navarra. \u00bfAlguien duda de que la bajada de ratios, el descenso de la sobrecarga laboral y unas plantillas docentes m\u00e1s estables no beneficiar\u00e1n a nuestro alumnado y a toda la comunidad educativa?\u201d.<\/p>\n\n\n\n<p>Los sindicatos registramos la huelga el pasado 6 de septiembre -cuya fecha ya avanzamos en rueda de prensa el 27 de junio-, pero, desde entonces, ni el Departamento de Educaci\u00f3n ni el Gobierno de Nafarroa se han puesto en contacto. Por ello, ayer registramos la petici\u00f3n de una reuni\u00f3n del Comit\u00e9 de Huelga con la Presidenta Mar\u00eda Chivite, manifestando nuestra disposici\u00f3n a una negociaci\u00f3n real.<\/p>\n\n\n\n<p>Los y las representantes sindicales est\u00e1n visitando todos los centros educativos p\u00fablicos de Nafarroa, haciendo decenas de asambleas y compartiendo las reivindicaciones con miles de docentes. El respaldo a las reivindicaciones est\u00e1 siendo un\u00e1nime. As\u00ed mismo, ma\u00f1ana d\u00eda 19 de septiembre, a las 17:30, realizaremos una asamblea en el sal\u00f3n de actos en las Escuelas de San Francisco de Iru\u00f1ea, abierta a todo el profesorado.<\/p>\n\n\n\n<ul class=\"wp-block-list\">\n<li>En cuanto a las movilizaciones del 26 de septiembre, d\u00eda en que los y las docentes quieren visibilizar su malestar por la actual situaci\u00f3n de la educaci\u00f3n p\u00fablica, la intersindical ha anunciado que por la ma\u00f1ana habr\u00e1 manifestaciones comarcales en Altsasu, Elizondo, Lizarra, Iru\u00f1ea, Tafalla y Tutera, y que por la tarde habr\u00e1 una \u00fanica manifestaci\u00f3n en Iru\u00f1ea, que partir\u00e1 a las 18:00 desde la Plaza de la Cruz, y a la que invitamos a toda la sociedad a unirse a ella.<\/li>\n<\/ul>\n","protected":false},"excerpt":{"rendered":"<p>Representantes de todos los sindicatos de la educaci\u00f3n p\u00fablica navarra (LAB, Steilas, ANPE, AFAPNA, CCOO, ELA y UGT) hemos ofrecido esta ma\u00f1ana una rueda de prensa en Iru\u00f1ea en la que hemos informado de que el Comit\u00e9 de Huelga creado de cara a la huelga del pr\u00f3ximo 26 de septiembre ha registrado una petici\u00f3n formal para reunirse con la presidenta del Gobierno de Nafarroa Mar\u00eda Chivite, con el objetivo de impulsar una negociaci\u00f3n real en torno a las mejoras necesarias en el sector. Adem\u00e1s, la ma\u00f1ana del 26 de septiembre habr\u00e1 movilizaciones en las cabezas de comarca, y una manifestaci\u00f3n en Iru\u00f1ea por la tarde.<\/p>\n","protected":false},"author":1191,"featured_media":73519,"comment_status":"closed","ping_status":"closed","sticky":false,"template":"","format":"standard","meta":{"_monsterinsights_skip_tracking":false,"_monsterinsights_sitenote_active":false,"_monsterinsights_sitenote_note":"","_monsterinsights_sitenote_category":0,"footnotes":"","_links_to":"","_links_to_target":""},"categories":[18,33,2867,6],"tags":[3033,3178,3194,3171],"class_list":{"0":"post-73508","1":"post","2":"type-post","3":"status-publish","4":"format-standard","5":"has-post-thumbnail","7":"category-es-accion-sindical","8":"category-es-ensenanza","9":"category-federaciones","10":"category-es-servicios-publicos","11":"tag-accion-sindical-es","12":"tag-destacado-1","13":"tag-ensenanza-es","14":"tag-servicios-publicos-es"},"_links":{"self":[{"href":"https:\/\/www.lab.eus\/es\/wp-json\/wp\/v2\/posts\/73508","targetHints":{"allow":["GET"]}}],"collection":[{"href":"https:\/\/www.lab.eus\/es\/wp-json\/wp\/v2\/posts"}],"about":[{"href":"https:\/\/www.lab.eus\/es\/wp-json\/wp\/v2\/types\/post"}],"author":[{"embeddable":true,"href":"https:\/\/www.lab.eus\/es\/wp-json\/wp\/v2\/users\/1191"}],"replies":[{"embeddable":true,"href":"https:\/\/www.lab.eus\/es\/wp-json\/wp\/v2\/comments?post=73508"}],"version-history":[{"count":1,"href":"https:\/\/www.lab.eus\/es\/wp-json\/wp\/v2\/posts\/73508\/revisions"}],"predecessor-version":[{"id":73509,"href":"https:\/\/www.lab.eus\/es\/wp-json\/wp\/v2\/posts\/73508\/revisions\/73509"}],"wp:featuredmedia":[{"embeddable":true,"href":"https:\/\/www.lab.eus\/es\/wp-json\/wp\/v2\/media\/73519"}],"wp:attachment":[{"href":"https:\/\/www.lab.eus\/es\/wp-json\/wp\/v2\/media?parent=73508"}],"wp:term":[{"taxonomy":"category","embeddable":true,"href":"https:\/\/www.lab.eus\/es\/wp-json\/wp\/v2\/categories?post=73508"},{"taxonomy":"post_tag","embeddable":true,"href":"https:\/\/www.lab.eus\/es\/wp-json\/wp\/v2\/tags?post=73508"}],"curies":[{"name":"wp","href":"https:\/\/api.w.org\/{rel}","templated":true}]}}