{"id":73502,"date":"2024-09-17T11:37:42","date_gmt":"2024-09-17T11:37:42","guid":{"rendered":"https:\/\/www.lab.eus\/?p=73502"},"modified":"2024-09-17T11:37:43","modified_gmt":"2024-09-17T11:37:43","slug":"defendemos-el-derecho-a-recibir-el-servicio-y-a-trabajar-en-euskera-en-euskotren","status":"publish","type":"post","link":"https:\/\/www.lab.eus\/es\/defendemos-el-derecho-a-recibir-el-servicio-y-a-trabajar-en-euskera-en-euskotren\/","title":{"rendered":"Defendemos el derecho a recibir el servicio y a trabajar en euskera en Euskotren"},"content":{"rendered":"\n<p>Esta ma\u00f1ana hemos mostrado nuestro rechazo a la denuncia del sindicato UGT contra los perfiles ling\u00fc\u00edsticos en euskera en el marco del proceso de estabilizaci\u00f3n del empleo a trav\u00e9s de una movilizaci\u00f3n ante el juzgado de Bilbo. Ahora, tras finalizar la sesi\u00f3n, aunque nos sea imposible saber a\u00fan su resultado, nos encontramos contentas y esperanzadas con la defensa que ha hecho el sindicato LAB y creemos que el trabajo realizado puede traer buenos resultados.<\/p>\n\n\n\n<p>En la secci\u00f3n sindical de LAB en Euskotren recibimos con tristeza y preocupaci\u00f3n la noticia de la denuncia interpuesta por la secci\u00f3n sindical de UGT en la que ped\u00eda invalidar el perfil ling\u00fc\u00edstico de euskera para los puestos de trabajo que se adjudiquen dentro del proceso de estabilizaci\u00f3n. En este contexto en el que est\u00e1 en juego el futuro de nuestro idioma, los ataques que estamos sufriendo las y los euskaldunes est\u00e1n siendo sistem\u00e1ticos y tienen por objetivo dar continuidad al actual estado de subordinaci\u00f3n en el que nos encontramos. Se trata de un ataque m\u00e1s dentro de la ofensiva contra el euskera que busca retroceder varias d\u00e9cadas en el tiempo y dejar sin valor todo el trabajo llevado a cabo en Euskotren por la normalizaci\u00f3n del euskera.<\/p>\n\n\n\n<p>Mientras el conocimiento del euskera en nuestra sociedad no sea generalizado, debemos seguir garantizando su presencia mediante perfiles ling\u00fc\u00edsticos. Estamos seguras y seguros de que las consecuencias de prescindir de estos perfiles ser\u00edan realmente graves, ya que se abrir\u00edan las puertas de par en par a la vulneraci\u00f3n de los derechos ling\u00fc\u00edsticos de las y los usuarios que quieren ser atendidos y atendidas en euskera y de las y los trabajadores que quieren trabajar en euskera.<\/p>\n\n\n\n<p>Por lo tanto, es evidente que sindicatos espa\u00f1olistas como UGT han tomado la decisi\u00f3n de normalizar los ataques al euskera en vez de dar pasos hacia su normalizaci\u00f3n. Frente a esta situaci\u00f3n, hemos mostrado nuestra determinaci\u00f3n para continuar reivindicando pol\u00edticas ling\u00fc\u00edsticas basadas en la igualdad y en la justicia social,\u201cya que han sido esas mismas pol\u00edticas las que nos han llevado a una fuerte y s\u00f3lida comunidad euskaldun.<\/p>\n","protected":false},"excerpt":{"rendered":"<p>Esta ma\u00f1ana hemos mostrado nuestro rechazo a la denuncia del sindicato UGT contra los perfiles ling\u00fc\u00edsticos en euskera en el marco del proceso de estabilizaci\u00f3n del empleo a trav\u00e9s de una movilizaci\u00f3n ante el juzgado de Bilbo. Ahora, tras finalizar la sesi\u00f3n, aunque nos sea imposible saber a\u00fan su resultado, nos encontramos contentas y esperanzadas con la defensa que ha hecho el sindicato LAB y creemos que el trabajo realizado puede traer buenos resultados.<\/p>\n","protected":false},"author":1191,"featured_media":73500,"comment_status":"closed","ping_status":"closed","sticky":false,"template":"","format":"standard","meta":{"_monsterinsights_skip_tracking":false,"_monsterinsights_sitenote_active":false,"_monsterinsights_sitenote_note":"","_monsterinsights_sitenote_category":0,"footnotes":"","_links_to":"","_links_to_target":""},"categories":[18,2867,3280,2973,6],"tags":[3033,3178,4606,937,3785,3171],"class_list":{"0":"post-73502","1":"post","2":"type-post","3":"status-publish","4":"format-standard","5":"has-post-thumbnail","7":"category-es-accion-sindical","8":"category-federaciones","9":"category-secretaria-de-euskara","10":"category-secretarias","11":"category-es-servicios-publicos","12":"tag-accion-sindical-es","13":"tag-destacado-1","14":"tag-euskera","15":"tag-euskotren","16":"tag-secretaria-de-euskera","17":"tag-servicios-publicos-es"},"_links":{"self":[{"href":"https:\/\/www.lab.eus\/es\/wp-json\/wp\/v2\/posts\/73502","targetHints":{"allow":["GET"]}}],"collection":[{"href":"https:\/\/www.lab.eus\/es\/wp-json\/wp\/v2\/posts"}],"about":[{"href":"https:\/\/www.lab.eus\/es\/wp-json\/wp\/v2\/types\/post"}],"author":[{"embeddable":true,"href":"https:\/\/www.lab.eus\/es\/wp-json\/wp\/v2\/users\/1191"}],"replies":[{"embeddable":true,"href":"https:\/\/www.lab.eus\/es\/wp-json\/wp\/v2\/comments?post=73502"}],"version-history":[{"count":1,"href":"https:\/\/www.lab.eus\/es\/wp-json\/wp\/v2\/posts\/73502\/revisions"}],"predecessor-version":[{"id":73503,"href":"https:\/\/www.lab.eus\/es\/wp-json\/wp\/v2\/posts\/73502\/revisions\/73503"}],"wp:featuredmedia":[{"embeddable":true,"href":"https:\/\/www.lab.eus\/es\/wp-json\/wp\/v2\/media\/73500"}],"wp:attachment":[{"href":"https:\/\/www.lab.eus\/es\/wp-json\/wp\/v2\/media?parent=73502"}],"wp:term":[{"taxonomy":"category","embeddable":true,"href":"https:\/\/www.lab.eus\/es\/wp-json\/wp\/v2\/categories?post=73502"},{"taxonomy":"post_tag","embeddable":true,"href":"https:\/\/www.lab.eus\/es\/wp-json\/wp\/v2\/tags?post=73502"}],"curies":[{"name":"wp","href":"https:\/\/api.w.org\/{rel}","templated":true}]}}