{"id":73488,"date":"2024-09-17T10:36:47","date_gmt":"2024-09-17T10:36:47","guid":{"rendered":"https:\/\/www.lab.eus\/?p=73488"},"modified":"2024-09-17T10:36:48","modified_gmt":"2024-09-17T10:36:48","slug":"otro-accidente-laboral-mortal-que-se-pudo-haber-evitado-esta-vez-en-irunberri","status":"publish","type":"post","link":"https:\/\/www.lab.eus\/es\/otro-accidente-laboral-mortal-que-se-pudo-haber-evitado-esta-vez-en-irunberri\/","title":{"rendered":"Otro accidente laboral mortal que se pudo haber evitado, esta vez en Irunberri"},"content":{"rendered":"\n<p>Ayer, 16 de septiembre, falleci\u00f3 un trabajador de 42 a\u00f1os tras caer de un andamio mientras trabajaba en la rehabilitaci\u00f3n de una vivienda.<\/p>\n\n\n\n<p>Desde el sindicato LAB mostramos toda la solidaridad y apoyo a la familia, amigas y amigos y compa\u00f1eras y compa\u00f1eros del trabajador fallecido.<\/p>\n\n\n\n<p>Un nuevo drama. Un trabajador m\u00e1s fallecido en un accidente laboral evitable. Con esta muerte, ya son 42 las y los trabajadores que han fallecido en accidente laboral en lo que llevamos de a\u00f1o. Desde LAB exigimos una investigaci\u00f3n rigurosa del accidente, que se esclarezcan todos los hechos y que se depuren todas las responsabilidades que pudieran derivarse del mismo.<\/p>\n\n\n\n<p>En LAB lo tenemos claro: de haberse aplicado la normativa de seguridad en materia de andamios, no se habr\u00eda producido este accidente laboral. El problema es que, para abaratar costes laborales, la patronal no aplica la normativa de seguridad y salud laboral. Se trata de muertes evitables con una adecuada gesti\u00f3n, integraci\u00f3n y aplicaci\u00f3n de la actividad preventiva.<\/p>\n\n\n\n<p>En los \u00faltimos 10 a\u00f1os, en Euskal Herria han fallecido como m\u00ednimo 79 trabajadoras y trabajadores por ca\u00edda de altura, la gran mayor\u00eda en el sector de la construcci\u00f3n. Suponen m\u00e1s de 12,5% total de las muertes laborales y la principal en el sector de la construcci\u00f3n. Con esta nueva muerte, en lo que llevamos de a\u00f1o otros 6 trabajadores y trabajadoras han fallecido por esta causa.<\/p>\n\n\n\n<p>As\u00ed pues, y tras casi 30 a\u00f1os de la entrada en vigor de la ley de prevenci\u00f3n de riesgos laborales, se deben adoptar de manera urgente medidas para evitar esta lacra laboral y social.<\/p>\n\n\n\n<p>Para ello, es fundamental el control por parte de las instituciones para exigir el cumplimiento de la normativa de salud laboral. En este caso concreto, el ayuntamiento de Irunberri deber\u00eda haber revisado el plan de obra para comprobar que se cumpl\u00edan todas las medidas de seguridad y que el andamio se ajustaba a lo que establec\u00eda la normativa.<\/p>\n\n\n\n<p>El Gobierno de Nafarroa debe aumentar de manera significativa el n\u00famero de inspectores de trabajo y los controles para que se cumpla la normativa de prevenci\u00f3n en las obras y centros de trabajo.<\/p>\n\n\n\n<p>Basta de impunidad empresarial. Basta ya de debates interesados y falsos sobre el absentismo laboral. \u00bfC\u00f3mo es posible que, tras casi 30 a\u00f1os de la entrada en vigor de la normativa de salud laboral, la muertes por caida sigan siendo, a\u00f1o tras a\u00f1o, la principal causa de accidente laboral mortal en el sector de la construcci\u00f3n? \u00c9sta es la verdadera lacra del absentismo laboral, una patronal y unas instituciones que nos enferman y matan, para despu\u00e9s, adem\u00e1s, criminalizarnos.<\/p>\n\n\n\n<p>Por \u00faltimo, llamamos a participar en las movilizaciones que se convoquen para denunciar este nuevo accidente laboral.<\/p>\n","protected":false},"excerpt":{"rendered":"<p>Ayer, 16 de septiembre, falleci\u00f3 un trabajador de 42 a\u00f1os tras caer de un andamio mientras trabajaba en la rehabilitaci\u00f3n de una vivienda.<\/p>\n","protected":false},"author":1191,"featured_media":66808,"comment_status":"closed","ping_status":"closed","sticky":false,"template":"","format":"standard","meta":{"_monsterinsights_skip_tracking":false,"_monsterinsights_sitenote_active":false,"_monsterinsights_sitenote_note":"","_monsterinsights_sitenote_category":0,"footnotes":"","_links_to":"","_links_to_target":""},"categories":[18,96,2867,2868,15,2973],"tags":[3033,3200,3178,2996,3083,3172],"class_list":{"0":"post-73488","1":"post","2":"type-post","3":"status-publish","4":"format-standard","5":"has-post-thumbnail","7":"category-es-accion-sindical","8":"category-es-construccion","9":"category-federaciones","10":"category-industria-es","11":"category-es-salud-laboral","12":"category-secretarias","13":"tag-accion-sindical-es","14":"tag-construccion-es","15":"tag-destacado-1","16":"tag-industria-es","17":"tag-salud-laboral-es","18":"tag-servicios-privados-es"},"_links":{"self":[{"href":"https:\/\/www.lab.eus\/es\/wp-json\/wp\/v2\/posts\/73488","targetHints":{"allow":["GET"]}}],"collection":[{"href":"https:\/\/www.lab.eus\/es\/wp-json\/wp\/v2\/posts"}],"about":[{"href":"https:\/\/www.lab.eus\/es\/wp-json\/wp\/v2\/types\/post"}],"author":[{"embeddable":true,"href":"https:\/\/www.lab.eus\/es\/wp-json\/wp\/v2\/users\/1191"}],"replies":[{"embeddable":true,"href":"https:\/\/www.lab.eus\/es\/wp-json\/wp\/v2\/comments?post=73488"}],"version-history":[{"count":1,"href":"https:\/\/www.lab.eus\/es\/wp-json\/wp\/v2\/posts\/73488\/revisions"}],"predecessor-version":[{"id":73490,"href":"https:\/\/www.lab.eus\/es\/wp-json\/wp\/v2\/posts\/73488\/revisions\/73490"}],"wp:featuredmedia":[{"embeddable":true,"href":"https:\/\/www.lab.eus\/es\/wp-json\/wp\/v2\/media\/66808"}],"wp:attachment":[{"href":"https:\/\/www.lab.eus\/es\/wp-json\/wp\/v2\/media?parent=73488"}],"wp:term":[{"taxonomy":"category","embeddable":true,"href":"https:\/\/www.lab.eus\/es\/wp-json\/wp\/v2\/categories?post=73488"},{"taxonomy":"post_tag","embeddable":true,"href":"https:\/\/www.lab.eus\/es\/wp-json\/wp\/v2\/tags?post=73488"}],"curies":[{"name":"wp","href":"https:\/\/api.w.org\/{rel}","templated":true}]}}