{"id":73487,"date":"2024-09-17T10:34:53","date_gmt":"2024-09-17T10:34:53","guid":{"rendered":"https:\/\/www.lab.eus\/?p=73487"},"modified":"2024-09-17T10:51:02","modified_gmt":"2024-09-17T10:51:02","slug":"hemos-conseguido-el-reconocimiento-del-derecho-al-desempleo-de-un-preso-vasco","status":"publish","type":"post","link":"https:\/\/www.lab.eus\/es\/hemos-conseguido-el-reconocimiento-del-derecho-al-desempleo-de-un-preso-vasco\/","title":{"rendered":"Hemos conseguido el reconocimiento del derecho al desempleo de un preso vasco"},"content":{"rendered":"\n<p>El Tribunal Superior de Justicia del Pa\u00eds Vasco ha estimado el recurso interpuesto por el sindicato LAB en el caso de un preso vasco al que se le deneg\u00f3 el derecho al desempleo. As\u00ed, ha anulado la sentencia dictada previamente por el juzgado de Bilbo que no reconoc\u00eda al afiliado el derecho a dicha prestaci\u00f3n. La sentencia no es firme.<\/p>\n\n\n\n<p>La sentencia conoce un caso de un preso que se encuentra en el tercer grado penitenciario. Ingres\u00f3 en prisi\u00f3n en 2002, y le fue concedido el tercer grado en febrero de 2023. Actualmente se encuentra en dicha situaci\u00f3n y quedar\u00e1 en libertad en 2028 con el cumplimiento \u00edntegro de la condena. Durante su estancia en prisi\u00f3n, el demandante prest\u00f3 servicios a trav\u00e9s de la Agencia Vasca de Reinserci\u00f3n Social, Aukerak, durante un periodo superior a un a\u00f1o. Una vez accedi\u00f3 al tercer grado, solicit\u00f3 la prestaci\u00f3n por desempleo en base al periodo de trabajo durante su estancia penitenciaria, siendo denegado por la entidad gestora. Sin embargo, ahora el TSJPV le ha reconocido el derecho a dicha prestaci\u00f3n.<\/p>\n\n\n\n<p>El tribunal, en su resoluci\u00f3n, se\u00f1ala que es la propia Constituci\u00f3n Espa\u00f1ola la que reconoce el derecho de toda persona privada de libertad la posibilidad de realizar un trabajo remunerado, y por tanto al acceso a las prestaciones de seguridad social que se puedan derivar, sin excepci\u00f3n alguna. En el citado caso, la solicitud de desempleo se basa en el periodo de prestaci\u00f3n de servicios realizado en prisi\u00f3n, que el SEPE, Servicio P\u00fablico de Empleo Espa\u00f1ol, deneg\u00f3 en instancia.<\/p>\n\n\n\n<p>Los magistrados de la sala de lo social han dictado que no existen causas que justifiquen dicha negativa y han fallado a favor del recurrente, reconociendo su derecho a la prestaci\u00f3n de desempleo y condenando a la entidad gestora a realizar los abonos pertinentes.<\/p>\n\n\n\n<p>Desde el sindicato LAB valoramos positivamente la sentencia, no puede ser de otra manera, ya que supone un paso hacia el reconocimiento de los derechos fundamentales de las personas presas y puede servir de precedente para otras causas. Como cualquier otro ciudadano o ciudadana, las y los presos tambi\u00e9n tienen derecho al trabajo y, por tanto, al acceso a la cobertura de la Seguridad Social. En LAB, creemos en un sistema no punitivista, que tenga como pilar el reconocimiento de todos los derechos a las personas privadas de libertad para desarrollar su proyecto de vida, y seguiremos trabajando en este sentido . En el mismo sentido y una vez m\u00e1s, el sindicato insta a poner fin a todas las medidas de excepci\u00f3n que se imponen a las y los presos vascos..<\/p>\n","protected":false},"excerpt":{"rendered":"<p>El Tribunal Superior de Justicia del Pa\u00eds Vasco ha estimado el recurso interpuesto por el sindicato LAB en el caso de un preso vasco al que se le deneg\u00f3 el derecho al desempleo. As\u00ed, ha anulado la sentencia dictada previamente por el juzgado de Bilbo que no reconoc\u00eda al afiliado el derecho a dicha prestaci\u00f3n. La sentencia no es firme.<\/p>\n","protected":false},"author":1191,"featured_media":56847,"comment_status":"closed","ping_status":"closed","sticky":false,"template":"","format":"standard","meta":{"_monsterinsights_skip_tracking":false,"_monsterinsights_sitenote_active":false,"_monsterinsights_sitenote_note":"","_monsterinsights_sitenote_category":0,"footnotes":"","_links_to":"","_links_to_target":""},"categories":[3402,2870],"tags":[3445,3182,3101,3179,3225,3718,4912],"class_list":{"0":"post-73487","1":"post","2":"type-post","3":"status-publish","4":"format-standard","5":"has-post-thumbnail","7":"category-accion-politica","8":"category-euskal-presoak-euskal-herria-3","9":"tag-accion-politica","10":"tag-accion-social-es","11":"tag-desempleo","12":"tag-destacado-2","13":"tag-euskal-presoak-es","14":"tag-presas-y-presos-vascos","15":"tag-presos-y-presas"},"_links":{"self":[{"href":"https:\/\/www.lab.eus\/es\/wp-json\/wp\/v2\/posts\/73487","targetHints":{"allow":["GET"]}}],"collection":[{"href":"https:\/\/www.lab.eus\/es\/wp-json\/wp\/v2\/posts"}],"about":[{"href":"https:\/\/www.lab.eus\/es\/wp-json\/wp\/v2\/types\/post"}],"author":[{"embeddable":true,"href":"https:\/\/www.lab.eus\/es\/wp-json\/wp\/v2\/users\/1191"}],"replies":[{"embeddable":true,"href":"https:\/\/www.lab.eus\/es\/wp-json\/wp\/v2\/comments?post=73487"}],"version-history":[{"count":2,"href":"https:\/\/www.lab.eus\/es\/wp-json\/wp\/v2\/posts\/73487\/revisions"}],"predecessor-version":[{"id":73495,"href":"https:\/\/www.lab.eus\/es\/wp-json\/wp\/v2\/posts\/73487\/revisions\/73495"}],"wp:featuredmedia":[{"embeddable":true,"href":"https:\/\/www.lab.eus\/es\/wp-json\/wp\/v2\/media\/56847"}],"wp:attachment":[{"href":"https:\/\/www.lab.eus\/es\/wp-json\/wp\/v2\/media?parent=73487"}],"wp:term":[{"taxonomy":"category","embeddable":true,"href":"https:\/\/www.lab.eus\/es\/wp-json\/wp\/v2\/categories?post=73487"},{"taxonomy":"post_tag","embeddable":true,"href":"https:\/\/www.lab.eus\/es\/wp-json\/wp\/v2\/tags?post=73487"}],"curies":[{"name":"wp","href":"https:\/\/api.w.org\/{rel}","templated":true}]}}