{"id":73324,"date":"2024-09-12T14:25:00","date_gmt":"2024-09-12T14:25:00","guid":{"rendered":"https:\/\/www.lab.eus\/?p=73324"},"modified":"2024-09-12T14:25:01","modified_gmt":"2024-09-12T14:25:01","slug":"lab-rechaza-la-ultima-propuesta-de-las-patronales-de-residencias-de-nafarroa-porque-le-parece-vergonzosa","status":"publish","type":"post","link":"https:\/\/www.lab.eus\/es\/lab-rechaza-la-ultima-propuesta-de-las-patronales-de-residencias-de-nafarroa-porque-le-parece-vergonzosa\/","title":{"rendered":"LAB rechaza la \u00faltima propuesta de las patronales de residencias de Nafarroa porque le parece vergonzosa"},"content":{"rendered":"\n<p>A primera hora de la tarde de hoy se ha vuelto a reunir la mesa de negociaci\u00f3n del que deber\u00eda ser el primer convenio de residencias de Nafarroa, donde las patronales han presentado su \u00faltima propuesta; una propuesta que el sindicato LAB ha tildado de vergonzosa, dado que, entre otras cosas, plantea una vigencia de solo dos a\u00f1os y adem\u00e1s deja las condiciones de 2026 a expensas de una posible negociaci\u00f3n entre el Gobierno y la patronal, algo que dejar\u00eda a las trabajadoras sin el derecho a negociar sobre sus condiciones laborales.<\/p>\n\n\n\n<p>En la propuesta que las patronales de residencias de Nafarroa han presentado a los sindicatos, \u00e9stas han obviado por completo el a\u00f1o 2024 y han ofrecido un convenio con una vigencia de \u00fanicamente dos a\u00f1os (2025 y 2026). Pero es que, adem\u00e1s, solo aseguran las condiciones del primer a\u00f1o, ya que las del segundo las vinculan a una posible negociaci\u00f3n entre el Gobierno de Nafarroa y las patronales, dejando as\u00ed a las trabajadoras sin el derecho a decidir sobre sus condiciones laborales, algo que este sindicato no va a permitir.<\/p>\n\n\n\n<p>A LAB le parece vergonzosa la propuesta de las patronales, que adem\u00e1s plantean las incapacidades temporales unidas al absentismo, con un porcentaje muy lejos de la realidad de este sector. Despu\u00e9s de a\u00f1os de negociaci\u00f3n, sigue quedando claro que las patronales solo quieren seguir lucr\u00e1ndose a costa de las trabajadoras de residencias, sigue quedando claro que solo est\u00e1n dispuestas a negociar un convenio financiado 100% con dinero p\u00fablico. En opini\u00f3n de LAB, la postura de las patronales es inaceptable y llama a las trabajadoras a participar en futuras movilizaciones.<\/p>\n","protected":false},"excerpt":{"rendered":"<p>A primera hora de la tarde de hoy se ha vuelto a reunir la mesa de negociaci\u00f3n del que deber\u00eda ser el primer convenio de residencias de Nafarroa, donde las patronales han presentado su \u00faltima propuesta; una propuesta que el sindicato LAB ha tildado de vergonzosa, dado que, entre otras cosas, plantea una vigencia de solo dos a\u00f1os y adem\u00e1s deja las condiciones de 2026 a expensas de una posible negociaci\u00f3n entre el Gobierno y la patronal, algo que dejar\u00eda a las trabajadoras sin el derecho a negociar sobre sus condiciones laborales.<\/p>\n","protected":false},"author":1191,"featured_media":69231,"comment_status":"closed","ping_status":"closed","sticky":false,"template":"","format":"standard","meta":{"_monsterinsights_skip_tracking":false,"_monsterinsights_sitenote_active":false,"_monsterinsights_sitenote_note":"","_monsterinsights_sitenote_category":0,"footnotes":"","_links_to":"","_links_to_target":""},"categories":[18,2867,2961,8],"tags":[3033,3178,3353,4009,3171],"class_list":{"0":"post-73324","1":"post","2":"type-post","3":"status-publish","4":"format-standard","5":"has-post-thumbnail","7":"category-es-accion-sindical","8":"category-federaciones","9":"category-residencias-personas-mayores","10":"category-es-servicios-privados","11":"tag-accion-sindical-es","12":"tag-destacado-1","13":"tag-residencias-es","14":"tag-residencias-de-nafarroa","15":"tag-servicios-publicos-es"},"_links":{"self":[{"href":"https:\/\/www.lab.eus\/es\/wp-json\/wp\/v2\/posts\/73324","targetHints":{"allow":["GET"]}}],"collection":[{"href":"https:\/\/www.lab.eus\/es\/wp-json\/wp\/v2\/posts"}],"about":[{"href":"https:\/\/www.lab.eus\/es\/wp-json\/wp\/v2\/types\/post"}],"author":[{"embeddable":true,"href":"https:\/\/www.lab.eus\/es\/wp-json\/wp\/v2\/users\/1191"}],"replies":[{"embeddable":true,"href":"https:\/\/www.lab.eus\/es\/wp-json\/wp\/v2\/comments?post=73324"}],"version-history":[{"count":1,"href":"https:\/\/www.lab.eus\/es\/wp-json\/wp\/v2\/posts\/73324\/revisions"}],"predecessor-version":[{"id":73325,"href":"https:\/\/www.lab.eus\/es\/wp-json\/wp\/v2\/posts\/73324\/revisions\/73325"}],"wp:featuredmedia":[{"embeddable":true,"href":"https:\/\/www.lab.eus\/es\/wp-json\/wp\/v2\/media\/69231"}],"wp:attachment":[{"href":"https:\/\/www.lab.eus\/es\/wp-json\/wp\/v2\/media?parent=73324"}],"wp:term":[{"taxonomy":"category","embeddable":true,"href":"https:\/\/www.lab.eus\/es\/wp-json\/wp\/v2\/categories?post=73324"},{"taxonomy":"post_tag","embeddable":true,"href":"https:\/\/www.lab.eus\/es\/wp-json\/wp\/v2\/tags?post=73324"}],"curies":[{"name":"wp","href":"https:\/\/api.w.org\/{rel}","templated":true}]}}