{"id":73291,"date":"2024-09-11T10:42:44","date_gmt":"2024-09-11T10:42:44","guid":{"rendered":"https:\/\/www.lab.eus\/?p=73291"},"modified":"2024-09-11T11:12:06","modified_gmt":"2024-09-11T11:12:06","slug":"la-plantilla-de-muriba-esta-de-huelga-indefinida-porque-ibanez-construccion-les-adeuda-tres-meses-de-sueldo","status":"publish","type":"post","link":"https:\/\/www.lab.eus\/es\/la-plantilla-de-muriba-esta-de-huelga-indefinida-porque-ibanez-construccion-les-adeuda-tres-meses-de-sueldo\/","title":{"rendered":"La plantilla de Muriba est\u00e1 de huelga indefinida porque Iba\u00f1ez Construcci\u00f3n les adeuda tres meses de sueldo"},"content":{"rendered":"\n<p>Las seis personas trabajadoras que a\u00fan quedan en la plantilla de la empresa de construcci\u00f3n Muriba S.L. est\u00e1n en huelga indefinida desde ayer dado que Iba\u00f1ez Construcci\u00f3n, empresa matriz y del mismo due\u00f1o, les adeuda tres meses de sueldo. El sindicato LAB quiere denunciar firmemente la desfachatez de Iba\u00f1ez Construcci\u00f3n, dado que a pesar de cobrar millones de euros para realizar obras p\u00fablicas (Instituto Navarro de la Memoria, instituto de Lumbier&#8230;), ha decidido dejar caer a su filial y condenar a la precariedad a sus trabajadores.<\/p>\n\n\n\n<p>Construcciones Jos\u00e9 Miguel Ib\u00e1\u00f1ez cobrar\u00e1 este a\u00f1o varios millones de euros por parte del Gobierno de Nafarroa para la transformaci\u00f3n del palacio del Marqu\u00e9s de Rozalejo en el Instituto Navarro de la Memoria y para la construcci\u00f3n del nuevo instituto de bachillerato de Lumbier. Pero, a pesar de ello, aduce no tener dinero suficiente para pagar el sueldo de los pocos trabajadores que quedan en otra empresa suya -Muriba S.L., con sede social en el mismo lugar que la empresa matriz-, que subcontrata a trav\u00e9s de otra empresa suya -Iba\u00f1ez Construcci\u00f3n, con sede social en el mismo lugar que la empresa matriz-.<\/p>\n\n\n\n<p>La plantilla de Muriba se concentr\u00f3 por primera vez el pasado 29 de agosto, junto al palacio del Marqu\u00e9s de Rozalejo en Pamplona, para denunciar su situaci\u00f3n. Ahora, dado que esa situaci\u00f3n se ha agravado a\u00fan m\u00e1s con el anuncio oficial del concurso de acreedores, se han puesto de huelga indefinida y este viernes, 13 de septiembre, se concentrar\u00e1n en la Plaza del Ayuntamiento a las 09:30.<\/p>\n\n\n\n<p>Las personas trabajadoras califican de burlesco que el gerente de su empresa se sentara a hablar con ellos solo tras verse forzado por la plantilla al realizar la primera concentraci\u00f3n de denuncia y que pusiese como excusa para el impago que \u201cno hay dinero\u201d. Al sindicato LAB se le hace inexplicable que a las empresas se les permita construir estos entramados empresariales, que no buscan nada m\u00e1s que obtener m\u00e1s beneficios a costa de precarizar a sus trabajadores y trabajadoras. En ese sentido, a LAB le parece una desfachatez que los due\u00f1os de Muriba digan que no tienen dinero cuando sus otras empresas facturan millones de euros provenientes de las arcas p\u00fablicas.<\/p>\n\n\n\n<p>Los y las trabajadoras quieren poner de relieve que seguir\u00e1n denunciando y peleando hasta el final, en defensa de sus puestos de trabajo, por unas condiciones de trabajo y de vida dignas. La pr\u00f3xima cita, como se ha dicho, el 13 de septiembre en la Plaza del Ayuntamiento de Iru\u00f1ea. Los trabajadores hacen un llamamiento especial a todas las personas del sector de la Construcci\u00f3n para que participen en la denuncia de este caso, puesto que en \u00e9l se dan circunstancias y maneras de actuar que se repiten en otras empresas.<\/p>\n\n\n<div class=\"wp-block-image\">\n<figure class=\"aligncenter size-large is-resized\"><img loading=\"lazy\" decoding=\"async\" width=\"724\" height=\"1024\" src=\"https:\/\/www.lab.eus\/wp-content\/uploads\/2024\/09\/Kartela-Muriba-irailak-13a-724x1024.jpg\" alt=\"\" class=\"wp-image-73305\" style=\"width:467px;height:auto\" srcset=\"https:\/\/www.lab.eus\/wp-content\/uploads\/2024\/09\/Kartela-Muriba-irailak-13a-724x1024.jpg 724w, https:\/\/www.lab.eus\/wp-content\/uploads\/2024\/09\/Kartela-Muriba-irailak-13a-212x300.jpg 212w, https:\/\/www.lab.eus\/wp-content\/uploads\/2024\/09\/Kartela-Muriba-irailak-13a-768x1086.jpg 768w, https:\/\/www.lab.eus\/wp-content\/uploads\/2024\/09\/Kartela-Muriba-irailak-13a-150x212.jpg 150w, https:\/\/www.lab.eus\/wp-content\/uploads\/2024\/09\/Kartela-Muriba-irailak-13a-300x424.jpg 300w, https:\/\/www.lab.eus\/wp-content\/uploads\/2024\/09\/Kartela-Muriba-irailak-13a-696x984.jpg 696w, https:\/\/www.lab.eus\/wp-content\/uploads\/2024\/09\/Kartela-Muriba-irailak-13a.jpg 905w\" sizes=\"auto, (max-width: 724px) 100vw, 724px\" \/><\/figure><\/div>","protected":false},"excerpt":{"rendered":"<p>Las seis personas trabajadoras que a\u00fan quedan en la plantilla de la empresa de construcci\u00f3n Muriba S.L. est\u00e1n en huelga indefinida desde ayer dado que Iba\u00f1ez Construcci\u00f3n, empresa matriz y del mismo due\u00f1o, les adeuda tres meses de sueldo. El sindicato LAB quiere denunciar firmemente la desfachatez de Iba\u00f1ez Construcci\u00f3n, dado que a pesar de cobrar millones de euros para realizar obras p\u00fablicas (Instituto Navarro de la Memoria, instituto de Lumbier&#8230;), ha decidido dejar caer a su filial y condenar a la precariedad a sus trabajadores.<\/p>\n","protected":false},"author":1191,"featured_media":73043,"comment_status":"closed","ping_status":"closed","sticky":false,"template":"","format":"standard","meta":{"_monsterinsights_skip_tracking":false,"_monsterinsights_sitenote_active":false,"_monsterinsights_sitenote_note":"","_monsterinsights_sitenote_category":0,"footnotes":"","_links_to":"","_links_to_target":""},"categories":[18,96,2867,2868],"tags":[3033,3200,3178,2996,4896,4897],"class_list":{"0":"post-73291","1":"post","2":"type-post","3":"status-publish","4":"format-standard","5":"has-post-thumbnail","7":"category-es-accion-sindical","8":"category-es-construccion","9":"category-federaciones","10":"category-industria-es","11":"tag-accion-sindical-es","12":"tag-construccion-es","13":"tag-destacado-1","14":"tag-industria-es","15":"tag-muriba","16":"tag-muriba-sl"},"_links":{"self":[{"href":"https:\/\/www.lab.eus\/es\/wp-json\/wp\/v2\/posts\/73291","targetHints":{"allow":["GET"]}}],"collection":[{"href":"https:\/\/www.lab.eus\/es\/wp-json\/wp\/v2\/posts"}],"about":[{"href":"https:\/\/www.lab.eus\/es\/wp-json\/wp\/v2\/types\/post"}],"author":[{"embeddable":true,"href":"https:\/\/www.lab.eus\/es\/wp-json\/wp\/v2\/users\/1191"}],"replies":[{"embeddable":true,"href":"https:\/\/www.lab.eus\/es\/wp-json\/wp\/v2\/comments?post=73291"}],"version-history":[{"count":2,"href":"https:\/\/www.lab.eus\/es\/wp-json\/wp\/v2\/posts\/73291\/revisions"}],"predecessor-version":[{"id":73307,"href":"https:\/\/www.lab.eus\/es\/wp-json\/wp\/v2\/posts\/73291\/revisions\/73307"}],"wp:featuredmedia":[{"embeddable":true,"href":"https:\/\/www.lab.eus\/es\/wp-json\/wp\/v2\/media\/73043"}],"wp:attachment":[{"href":"https:\/\/www.lab.eus\/es\/wp-json\/wp\/v2\/media?parent=73291"}],"wp:term":[{"taxonomy":"category","embeddable":true,"href":"https:\/\/www.lab.eus\/es\/wp-json\/wp\/v2\/categories?post=73291"},{"taxonomy":"post_tag","embeddable":true,"href":"https:\/\/www.lab.eus\/es\/wp-json\/wp\/v2\/tags?post=73291"}],"curies":[{"name":"wp","href":"https:\/\/api.w.org\/{rel}","templated":true}]}}