{"id":72993,"date":"2024-08-22T08:45:13","date_gmt":"2024-08-22T08:45:13","guid":{"rendered":"https:\/\/www.lab.eus\/?p=72993"},"modified":"2024-08-22T08:45:14","modified_gmt":"2024-08-22T08:45:14","slug":"la-situacion-en-los-centros-de-trabajo-de-correos-en-gipuzkoa-toca-fondo-en-verano-por-la-falta-de-contratacion","status":"publish","type":"post","link":"https:\/\/www.lab.eus\/es\/la-situacion-en-los-centros-de-trabajo-de-correos-en-gipuzkoa-toca-fondo-en-verano-por-la-falta-de-contratacion\/","title":{"rendered":"La situaci\u00f3n en los centros de trabajo de Correos en Gipuzkoa toca fondo en verano por la falta de contrataci\u00f3n"},"content":{"rendered":"\n<p>La pol\u00edtica de no contrataci\u00f3n de Correos en Gipuzkoa est\u00e1 llevando al l\u00edmite a una plantilla exhausta y con una sobrecarga de trabajo inasumible. La empresa conoce desde finales de abril el periodo vacacional de cada uno de sus trabajadores y trabajadoras, pero sigue con su idea de no contratar el personal suficiente para poder desempe\u00f1ar su labor provocando, en la mayor\u00eda de las carter\u00edas, una acumulaci\u00f3n inaceptable de notificaciones administrativas, judiciales, retraso en la entrega de paqueter\u00eda, incumplimiento de los plazos que marca el Servicio Postal Universal, etc.<\/p>\n\n\n\n<p>Esta situaci\u00f3n no es nueva en oficinas ni carter\u00edas de Correos; el sobreesfuerzo de todos y todas las trabajadoras por cubrir los barrios que no se reparten repercuten, irremediablemente, en la salud del conjunto de la plantilla.<\/p>\n\n\n\n<p>La t\u00f3nica general est\u00e1 siendo la falta de m\u00e1s del 50% de la plantilla, con las carter\u00edas completamente desbordadas, como en el caso de Amasa-Villabona, con 2 puestos cubiertos de 6 y m\u00e1s de 2 semanas de acumulaci\u00f3n en notificaciones y cartas ordinarias o el caso de Eibar, donde s\u00f3lo est\u00e1n cubiertos 6 de los 14 puestos. En Bergara (4 de 8), Lazkao (2 de 4) y Hondarribia (6 de 11), por ejemplo, faltan la mitad del personal, y acumulan retrasos muy importantes en los env\u00edos. En Irun solamente est\u00e1n 16 de 27 por la ma\u00f1ana, y 3 de 7 por la tarde, con una acumulaci\u00f3n de unas 500 notificaciones. En Zumarraga solo est\u00e1n cubiertos 5 puestos de 13, con una gran acumulaci\u00f3n de cartas ordinarias. En Donostialdea los datos son parecidos: en la unidad de reparto del Antiguo s\u00f3lo est\u00e1n cubiertos 10 de 21 puestos, lo que est\u00e1 provocando unos retrasos de m\u00e1s de 4 semanas en plazo y unas 4.000 notificaciones acumuladas. En Astigarraga hay \u00fanicamente un trabajador de reparto para todo el municipio. Zarautz, Andoain y Zumaia tambi\u00e9n se ven afectados por la falta de contrataci\u00f3n y los incumplimientos en los plazos.<\/p>\n\n\n\n<p>Hay que a\u00f1adir que, de todos los puestos mencionados, hay muchos que son a jornada parcial y\/o jornadas reducidas y reparto rural, que adem\u00e1s cubren una extensi\u00f3n muy grande o incluso varios municipios.<\/p>\n\n\n\n<p>La situaci\u00f3n es insostenible y se est\u00e1 manteniendo mucho en el tiempo por lo que, si Correos no decide dar soluciones al problema, el siguiente paso ser\u00e1n las movilizaciones.<\/p>\n","protected":false},"excerpt":{"rendered":"<p>La pol\u00edtica de no contrataci\u00f3n de Correos en Gipuzkoa est\u00e1 llevando al l\u00edmite a una plantilla exhausta y con una sobrecarga de trabajo inasumible. La empresa conoce desde finales de abril el periodo vacacional de cada uno de sus trabajadores y trabajadoras, pero sigue con su idea de no contratar el personal suficiente para poder desempe\u00f1ar su labor provocando, en la mayor\u00eda de las carter\u00edas, una acumulaci\u00f3n inaceptable de notificaciones administrativas, judiciales, retraso en la entrega de paqueter\u00eda, incumplimiento de los plazos que marca el Servicio Postal Universal, etc.<\/p>\n","protected":false},"author":1191,"featured_media":59836,"comment_status":"closed","ping_status":"closed","sticky":false,"template":"","format":"standard","meta":{"_monsterinsights_skip_tracking":false,"_monsterinsights_sitenote_active":false,"_monsterinsights_sitenote_note":"","_monsterinsights_sitenote_category":0,"footnotes":"","_links_to":"","_links_to_target":""},"categories":[18,2867,6],"tags":[3033,3347,3178,3171],"class_list":{"0":"post-72993","1":"post","2":"type-post","3":"status-publish","4":"format-standard","5":"has-post-thumbnail","7":"category-es-accion-sindical","8":"category-federaciones","9":"category-es-servicios-publicos","10":"tag-accion-sindical-es","11":"tag-correos-es","12":"tag-destacado-1","13":"tag-servicios-publicos-es"},"_links":{"self":[{"href":"https:\/\/www.lab.eus\/es\/wp-json\/wp\/v2\/posts\/72993","targetHints":{"allow":["GET"]}}],"collection":[{"href":"https:\/\/www.lab.eus\/es\/wp-json\/wp\/v2\/posts"}],"about":[{"href":"https:\/\/www.lab.eus\/es\/wp-json\/wp\/v2\/types\/post"}],"author":[{"embeddable":true,"href":"https:\/\/www.lab.eus\/es\/wp-json\/wp\/v2\/users\/1191"}],"replies":[{"embeddable":true,"href":"https:\/\/www.lab.eus\/es\/wp-json\/wp\/v2\/comments?post=72993"}],"version-history":[{"count":2,"href":"https:\/\/www.lab.eus\/es\/wp-json\/wp\/v2\/posts\/72993\/revisions"}],"predecessor-version":[{"id":72995,"href":"https:\/\/www.lab.eus\/es\/wp-json\/wp\/v2\/posts\/72993\/revisions\/72995"}],"wp:featuredmedia":[{"embeddable":true,"href":"https:\/\/www.lab.eus\/es\/wp-json\/wp\/v2\/media\/59836"}],"wp:attachment":[{"href":"https:\/\/www.lab.eus\/es\/wp-json\/wp\/v2\/media?parent=72993"}],"wp:term":[{"taxonomy":"category","embeddable":true,"href":"https:\/\/www.lab.eus\/es\/wp-json\/wp\/v2\/categories?post=72993"},{"taxonomy":"post_tag","embeddable":true,"href":"https:\/\/www.lab.eus\/es\/wp-json\/wp\/v2\/tags?post=72993"}],"curies":[{"name":"wp","href":"https:\/\/api.w.org\/{rel}","templated":true}]}}