{"id":72971,"date":"2024-08-21T10:53:57","date_gmt":"2024-08-21T10:53:57","guid":{"rendered":"https:\/\/www.lab.eus\/?p=72971"},"modified":"2024-08-21T10:53:58","modified_gmt":"2024-08-21T10:53:58","slug":"entrevista-rosalba-gomez-vasquez-en-el-marco-de-la-autonomia-estamos-apoyando-las-propuestas-del-gobierno-de-colombia-porque-son-buenas","status":"publish","type":"post","link":"https:\/\/www.lab.eus\/es\/entrevista-rosalba-gomez-vasquez-en-el-marco-de-la-autonomia-estamos-apoyando-las-propuestas-del-gobierno-de-colombia-porque-son-buenas\/","title":{"rendered":"[ENTREVISTA] Rosalba G\u00f3mez V\u00e1squez: \u201cEn el marco de la autonom\u00eda, estamos apoyando las propuestas del Gobierno de Colombia porque son buenas\u201d"},"content":{"rendered":"\n<p>Rosalba G\u00f3mez V\u00e1squez (Medell\u00edn, 1955) es la actual responsable de relaciones internacionales de la Central Unitaria de Trabajadores (CUT), primera fuerza sindical de Colombia, que re\u00fane a m\u00e1s de 1.000 sindicatos y cuenta con unas 570.000 personas afiliadas. Educadora de profesi\u00f3n, cuenta con una dilatada experiencia de 33 a\u00f1os como dirigente sindical en Medell\u00edn, como maestra del sindicato de maestros, posteriormente en GECODE (Federaci\u00f3n Grande de Colombia de Educadores) y en la mencionada CUT.<\/p>\n\n\n\n<p>Invitada por el sindicato LAB, visit\u00f3 Euskal Herria en junio, y aprovechamos para charlar con ella sobre la situaci\u00f3n en Colombia.<\/p>\n\n\n\n<p><strong>Colombia se encuentra en <\/strong><strong>una fase de de cambio pol\u00edtico y social, pero que est\u00e1 llen<\/strong><strong>a<\/strong><strong> de peligros <\/strong><strong>p<\/strong><strong>or los ataques de las fuerzas contra <\/strong><strong>la<\/strong><strong> paz y <\/strong><strong>la<\/strong><strong> justicia social. \u00bfHasta qu\u00e9 punto es estable en este momento la situaci\u00f3n en Colombia y hasta qu\u00e9 punto es real la amenaza contra ese cambio?<\/strong><\/p>\n\n\n\n<p>S\u00ed que es real que es un cambio diferente. Es real que es un gobierno m\u00e1s social, m\u00e1s de lo humano, m\u00e1s de escuchar al ind\u00edgena, al campesino, al joven, esa es la verdad. Es un gobierno diferente a los dem\u00e1s. Pero, por ser tambi\u00e9n diferente, los otros que han estado toda la vida en el poder, no lo aceptan tan f\u00e1cil. Y quieren dar un golpe de estado a Petro, quieren sacarlo. Ellos tienen medios de comunicaci\u00f3n muy agresivos, tienen redes sociales muy agresivas que dicen \u201cPetro para afuera\u201d, \u201cqu\u00e9 miedo con Petro\u201d, \u201cqu\u00e9 miedo que fue un guerrillero\u201d, \u201cqu\u00e9 va a volver Venezuela\u201d&#8230; Esa es la derecha que quiere recuperar el poder, que quiere volver al poder, y s\u00ed, s\u00ed han intentado en sus redes sociales, en sus mensajes, decir a la gente de ellos, \u201cvamos a bajar a Petro\u201d, \u201cnada con Petro\u201d, \u201cPetro es malo\u201d, \u201cPetro es guerrillero\u201d&#8230; No, no, Petro ha hecho cosas buenas.<\/p>\n\n\n\n<p>Yo tengo una valoraci\u00f3n del gobierno de Petro. Ahora, una cosa es el gobierno de Petro, presidente, y otra cosa es el Congreso. En el Congreso no tenemos la mayor\u00eda, la tiene el Centro Democr\u00e1tico [uribista]. Entonces, las votaciones a veces se complican. De hecho, el proyecto de ley de la Salud se hundi\u00f3, porque ellos no quisieron. Hubo alianzas y pas\u00f3 la [reforma] pensional ahorita. Eso es bueno, porque es volver a la gente que tenga su derecho a pensionarse, que tengan un bono pensional los que nunca han tenido, que recuperen las semanas los que tienen semanas acumuladas, que haya beneficio para las mujeres, eso es positivo. Logro para las tierras recuperadas. \u00a1Cu\u00e1ntos campesinos! Mira, yo me alegro de eso. Porque no recuerda Colombia. Los campesinos tuvieron que salir corriendo a dejar sus tierras huyendo y hoy vuelven a sus tierras. Recuperaci\u00f3n de tierras se ha hecho. Hasta algunos de los terratenientes han entregado las tierras, y eso ha sido una negociaci\u00f3n con Petro. Muchos, pero muchos, han recuperado sus tierras. Y cierto que Petro le ha dado la mano al agro, a la agricultura, al campesino, a la campesina. Otro logro: la educaci\u00f3n cero para los universitarios, matr\u00edcula cero. Eso tambi\u00e9n es positivo. \u00bfC\u00f3mo van a decir los contradictores que no ha hecho nada Petro? S\u00ed ha hecho cosas. En el tema de las mujeres, cre\u00f3 el Ministerio de la Mujer, que eso no lo hace cualquiera. Ahora, tiene que sostenerse y hay dificultades, s\u00ed, pero ya se cre\u00f3 el Ministerio de la Mujer. Con los j\u00f3venes tambi\u00e9n, como lograr que tengan mayor acceso a empleo decente, que los estudiantes tengan sus derechos a estudiar en mejores condiciones&#8230;<\/p>\n\n\n\n<p>Respecto al proceso de paz, a m\u00ed me gusta que haya el proceso de paz con el ELN. Colombia ha tenido doce procesos de paz desde 1984. Con las FARC, con el M-19, con el EPL, con el PRT&#8230; Con un mont\u00f3n de grupos. Ahora es el momento del ELN. Y como dec\u00eda Otty Pati\u00f1o, ex-guerrillero como Petro, en un evento sobre la paz que hicimos, \u201cque este cuarto de hora no lo puede perder el ELN\u201d. Tuvo dificultades en su negociaci\u00f3n de paz, en La Habana, en M\u00e9xico&#8230; Deben negociar y est\u00e1n en negociaciones, se han dificultado a veces, pero deben volver a la mesa de negociaci\u00f3n. Ellos organizan en los territorios actos para escuchar a la gente, a la sociedad civil, en todo el pa\u00eds, para coger las ideas de la gente, llevarlas, organizarlas, y avanzar en el proceso de paz.<\/p>\n\n\n\n<figure class=\"wp-block-image size-large\"><img loading=\"lazy\" decoding=\"async\" width=\"1024\" height=\"732\" src=\"https:\/\/www.lab.eus\/wp-content\/uploads\/2024\/08\/Igor-Arroyo-eta-Koldo-Saenzekin-1-1024x732.jpeg\" alt=\"\" class=\"wp-image-72972\" srcset=\"https:\/\/www.lab.eus\/wp-content\/uploads\/2024\/08\/Igor-Arroyo-eta-Koldo-Saenzekin-1-1024x732.jpeg 1024w, https:\/\/www.lab.eus\/wp-content\/uploads\/2024\/08\/Igor-Arroyo-eta-Koldo-Saenzekin-1-300x214.jpeg 300w, https:\/\/www.lab.eus\/wp-content\/uploads\/2024\/08\/Igor-Arroyo-eta-Koldo-Saenzekin-1-768x549.jpeg 768w, https:\/\/www.lab.eus\/wp-content\/uploads\/2024\/08\/Igor-Arroyo-eta-Koldo-Saenzekin-1-1536x1098.jpeg 1536w, https:\/\/www.lab.eus\/wp-content\/uploads\/2024\/08\/Igor-Arroyo-eta-Koldo-Saenzekin-1-2048x1464.jpeg 2048w, https:\/\/www.lab.eus\/wp-content\/uploads\/2024\/08\/Igor-Arroyo-eta-Koldo-Saenzekin-1-150x107.jpeg 150w, https:\/\/www.lab.eus\/wp-content\/uploads\/2024\/08\/Igor-Arroyo-eta-Koldo-Saenzekin-1-696x497.jpeg 696w, https:\/\/www.lab.eus\/wp-content\/uploads\/2024\/08\/Igor-Arroyo-eta-Koldo-Saenzekin-1-1068x763.jpeg 1068w, https:\/\/www.lab.eus\/wp-content\/uploads\/2024\/08\/Igor-Arroyo-eta-Koldo-Saenzekin-1-1920x1372.jpeg 1920w\" sizes=\"auto, (max-width: 1024px) 100vw, 1024px\" \/><\/figure>\n\n\n\n<p><strong>De todas formas, <\/strong><strong>la CUT advirti\u00f3 en el contexto del Primero de Mayo de la posibilidad real de un golpe de estado. <\/strong><strong>\u00bf<\/strong><strong>O<\/strong><strong>s refer\u00eds a golpes de estado de los que hab\u00eda en Latinoam\u00e9rica hace, no s\u00e9, treinta, cuarenta a\u00f1os, a ese tipo de golpe de estado? \u00bfO hablas de otro tipo de golpe de estado que tambi\u00e9n puede ser mediante la judicatura, mediante los medios de comunicaci\u00f3n?<\/strong><\/p>\n\n\n\n<p>Yo creo que es diferente. Es diferente el golpe de estado de hace veinte a\u00f1os, treinta a\u00f1os con las dictaduras que hubo, al de hoy. Pero conduce a lo mismo, a bajar a Petro de la presidencia y tomar el poder los que lo tuvieron toda la vida. Ellos tienen unas poderosas redes sociales con mensajes que dicen que Petro es malo, que qu\u00e9 miedo que est\u00e1 abriendo a Venezuela, que la gente se va a ir del pa\u00eds, que la gente no va a invertir, que Petro es un guerrillero, que es lo peor que puede ocurrir. Ellos lo hacen d\u00eda y noche. Y salimos nosotros, los de la CUT y los sindicatos y los organismos sociales a una protesta para apoyar al gobierno en sus reformas sociales, y entonces la derecha a los ocho d\u00edas tambi\u00e9n sale a otra protesta contra Petro. Entonces, hay que poner mucho cuidado. Yo soy de las que pienso que esos intentones de golpes s\u00ed se dan.<\/p>\n\n\n\n<p>Yo vivo en un lugar en Medell\u00edn, Paisa. All\u00e1 hay mucha gente del lado de Uribe. En la misma familia de uno, se re\u00fane y hay debates de pol\u00edticos, porque mi hermana es uribista. Yo no, yo soy Petrita. Pero m\u00e1s que eso, uno lee en las redes c\u00f3mo fomentan el odio hacia Petro, hacia el gobierno de Petro, hacia sus propuestas. Y lo fomentan con mentiras, con puras mentiras. Que los capitalistas se van a ir de Colombia. \u00a1Mentira! La semana pasada le\u00ed un art\u00edculo que los mayores capitalistas, empresarios de Colombia, est\u00e1n ah\u00ed tranquilos produciendo y teniendo sus ganancias. \u00bfQu\u00e9 se van a ir? Si en Colombia casi no pagan impuestos como ustedes. Pero la derecha aprovecha sus mentiras. \u201cCon Petro se va a acabar Colombia porque est\u00e1 trayendo toda la pol\u00edtica de Venezuela\u201d. Eso no es cierto. Pero, c\u00f3mo inyectan ese veneno. Y c\u00f3mo la gente les cree a veces. Que yo me siento con mi familia y salimos agarradas.<\/p>\n\n\n\n<p>Entonces, s\u00ed hay que tener mucho cuidado con esas ideas que salen en los medios de comunicaci\u00f3n, porque ellos est\u00e1n a favor de la derecha. Por ejempo, esta semana<a href=\"#sdfootnote1sym\" id=\"sdfootnote1anc\"><sup>1<\/sup><\/a> estamos en paro en magisterio y yo no he visto muchas noticias que lo favorezcan. Este paro es para llamar la atenci\u00f3n del Magisterio de una reforma que pas\u00f3 y que, bueno, se logr\u00f3 hundir. Tenemos que decirle a Petro, \u201cpilas\u201d. Eso es el miedo que hay al golpe de estado.<\/p>\n\n\n\n<p><strong>\u00bfL<\/strong><strong>as fuerzas paramilitares est\u00e1n actuando a\u00fan?<\/strong><\/p>\n\n\n\n<p>S\u00ed. Ellos tambi\u00e9n negociaron con Uribe, por ejemplo, tambi\u00e9n hubo procesos de ellos, de entrega de armas.<\/p>\n\n\n\n<p><strong>Y supongo que los y las sindicalistas est\u00e1is en en su punto de mira.<\/strong><\/p>\n\n\n\n<p>Claro, han llegado estos d\u00edas cartas de amenaza de ellos. Bueno, algunas son ciertas, otras ser\u00e1n falsas, pero hay que tener mucho cuidado. En r\u00edo revuelto, todo el mundo pesca. Pero s\u00ed han llegado cartas de los paramilitares, amenaz\u00e1ndonos. A muchos en Colombia en este momento les han llegado cartas de amenaza. Vivimos esa situaci\u00f3n con preocupaci\u00f3n.<\/p>\n\n\n\n<p><strong>\u00bfY qu\u00e9 est\u00e1is haciendo vosotros y vosotras desde el sindicalismo en este proceso de transformaci\u00f3n social? \u00bfC\u00f3mo est\u00e1is ayudando?<\/strong><\/p>\n\n\n\n<p>Mucho, mucho, mucho. Petro sabe que nosotros tenemos orientaci\u00f3n, que vamos a las calles, desde las centrales y el comando, ah\u00ed hay un comando de paro, con las centrales unidas, las organizaciones sociales, los ind\u00edgenas, eso se llama comando de paro y nosotros somos los que convocamos a las calles, apoyando. Antes eran otros gobiernos. \u201cSalgamos en contra de esa reforma de Duque\u201d. \u201cSalgamos en contra de las reformas de Uribe\u201d. Ahora salimos a apoyar al gobierno social.<\/p>\n\n\n\n<figure class=\"wp-block-image size-large\"><img loading=\"lazy\" decoding=\"async\" width=\"1024\" height=\"528\" src=\"https:\/\/www.lab.eus\/wp-content\/uploads\/2024\/08\/Iruneko-mintegia-2-1024x528.jpeg\" alt=\"\" class=\"wp-image-72974\" srcset=\"https:\/\/www.lab.eus\/wp-content\/uploads\/2024\/08\/Iruneko-mintegia-2-1024x528.jpeg 1024w, https:\/\/www.lab.eus\/wp-content\/uploads\/2024\/08\/Iruneko-mintegia-2-300x155.jpeg 300w, https:\/\/www.lab.eus\/wp-content\/uploads\/2024\/08\/Iruneko-mintegia-2-768x396.jpeg 768w, https:\/\/www.lab.eus\/wp-content\/uploads\/2024\/08\/Iruneko-mintegia-2-150x77.jpeg 150w, https:\/\/www.lab.eus\/wp-content\/uploads\/2024\/08\/Iruneko-mintegia-2-696x359.jpeg 696w, https:\/\/www.lab.eus\/wp-content\/uploads\/2024\/08\/Iruneko-mintegia-2-1068x551.jpeg 1068w, https:\/\/www.lab.eus\/wp-content\/uploads\/2024\/08\/Iruneko-mintegia-2.jpeg 1280w\" sizes=\"auto, (max-width: 1024px) 100vw, 1024px\" \/><\/figure>\n\n\n\n<p><strong>Pero segu\u00eds saliendo a la calle.<\/strong><\/p>\n\n\n\n<p>S\u00ed. Y es m\u00e1s, salimos, y a los ocho d\u00edas salen ellos. En contra. Pero s\u00ed, claro, es totalmente apoyo al momento. Ahora, en el marco de nuestra autonom\u00eda. Somos aut\u00f3nomos. Porque tal vez nos dicen \u201cah, es que ustedes son del Gobierno, ustedes est\u00e1n vendiendo el sindicato, no tienen autonom\u00eda\u201d. No, tenemos autonom\u00eda. De hecho, con la educaci\u00f3n le dijimos a Petro, o cambia eso, o paro. Entonces, s\u00ed, en el marco de la autonom\u00eda, en el marco de la independencia, estamos apoyando las propuestas del Gobierno porque son buenas.<\/p>\n\n\n\n<p>Los empresarios le dijeron a Petro en la comisi\u00f3n de concertaci\u00f3n laboral que estaba llevando a cabo las propuestas de los sindicalistas. Eso es lo que buscamos.<\/p>\n\n\n\n<p><strong>Es curiosa el significado de la palabra reforma, c\u00f3mo cambia de un sitio a otro. Porque aqu\u00ed cuando escuchamos \u201creforma\u201d, siempre va en sentido negativo; es decir, cuando el gobierno espa\u00f1ol plantea una reforma laboral o de pensiones, siempre es para rebajar o para quitar derechos. Pero entiendo que en estos momentos, cuando hablamos de las reformas de Petro, son cosas positivas. Aunque claro hay que discutirlas mucho y hay que negociarlas mucho, como ha pasado en la reforma de las de las pensiones, \u00bfno? Que se ha aprobado hace poco.<\/strong><\/p>\n\n\n\n<p>Uno de los puntos m\u00e1s contravertidos de la reforma de pensiones fue establecer la obligatoriedad de cotizar al fondo p\u00fablico, seg\u00fan los ingresos de los trabajadores. En la primera versi\u00f3n de la reforma, se establec\u00eda un umbral de cotizaci\u00f3n de tres salarios m\u00ednimos. Nosotros como central le dijimos a Petro que no bajaran de cuatro salarios m\u00ednimos. Que vienen a ser unos 1.600 euros. Que no bajara de ah\u00ed. Eso es la base para el pensionado. Que al tener ese salario, hasta ese tope pod\u00eda pensionarse bien. Entonces, los dem\u00e1s del gobierno y los del Centro Democr\u00e1tico, sobre todo, atacaron, y dijeron no, no apoyamos la reforma pensional con eso de los cuatro salarios m\u00ednimos para el pensionado. Entonces bajaron a 2,3 salarios. Dar\u00eda para que ese tope tengan derecho a la pensi\u00f3n, tengan el derecho. Entonces, claro, qued\u00f3 bajito. La clase baja s\u00ed que se favorece porque el salario es poco. Pero la clase media, no. Hay que poner cuidado, claro. Para que los contradictores apoyar\u00e1n esa reforma, tuvieron que aceptar ese 2,3. Nosotros no compartimos. Y le mandamos una carta al gobierno y a los congresistas de que era bueno que tuviera mejor monto el trabajador para su pensi\u00f3n, pero qued\u00f3 en 2,3.<\/p>\n\n\n\n<p>En otros punto no tuvimos diferencias. Las pensiones las manejaban los privados. O sea, eran un manejo de una pensi\u00f3n injusta al futuro de que maneja lo privado, la plata del pensionado. Y Colpensiones, que es lo p\u00fablico, quedaban muy mal. Ahora, los trabajadores tienen derecho a afiliarse a Colpensiones, que es p\u00fablico. Los trabajadores que no han tenido nunca una pensi\u00f3n, como m\u00e1s o menos tres mil personas, van a tener un bono que se llama pensional, un apoyo de subsidio. La reforma de las pensiones tiene cuatro pilares. Y el pilar solidario es para que el que nunca ha tenido pensi\u00f3n ahora reciba 235.000 pesos colombianos (como 60 euros), que tampoco es mucho. Eso, pues, es un beneficio de esta reforma.<\/p>\n\n\n\n<p>A las mujeres les rebajan las semanas de cotizaci\u00f3n. Porque la mujer forma parte de la econom\u00eda de los cuidados, tiene que hacerse cargo de los hijos, del cuidado de la familia. Entonces, tiene menos semanas de cotizaci\u00f3n. Por cada hijo le rebajan cincuenta semanas de cotizaci\u00f3n. Las mujeres van a tener un trato diferente sobre las pensiones, porque van a tener beneficio hasta el tercer hijo, pero a m\u00ed me parece positivo, como mujer. Muchos hombres dicen, \u201cay, eso no es justo\u201d. Pero claro que lo es. Los hombres deben entender que las mujeres tienen a veces m\u00e1s dificultades, porque dejaron de trabajar para cuidar de la casa, de los hijos, del esposo. El esposo puede salir a trabajar, a estudiar, el hijo tambi\u00e9n, pero porque hay una mujer que se qued\u00f3 en casa. Entonces, claro, toda esa econom\u00eda del cuidado tiene que reconocerse que es un trabajo de lo que estamos haciendo, y esos beneficios se encuentran muy bien.<\/p>\n\n\n\n<figure class=\"wp-block-image size-full\"><img loading=\"lazy\" decoding=\"async\" width=\"994\" height=\"541\" src=\"https:\/\/www.lab.eus\/wp-content\/uploads\/2024\/08\/Bilboko-mintegia-3.jpeg\" alt=\"\" class=\"wp-image-72978\" srcset=\"https:\/\/www.lab.eus\/wp-content\/uploads\/2024\/08\/Bilboko-mintegia-3.jpeg 994w, https:\/\/www.lab.eus\/wp-content\/uploads\/2024\/08\/Bilboko-mintegia-3-300x163.jpeg 300w, https:\/\/www.lab.eus\/wp-content\/uploads\/2024\/08\/Bilboko-mintegia-3-768x418.jpeg 768w, https:\/\/www.lab.eus\/wp-content\/uploads\/2024\/08\/Bilboko-mintegia-3-150x82.jpeg 150w, https:\/\/www.lab.eus\/wp-content\/uploads\/2024\/08\/Bilboko-mintegia-3-696x379.jpeg 696w\" sizes=\"auto, (max-width: 994px) 100vw, 994px\" \/><\/figure>\n\n\n\n<div class=\"wp-block-group is-nowrap is-layout-flex wp-container-core-group-is-layout-ad2f72ca wp-block-group-is-layout-flex\">\n<p><strong>Adem\u00e1s hay una reforma laboral, que se est\u00e1 discutiendo ahora.<\/strong><\/p>\n<\/div>\n\n\n\n<p>La laboral pas\u00f3 un debate la semana pasada. Qued\u00f3 aplazado para agosto. Tambi\u00e9n llegaron a acuerdos, porque hay que llegar, entre ellos hay que llegar a acuerdos. Yo entiendo que hay que llegar a acuerdos. Mucha gente dice que no, que nada de acuerdo con los de all\u00e1, pero necesitamos votos. El Congreso es con votos. Ojal\u00e1 tuvi\u00e9ramos mayor\u00eda en el Congreso, pues, hubiera pasado todo ya. Entonces, se llegan a acuerdos. Hubo un acuerdo que no nos gust\u00f3 a los sindicalistas en la reforma laboral. No nos gust\u00f3 que hubieran sacado el cap\u00edtulo de los derechos colectivos, negociaci\u00f3n, huelga, derecho de la negociaci\u00f3n colectiva. Ese cap\u00edtulo lo sacaron del todo.<\/p>\n\n\n\n<p><strong>O sea, lo sacaron para no tocarlo.<\/strong><\/p>\n\n\n\n<p>Para no tocarlo. No lo tocan, lo que era reforzarlo, porque de todas maneras se sabe que el convenio 87 y 98 de la OIT protege a nivel mundial al trabajador en la libertad sindical y derechos de asociaci\u00f3n. Pero aqu\u00ed quer\u00eda reforzarse, y ese cap\u00edtulo no lo quisieron y lo sacaron. Siguen negociando lo dem\u00e1s: estabilidad laboral, quieren que haya mayor formalizaci\u00f3n&#8230; O sea, all\u00e1 en Colombia, hay un 69% de informalidad, trabajan sin derecho a prestaciones, sin salud, en las calles&#8230; Que haya mayor estabilidad laboral. No sea por tres meses, por un mes, por horas, que los j\u00f3venes tengan derecho.<\/p>\n\n\n\n<p><strong>Es recuperar derechos que hab\u00edan quitado los anteriores gobiernos.<\/strong><\/p>\n\n\n\n<p>Claro. El anterior gobierno de Duque reuni\u00f3 una reforma laboral horrible. La CUT est\u00e1 totalmente metida en esta discusi\u00f3n.<\/p>\n\n\n\n<p><strong>\u00bfLa transformaci\u00f3n social y el proceso de paz van de la mano?<\/strong><\/p>\n\n\n\n<p>Las reformas sociales se votan en el Congreso. Y ah\u00ed es donde tenemos que llegar a algunos acuerdos que no nos gustan mucho. Pero a la par que est\u00e1 eso en el Congreso, por otro lado, el Gobierno tiene la propuesta del ELN de que se negocie, se hable, que dejen las armas, que cese el fuego, que vuelvan a hacer la vida civil, la entrega de armas, pero ellos tambi\u00e9n exigen: que se nos den estas condiciones, que nos saquen bien, que no nos maten&#8230; Eso va a la par. Pero eso no se vota en el Congreso. La paz no va con votos. La paz es negociada. Eso es lo que pide la CUT: soluci\u00f3n negociada al conflicto armado. Y eso necesita dejar las armas, eso necesita tambi\u00e9n propuestas para los que est\u00e1n en el ELN. Ese proceso ha tenido momentos dif\u00edciles, pero nosotros avalamos que siga el proceso de di\u00e1logo por la paz. Que el ELN tambi\u00e9n avance con el gobierno, que no pierda este cuarto de hora. Porque anteriormente, como te digo, han habido doce procesos de paz. Pero eso no es con votos.<\/p>\n\n\n\n<p><strong>Pero supongo que el ELN no solo hablar\u00e1 de cosas pr\u00e1cticas como son las entregas de armas. Tambi\u00e9n hablar\u00e1n de otras temas relacionados con la justicia social.<\/strong><\/p>\n\n\n\n<p>S\u00ed, de educaci\u00f3n, de salud. Ellos de por s\u00ed hacen sus reuniones de participaci\u00f3n, llaman, por ejemplo, a una reuni\u00f3n en un departamento Santander. 1.000 personas. Poblaci\u00f3n civil, ind\u00edgenas, hombres, mujeres&#8230; Los escuchan y llevan las propuestas a las negociaciones.<\/p>\n\n\n\n<p><strong>\u00bfLa CUT piensa que la paz tiene que venir acompa\u00f1ada de justicia social?<\/strong><\/p>\n\n\n\n<p>S\u00ed, claro. La CUT dice \u201csoluci\u00f3n negociada al conflicto armado\u201d y tambi\u00e9n justicia social. \u00bfQu\u00e9 quiere decir justicia social? Matr\u00edcula cero, vivienda, comida, recuperaci\u00f3n de tierras para el campesino, un salario digno, educaci\u00f3n para los j\u00f3venes, que no violencia hacia las mujeres, que no haya tanto feminicidio, que no haya tanta muerte de campesinos, que los j\u00f3venes no los persigan ni los torturen porque tienen derecho a hablar&#8230;<\/p>\n\n\n\n<p><strong>D<\/strong><strong>esde Euskal Herri<\/strong><strong>a<\/strong><strong>, desde una mirada internacionalista, qu\u00e9 podemos aportar para contribuir a fortalecer el cambio social que est\u00e1is intentando en Colombia?<\/strong><\/p>\n\n\n\n<p>Ustedes han sido muy solidarios. Hay algo que nos une, la sorietina. Independiente de llegar a opiniones, somos solidarios, y el Pa\u00eds Vasco ha sido solidario con Colombia, con la paz. Y yo los veo justo en el campo de la paz de Colombia, me admiro, porque se cruzan por la paz en Colombia, son solidarios, tratan muy bien a los colombianos aqu\u00ed, a los tribunales colombianos.<\/p>\n\n\n\n<figure class=\"wp-block-image size-large\"><img loading=\"lazy\" decoding=\"async\" width=\"723\" height=\"1024\" src=\"https:\/\/www.lab.eus\/wp-content\/uploads\/2024\/08\/Kartela-Bilbo-723x1024.jpg\" alt=\"\" class=\"wp-image-72980\" srcset=\"https:\/\/www.lab.eus\/wp-content\/uploads\/2024\/08\/Kartela-Bilbo-723x1024.jpg 723w, https:\/\/www.lab.eus\/wp-content\/uploads\/2024\/08\/Kartela-Bilbo-212x300.jpg 212w, https:\/\/www.lab.eus\/wp-content\/uploads\/2024\/08\/Kartela-Bilbo-768x1087.jpg 768w, https:\/\/www.lab.eus\/wp-content\/uploads\/2024\/08\/Kartela-Bilbo-150x212.jpg 150w, https:\/\/www.lab.eus\/wp-content\/uploads\/2024\/08\/Kartela-Bilbo-300x425.jpg 300w, https:\/\/www.lab.eus\/wp-content\/uploads\/2024\/08\/Kartela-Bilbo-696x985.jpg 696w, https:\/\/www.lab.eus\/wp-content\/uploads\/2024\/08\/Kartela-Bilbo.jpg 904w\" sizes=\"auto, (max-width: 723px) 100vw, 723px\" \/><\/figure>\n","protected":false},"excerpt":{"rendered":"<p>Rosalba G\u00f3mez V\u00e1squez (Medell\u00edn, 1955) es la actual responsable de relaciones internacionales de la Central Unitaria de Trabajadores (CUT), primera fuerza sindical de Colombia, que re\u00fane a m\u00e1s de 1.000 sindicatos y cuenta con unas 570.000 personas afiliadas. Educadora de profesi\u00f3n, cuenta con una dilatada experiencia de 33 a\u00f1os como dirigente sindical en Medell\u00edn, como maestra del sindicato de maestros, posteriormente en GECODE (Federaci\u00f3n Grande de Colombia de Educadores) y en la mencionada CUT.<\/p>\n","protected":false},"author":1191,"featured_media":72969,"comment_status":"closed","ping_status":"closed","sticky":false,"template":"","format":"standard","meta":{"_monsterinsights_skip_tracking":false,"_monsterinsights_sitenote_active":false,"_monsterinsights_sitenote_note":"","_monsterinsights_sitenote_category":0,"footnotes":"","_links_to":"","_links_to_target":""},"categories":[4,2973],"tags":[4863,2139,2569,3178,3165,3173,4865],"class_list":{"0":"post-72971","1":"post","2":"type-post","3":"status-publish","4":"format-standard","5":"has-post-thumbnail","7":"category-es-internacional","8":"category-secretarias","9":"tag-central-unitaria-de-trabajadores","10":"tag-colombia","11":"tag-cut","12":"tag-destacado-1","13":"tag-entrevista","14":"tag-internacional-es","15":"tag-rosalba-gomez-vasquez-2"},"_links":{"self":[{"href":"https:\/\/www.lab.eus\/es\/wp-json\/wp\/v2\/posts\/72971","targetHints":{"allow":["GET"]}}],"collection":[{"href":"https:\/\/www.lab.eus\/es\/wp-json\/wp\/v2\/posts"}],"about":[{"href":"https:\/\/www.lab.eus\/es\/wp-json\/wp\/v2\/types\/post"}],"author":[{"embeddable":true,"href":"https:\/\/www.lab.eus\/es\/wp-json\/wp\/v2\/users\/1191"}],"replies":[{"embeddable":true,"href":"https:\/\/www.lab.eus\/es\/wp-json\/wp\/v2\/comments?post=72971"}],"version-history":[{"count":2,"href":"https:\/\/www.lab.eus\/es\/wp-json\/wp\/v2\/posts\/72971\/revisions"}],"predecessor-version":[{"id":72984,"href":"https:\/\/www.lab.eus\/es\/wp-json\/wp\/v2\/posts\/72971\/revisions\/72984"}],"wp:featuredmedia":[{"embeddable":true,"href":"https:\/\/www.lab.eus\/es\/wp-json\/wp\/v2\/media\/72969"}],"wp:attachment":[{"href":"https:\/\/www.lab.eus\/es\/wp-json\/wp\/v2\/media?parent=72971"}],"wp:term":[{"taxonomy":"category","embeddable":true,"href":"https:\/\/www.lab.eus\/es\/wp-json\/wp\/v2\/categories?post=72971"},{"taxonomy":"post_tag","embeddable":true,"href":"https:\/\/www.lab.eus\/es\/wp-json\/wp\/v2\/tags?post=72971"}],"curies":[{"name":"wp","href":"https:\/\/api.w.org\/{rel}","templated":true}]}}