{"id":72950,"date":"2024-08-19T12:11:25","date_gmt":"2024-08-19T12:11:25","guid":{"rendered":"https:\/\/www.lab.eus\/?p=72950"},"modified":"2024-08-19T12:11:26","modified_gmt":"2024-08-19T12:11:26","slug":"el-alcalde-aburto-pone-en-riesgo-innecesariamente-a-trabajadores-y-trabajadoras-del-ayuntamiento-de-bilbo","status":"publish","type":"post","link":"https:\/\/www.lab.eus\/es\/el-alcalde-aburto-pone-en-riesgo-innecesariamente-a-trabajadores-y-trabajadoras-del-ayuntamiento-de-bilbo\/","title":{"rendered":"El alcalde Aburto pone en riesgo innecesariamente a trabajadores y trabajadoras del Ayuntamiento de Bilbo"},"content":{"rendered":"\n<p>Un a\u00f1o m\u00e1s y dentro de Aste Nagusia, el PNV, de la mano del alcalde Aburto, con el apoyo silencioso de su compa\u00f1ero de gobierno el PSE utiliza a los trabajadores y las trabajadoras de la Polic\u00eda Municipal del Ayuntamiento de Bilbo para reprimir e implantar por la fuerza su modelo de fiestas y de ciudad.<\/p>\n\n\n\n<p>En los pocos d\u00edas que llevamos de Aste Nagusia Aburto ha ordenado dos actuaciones que poco o nada tienen que ver con el modelo de Polic\u00eda de Proximidad que dice aplicar y defender: el desalojo de las personas manteras de las calles y la limpieza de paredes retirando pancartas de apoyo a Palestina.<\/p>\n\n\n\n<p>El modelo de polic\u00eda de proximidad se basa, entre otras \u201c<em>en promoci\u00f3n de la convivencia pac\u00edfica, la b\u00fasqueda de la erradicaci\u00f3n de toda forma de violencia, la utilizaci\u00f3n pac\u00edfica, respetuosa y ordenada de las v\u00edas y de los espacios\u201d, <\/em>como lo indica en su Pacto por la Seguridad que presentaba a bombo y platillo no hace muchas semanas.<\/p>\n\n\n\n<p>Para nuestro Alcalde, en la <em>convivencia pac\u00edfica<\/em> solo tienen cabida aquellas personas que \u00e9l considera adecuadas y desde luego <em>la utilizaci\u00f3n pac\u00edfica, respetuosa y ordenada de las v\u00edas y los espacios<\/em> no parece incluir muestras de solidaridad con pueblos oprimidos.<\/p>\n\n\n\n<p>El papel lo aguanta todo. Aburto no ha estado ni estar\u00e1 nunca a favor de una polic\u00eda de proximidad. Los bandazos que da lo dejan claro: cambio de un calendario que se aleja de este modelo, selecci\u00f3n y formaci\u00f3n de agentes en Arkaute, ordena actuaciones represivas poniendo en riesgo a las y los agentes\u2026<\/p>\n\n\n\n<p>LAB seguir\u00e1 denunciado todas aquellas actuaciones que nos alejen de este modelo. Nosotras s\u00ed tenemos claro qu\u00e9 tipo de polic\u00eda es la que queremos. Otros sindicatos, tambi\u00e9n tienen claro cu\u00e1l es su modelo y parece que se ponen nerviosos cuando LAB se opone.<\/p>\n\n\n\n<p>La semana pasada, LAB critic\u00f3 en las redes sociales que hab\u00eda tenido lugar una actuaci\u00f3n policial en el Arenal, una publicaci\u00f3n muy escueta, todo hay que decirlo. Esto no ha gustado a algunos sindicatos del Ayuntamiento de Bilbo y nos acusan de no defender a trabajadores y trabajadoras. Eso es mentira y lo saben.<\/p>\n\n\n\n<p>La Secci\u00f3n Sindical de LAB del Ayuntamiento de Bilbo es parte activa en todas las negociaciones, sean del colectivo que sean, e intentamos siempre trabajar en conjunto con el resto de sindicatos. As\u00ed lo hicimos tambi\u00e9n en las negociaciones de la modificaci\u00f3n del calendario, que por cierto, fueron conjuntas y \u00fanicas, como Junta de Personal, pero parece que eso tambi\u00e9n se les olvida. Lamentablemente no podemos decir lo mismo de algunos sindicatos que se emplean a fondo solo y exclusivamente con algunos colectivos. Eso tiene un nombre, corporativismo.<\/p>\n\n\n\n<p>LAB no es un sindicato corporativista y por ello defender\u00e1 a todo tipo de trabajadores y trabajadoras, incluso a las y los que por circunstancias de la vida tienen que empezar desde abajo. Eso no supone defender a unos y unas y olvidarnos de otras y otros, como pretenden vender algunos.<\/p>\n\n\n\n<p>La Secci\u00f3n Sindical de LAB tiene muy claro de d\u00f3nde vienen las \u00f3rdenes y qui\u00e9n pretende implantar un modelo que nada tiene que ver con el que defendemos (alcalde y PNV). Parece ser que dentro de nuestra Polic\u00eda Municipal, sindicatos como ERNE y ESAN, adem\u00e1s de equivocarse de adversario, se encuentran c\u00f3modos en ese otro modelo que no es de proximidad acercando sus discursos (las personas manteras son delincuentes, las txosnas defraudadoras, la izquierda independentista es defensora de lo ilegal, el euskara supone imposici\u00f3n y discriminaci\u00f3n, la cr\u00edtica pol\u00edtica es un ataque, desprecio a puntos morados y de autodefensa feminista, etc.) y pr\u00e1cticas (asunci\u00f3n y reivindicaci\u00f3n de tareas no propias de la polic\u00eda local, petici\u00f3n de material y formaci\u00f3n antidisturbios, etc.) a modelos y marcos ideol\u00f3gicos de ultraderecha, secur\u00f3cratas y punitivistas. Desgraciadamente, ambos (PNV y sindicatos mencionados) se retroalimentan y colaboran en alejar a la Polic\u00eda Municipal de la ciudadan\u00eda, socavar su prestigio y poner en riesgo la seguridad de los y las agentes. Adem\u00e1s, dicho sea de paso, de alentar a elementos retr\u00f3grados que encuentran en dichos marcos la justificaci\u00f3n para realizar acciones antisindicales como retirar propaganda de LAB de los tablones de Miribilla.<\/p>\n\n\n\n<p>Bien, si es as\u00ed, siempre nos tendr\u00e1n enfrente, porque sabemos que dentro de nuestra Polic\u00eda Municipal tambi\u00e9n hay qui\u00e9n tiene claro que quiere pertenecer a una Polic\u00eda de Proximidad, aunque el camino no sea sencillo.<\/p>\n\n\n\n<p>LAB emplaza a Aburto a que deje de ordenar actuaciones que alejan a la Polic\u00eda Municipal de Bilbo de ese modelo de proximidad que dice defender, y propicie una Aste Nagusia enconvivencia pac\u00edfica, buscando la erradicaci\u00f3n de toda forma de violencia, y permitiendo la utilizaci\u00f3n pac\u00edfica, respetuosa y ordenada de las v\u00edas y de los espacios.<\/p>\n\n\n\n<p>Polic\u00eda de proximidad, \u00a1ya!<\/p>\n\n\n\n<p><\/p>\n","protected":false},"excerpt":{"rendered":"<p>Un a\u00f1o m\u00e1s y dentro de Aste Nagusia, el PNV, de la mano del alcalde Aburto, con el apoyo silencioso de su compa\u00f1ero de gobierno el PSE utiliza a los trabajadores y las trabajadoras de la Polic\u00eda Municipal del Ayuntamiento de Bilbo para reprimir e implantar por la fuerza su modelo de fiestas y de ciudad.<\/p>\n","protected":false},"author":1191,"featured_media":72946,"comment_status":"closed","ping_status":"closed","sticky":false,"template":"","format":"standard","meta":{"_monsterinsights_skip_tracking":false,"_monsterinsights_sitenote_active":false,"_monsterinsights_sitenote_note":"","_monsterinsights_sitenote_category":0,"footnotes":"","_links_to":"","_links_to_target":""},"categories":[18,3108,2867,6],"tags":[704,3033,3450,3475,3178,4558,3171],"class_list":{"0":"post-72950","1":"post","2":"type-post","3":"status-publish","4":"format-standard","5":"has-post-thumbnail","7":"category-es-accion-sindical","8":"category-administracion-municipal-y-foral","9":"category-federaciones","10":"category-es-servicios-publicos","11":"tag-aburto","12":"tag-accion-sindical-es","13":"tag-administracion-local-y-foral","14":"tag-ayuntamiento-de-bilbo","15":"tag-destacado-1","16":"tag-policia-municipal","17":"tag-servicios-publicos-es"},"_links":{"self":[{"href":"https:\/\/www.lab.eus\/es\/wp-json\/wp\/v2\/posts\/72950","targetHints":{"allow":["GET"]}}],"collection":[{"href":"https:\/\/www.lab.eus\/es\/wp-json\/wp\/v2\/posts"}],"about":[{"href":"https:\/\/www.lab.eus\/es\/wp-json\/wp\/v2\/types\/post"}],"author":[{"embeddable":true,"href":"https:\/\/www.lab.eus\/es\/wp-json\/wp\/v2\/users\/1191"}],"replies":[{"embeddable":true,"href":"https:\/\/www.lab.eus\/es\/wp-json\/wp\/v2\/comments?post=72950"}],"version-history":[{"count":1,"href":"https:\/\/www.lab.eus\/es\/wp-json\/wp\/v2\/posts\/72950\/revisions"}],"predecessor-version":[{"id":72951,"href":"https:\/\/www.lab.eus\/es\/wp-json\/wp\/v2\/posts\/72950\/revisions\/72951"}],"wp:featuredmedia":[{"embeddable":true,"href":"https:\/\/www.lab.eus\/es\/wp-json\/wp\/v2\/media\/72946"}],"wp:attachment":[{"href":"https:\/\/www.lab.eus\/es\/wp-json\/wp\/v2\/media?parent=72950"}],"wp:term":[{"taxonomy":"category","embeddable":true,"href":"https:\/\/www.lab.eus\/es\/wp-json\/wp\/v2\/categories?post=72950"},{"taxonomy":"post_tag","embeddable":true,"href":"https:\/\/www.lab.eus\/es\/wp-json\/wp\/v2\/tags?post=72950"}],"curies":[{"name":"wp","href":"https:\/\/api.w.org\/{rel}","templated":true}]}}