{"id":72939,"date":"2024-08-19T10:08:43","date_gmt":"2024-08-19T10:08:43","guid":{"rendered":"https:\/\/www.lab.eus\/?p=72939"},"modified":"2024-08-19T10:11:02","modified_gmt":"2024-08-19T10:11:02","slug":"ya-son-36-las-muertes-en-el-trabajo-en-euskal-herria-desde-inicio-de-ano","status":"publish","type":"post","link":"https:\/\/www.lab.eus\/es\/ya-son-36-las-muertes-en-el-trabajo-en-euskal-herria-desde-inicio-de-ano\/","title":{"rendered":"Ya son 36 las muertes en el trabajo en Euskal Herria desde inicio de a\u00f1o"},"content":{"rendered":"\n<p>LAB denuncia de forma firme que el 14 de agosto falleci\u00f3 el trabajador aut\u00f3nomo D.S. en Iurreta, cuando realizaba trabajos forestales. Con esta muerte, ya son 36 las y los trabajadores fallecidos en accidente laboral en Euskal Herria en lo que va de a\u00f1o.<\/p>\n\n\n\n<p>En primer lugar, desde el sindicato LAB queremos mostrar nuestro apoyo y solidaridad a familiares y allegadas y allegados del fallecido. En el sector forestal los riesgos son grandes. Trabajan con maquinaria peligrosa, en terrenos escarpados, climatolog\u00eda adversa\u2026 y adem\u00e1s, sus condiciones laborales son cada vez m\u00e1s precarias. Los beneficios econ\u00f3micos se imponen por encima de la salud y la vida de trabajadores y trabajadoras, tambi\u00e9n en este sector.<\/p>\n\n\n\n<p>Pedimos investigar las causas de la muerte de este trabajador y tambi\u00e9n sus condiciones laborales y ritmos de trabajo. Ha de se\u00f1alarse a los responsables.<\/p>\n\n\n\n<p>Nos parece preocupante y perturbador que los accidentes laborales aumenten a\u00f1o tras a\u00f1o. El aumento de los accidentes laborales es consecuencia de la pol\u00edtica de precarizaci\u00f3n y la falta de control de las instituciones en materia de salud laboral. Adoptando medidas necesarias en prevenci\u00f3n de riesgos laborales, y si el empleo creado fuera de calidad, los accidentes laborales no deber\u00edan por qu\u00e9 incrementarse.<\/p>\n\n\n\n<p>Exigimos a las instituciones y a los gobiernos que dejen de mirar hacia otro lado y que, de una vez, cambien de ra\u00edz las pol\u00edticas de salud laboral, que adopten medidas ante esta masacre y pongan en marcha pol\u00edticas reales necesarias para evitar accidentes. Para ello, hay que garantizar la seguridad y la vida de los trabajadores y trabajadoras por encima del inter\u00e9s econ\u00f3mico.<\/p>\n\n\n\n<p>Desde el sindicato LAB seguiremos trabajando y luchando por los derechos de los y las trabajadoras por su seguridad y la salud. El sindicato de clase necesita dar una respuesta firme, activando a la clase trabajadora y a la sociedad en su conjunto. Por ello, hacemos un llamamiento a la clase trabajadora para participar en las movilizaciones que se organizar\u00e1n para denunciar el \u00faltimo accidente laboral. En la misma l\u00ednea, reivindicamos un modelo justo y la necesidad de un marco propio que tenga en cuenta la seguridad y salud de las y los trabajadores.<\/p>\n","protected":false},"excerpt":{"rendered":"<p>LAB denuncia de forma firme que el 14 de agosto falleci\u00f3 el trabajador aut\u00f3nomo D.S. en Iurreta, cuando realizaba trabajos forestales. Con esta muerte, ya son 36 las y los trabajadores fallecidos en accidente laboral en Euskal Herria ne lo que va de a\u00f1o.<\/p>\n","protected":false},"author":1191,"featured_media":50371,"comment_status":"closed","ping_status":"closed","sticky":false,"template":"","format":"standard","meta":{"_monsterinsights_skip_tracking":false,"_monsterinsights_sitenote_active":false,"_monsterinsights_sitenote_note":"","_monsterinsights_sitenote_category":0,"footnotes":"","_links_to":"","_links_to_target":""},"categories":[18,130,15,2973],"tags":[3033,3178,3005,3083],"class_list":{"0":"post-72939","1":"post","2":"type-post","3":"status-publish","4":"format-standard","5":"has-post-thumbnail","7":"category-es-accion-sindical","8":"category-es-la-precariedad-mata-es-salud-laboral","9":"category-es-salud-laboral","10":"category-secretarias","11":"tag-accion-sindical-es","12":"tag-destacado-1","13":"tag-la-precariedad-mata","14":"tag-salud-laboral-es"},"_links":{"self":[{"href":"https:\/\/www.lab.eus\/es\/wp-json\/wp\/v2\/posts\/72939","targetHints":{"allow":["GET"]}}],"collection":[{"href":"https:\/\/www.lab.eus\/es\/wp-json\/wp\/v2\/posts"}],"about":[{"href":"https:\/\/www.lab.eus\/es\/wp-json\/wp\/v2\/types\/post"}],"author":[{"embeddable":true,"href":"https:\/\/www.lab.eus\/es\/wp-json\/wp\/v2\/users\/1191"}],"replies":[{"embeddable":true,"href":"https:\/\/www.lab.eus\/es\/wp-json\/wp\/v2\/comments?post=72939"}],"version-history":[{"count":2,"href":"https:\/\/www.lab.eus\/es\/wp-json\/wp\/v2\/posts\/72939\/revisions"}],"predecessor-version":[{"id":72942,"href":"https:\/\/www.lab.eus\/es\/wp-json\/wp\/v2\/posts\/72939\/revisions\/72942"}],"wp:featuredmedia":[{"embeddable":true,"href":"https:\/\/www.lab.eus\/es\/wp-json\/wp\/v2\/media\/50371"}],"wp:attachment":[{"href":"https:\/\/www.lab.eus\/es\/wp-json\/wp\/v2\/media?parent=72939"}],"wp:term":[{"taxonomy":"category","embeddable":true,"href":"https:\/\/www.lab.eus\/es\/wp-json\/wp\/v2\/categories?post=72939"},{"taxonomy":"post_tag","embeddable":true,"href":"https:\/\/www.lab.eus\/es\/wp-json\/wp\/v2\/tags?post=72939"}],"curies":[{"name":"wp","href":"https:\/\/api.w.org\/{rel}","templated":true}]}}