{"id":72892,"date":"2024-06-30T18:01:00","date_gmt":"2024-06-30T18:01:00","guid":{"rendered":"https:\/\/www.lab.eus\/?p=72892"},"modified":"2024-08-13T12:26:09","modified_gmt":"2024-08-13T12:26:09","slug":"opinion-mecaner-ez-dago-salgai-mecaner-herriarentzat","status":"publish","type":"post","link":"https:\/\/www.lab.eus\/es\/opinion-mecaner-ez-dago-salgai-mecaner-herriarentzat\/","title":{"rendered":"[OPINI\u00d3N]: Mecaner ez dago salgai. Mecaner Herriarentzat!"},"content":{"rendered":"\n<p>A continuaci\u00f3n os presentamos el art\u00edculo de opini\u00f3n de Unai Mirasolain, Juan Francisco G\u00f3mez y Pedro Guti\u00e9rrez, delegados de LAB en la planta de Urduliz, y otras muchas personas*, en relaci\u00f3n con el futuro de Mecaner.<\/p>\n\n\n\n<p>Durante d\u00e9cadas, Mecaner ha sido una referencia industrial en la comarca. Ante la decisi\u00f3n de la multinacional propietaria de deslocalizar la producci\u00f3n y cerrar la f\u00e1brica, despidiendo a la totalidad de la plantilla, quienes apoyamos una alternativa ecosocial hemos trabajado de manera conjunta para hacer frente a dicha situaci\u00f3n. Trabajadores, organizaciones ecologistas, alcaldesas y representantes inistucionales, miembros de la Academia y vecinas de Uribe Kosta nos hemos movilizado, apoyado huelgas, impulsado manifiestos de apoyo y defendido un plan de transici\u00f3n ecosocial como herramienta de lucha. El objetivo ha sido defender un futuro para Mecaner, sus trabajadores y la comarca.<br><br>La multinacional Stellantis ha cerrado Mecaner. El Gobierno Vasco, como siempre, ha mirado para otro lado. La legislaci\u00f3n laboral lo ha permitido. Pero las condiciones y alianzas creadas durante estos meses nos brindan la posibilidad de continuar con la pelea y defender una propuesta que d\u00e9 una segunda vida a la f\u00e1brica. No estamos dispuestas a perder esta oportunidad.<br><br>El sector de la automoci\u00f3n est\u00e1 transform\u00e1ndose por la realidad de la crisis ecol\u00f3gica, y, de ah\u00ed, la necesidad de una transici\u00f3n industrial integrada. Debemos aprovechar la situaci\u00f3n para propiciar, aqu\u00ed y ahora, una transici\u00f3n ecol\u00f3gica y socialmente justa.<br><br>Quienes apoyamos esta propuesta, defendemos que hoy, para hablar de un futuro para Mecaner, debiera garantizarse un proceso que se asiente en tres pilares.<br><br>Uno. La propiedad de las instalaciones. Reivindicamos una compra p\u00fablica transitoria que evite el desmantelamiento y la entrada de proyectos privados que primen el beneficio econ\u00f3mico y no una transformaci\u00f3n ecol\u00f3gicamente sostenible, con empleos de calidad y que responda a los retos de futuro.<br><br>Dos. Queremos que Mecaner sea un referente en la obligada transformaci\u00f3n ecosocial de la industria. Manteniendo una producci\u00f3n de corte industrial, reconducida hacia un producto y unos procesos de fabricaci\u00f3n sostenibles.<br><br>Tres. El c\u00f3mo. Para garantizar estos objetivos, queremos impulsar un proceso participativo en el que todas tengamos opci\u00f3n de proponer y decidir. Nosotras defendemos que tanto la propiedad como el proyecto industrial futuro deben vincularse a las necesidades sociales y de transformaci\u00f3n de la comarca y su territorio.<br><br>Quienes apoyamos esta iniciativa iniciaremos una interlocuci\u00f3n con la empresa multinacional, y lo haremos con el Gobierno Vasco y con quien haga falta para lograr un acuerdo sobre estos t\u00e9rminos: proceso participativo, propiedad p\u00fablica y transici\u00f3n ecosocial.<br><br>Invitamos a todas las personas y agentes sociales comprometidos con un futuro para Mecaner y su comarca, a que se sumen a la senda que ya hemos empezado a caminar.<br><\/p>\n\n\n\n<p><br><em>*Firman tambi\u00e9n Ignacio N\u00fa\u00f1ez, Sendoa Calleja y Juanma Cruz, delegados de ESK en Mecaner; Itziar Iratzagorria, Aitor Garagarza, Guruzne Carrasson y Jesus Mari Arizmendi, alcaldes de Urduliz, Plentzia, Sopela y Lemoiz; Ana Parall\u00e9, Aitor Gallastegi, Aritz Landeta y Alaitz Ajuriagerra, <\/em><em>de <\/em><em>Jauzi Ekosoziala; Lorea Flores, Pablo Aretxabala, Amaia Gonz\u00e1lez y Francisco del Pozo <\/em><em>(<\/em><em>Greenpeace<\/em><em>)<\/em><em>; Ritxi Hern\u00e1ndez y Alfonso Ca\u00f1o <\/em><em>(<\/em><em>Gune Ekosozialista<\/em><em>)<\/em><em>; Ugo Maior (investigador de la UPV\/EHU), I\u00f1aki Barcena (profesor de la UPV\/EHU) y Emaitz Ant\u00f3n, Aitor Tapia y Ramon Prestamero, habitantes de Urduliz.<\/em><\/p>\n","protected":false},"excerpt":{"rendered":"<p>A continuaci\u00f3n os presentamos el art\u00edculo de opini\u00f3n de Unai Mirasolain, Juan Francisco G\u00f3mez y Pedro Guti\u00e9rrez, delegados de LAB en la planta de Urduliz, y otras muchas personas*, en relaci\u00f3n con el futuro de Mecaner.<\/p>\n","protected":false},"author":1191,"featured_media":70263,"comment_status":"closed","ping_status":"closed","sticky":false,"template":"","format":"standard","meta":{"_monsterinsights_skip_tracking":false,"_monsterinsights_sitenote_active":false,"_monsterinsights_sitenote_note":"","_monsterinsights_sitenote_category":0,"footnotes":"","_links_to":"","_links_to_target":""},"categories":[18,2994,2867,2868,108],"tags":[3033,3182,4026,3178,3066,2996,4857,4217,3064,3951,4858,4663,4854],"class_list":{"0":"post-72892","1":"post","2":"type-post","3":"status-publish","4":"format-standard","5":"has-post-thumbnail","7":"category-es-accion-sindical","8":"category-accion-social","9":"category-federaciones","10":"category-industria-es","11":"category-es-metal","12":"tag-accion-sindical-es","13":"tag-accion-social-es","14":"tag-articulo-de-opinion","15":"tag-destacado-1","16":"tag-federaciones-es","17":"tag-industria-es","18":"tag-juan-francisco-gomez-2","19":"tag-mecaner","20":"tag-metal-es","21":"tag-opinion","22":"tag-pedro-gutierrez-2","23":"tag-transicion-ecosocial","24":"tag-unai-mirasolain"},"_links":{"self":[{"href":"https:\/\/www.lab.eus\/es\/wp-json\/wp\/v2\/posts\/72892","targetHints":{"allow":["GET"]}}],"collection":[{"href":"https:\/\/www.lab.eus\/es\/wp-json\/wp\/v2\/posts"}],"about":[{"href":"https:\/\/www.lab.eus\/es\/wp-json\/wp\/v2\/types\/post"}],"author":[{"embeddable":true,"href":"https:\/\/www.lab.eus\/es\/wp-json\/wp\/v2\/users\/1191"}],"replies":[{"embeddable":true,"href":"https:\/\/www.lab.eus\/es\/wp-json\/wp\/v2\/comments?post=72892"}],"version-history":[{"count":2,"href":"https:\/\/www.lab.eus\/es\/wp-json\/wp\/v2\/posts\/72892\/revisions"}],"predecessor-version":[{"id":72894,"href":"https:\/\/www.lab.eus\/es\/wp-json\/wp\/v2\/posts\/72892\/revisions\/72894"}],"wp:featuredmedia":[{"embeddable":true,"href":"https:\/\/www.lab.eus\/es\/wp-json\/wp\/v2\/media\/70263"}],"wp:attachment":[{"href":"https:\/\/www.lab.eus\/es\/wp-json\/wp\/v2\/media?parent=72892"}],"wp:term":[{"taxonomy":"category","embeddable":true,"href":"https:\/\/www.lab.eus\/es\/wp-json\/wp\/v2\/categories?post=72892"},{"taxonomy":"post_tag","embeddable":true,"href":"https:\/\/www.lab.eus\/es\/wp-json\/wp\/v2\/tags?post=72892"}],"curies":[{"name":"wp","href":"https:\/\/api.w.org\/{rel}","templated":true}]}}