{"id":72869,"date":"2024-07-10T06:41:00","date_gmt":"2024-07-10T06:41:00","guid":{"rendered":"https:\/\/www.lab.eus\/?p=72869"},"modified":"2024-08-13T07:49:22","modified_gmt":"2024-08-13T07:49:22","slug":"opinion-el-bilbao-bbk-live-me-quita-la-life","status":"publish","type":"post","link":"https:\/\/www.lab.eus\/es\/opinion-el-bilbao-bbk-live-me-quita-la-life\/","title":{"rendered":"[OPINI\u00d3N]: \u00a1El Bilbao BBK Live me quita la life!"},"content":{"rendered":"\n<p>Imanol Gonz\u00e1lez, Uxue Bejarano e I\u00f1igo Alonso son miembros de la Federaci\u00f3n de Servicios Privados en Bilbo y escriben un art\u00edculo de opini\u00f3n sobre el festival BBK Live, que arranca ma\u00f1ana. Pod\u00e9is leerlo a continuaci\u00f3n:<\/p>\n\n\n\n<p>Llega el verano y con \u00e9l, las fiestas populares de pueblos, barrios y ciudades. La fiestas siempre han sido un espacio donde las reivindicaciones sociales y pol\u00edticas, la relaci\u00f3n entre vecinas, la euforia popular\u2026 toman nuestras calles, generando durante d\u00edas un ejemplo de autogesti\u00f3n, de convivencia entre diferentes, de pueblo organizado o de desorganizaci\u00f3n organizada. Diferentes ejemplos de ganas de vivir y pas\u00e1rselo bien entorno a valores comunes, locales o transversales.<\/p>\n\n\n\n<p>Desde hace unos cuantos a\u00f1os entre festividad y festividad, se ha ido asentado un modelo festivo muy diferente al que est\u00e1bamos acostumbradas, el de los macro festivales. Eventos que difieren mucho a lo nombrado anteriormente y que se caracterizan por diferentes adjetivos, entre ellos: privatizaci\u00f3n, elitizaci\u00f3n, turistificaci\u00f3n y precariedad.<\/p>\n\n\n\n<p>En Bizkaia tenemos un evento que destaca por encima del resto, nuestra punta de <em>iceberg<\/em>, <strong>el Bilbao BBK live,<\/strong> que se celebrar\u00e1 el pr\u00f3ximo 11, 12 y 13 de julio en el Monte Kobetas de Bilbo. \u00bfPor qu\u00e9 nos referimos a \u00e9l como <em>iceberg<\/em>? Porque oculta mas de lo que ense\u00f1a. \u00bfAlguna vez has escuchado la frase \u00abla punta del <em>iceberg<\/em>\u00ab? <strong>Significa que solo ves una peque\u00f1a parte de todo lo que se esconde bajo la superficie<\/strong>. Es por ello que, como sociedad, debemos sumergirnos para poder contemplar lo que nos esconde, y si lo hacemos, el BBK live <strong>da miedito.<\/strong><\/p>\n\n\n\n<p>Condiciones laborales miserables e ilegales: jornadas laborales interminables por encima de lo que permite la ley, precio-hora por debajo de convenio, retrasos en los pagos, contratos fraudulentos (cuando se dispone de contrato, claro), condiciones insalubres, sin respeto a los descansos\u2026. Esto sumergi\u00e9ndonos solo un poco. Imaginaos lo que podr\u00edamos encontrarnos si pudi\u00e9semos ver todo lo que realmente esconde <em>Last Tour<\/em> (promotora de este y de varios macrofestivales) y todo su conglomerado de empresas, las cuales, c\u00f3mo no, tienen el visto bueno y subvenciones p\u00fablicas por parte del Ayuntamiento de Bilbo y de la Diputaci\u00f3n de Bizkaia.<\/p>\n\n\n\n<p>Al igual que los <em>iceberg<\/em> provienen de los desprendimientos de los polos, estos festivales se desprenden de un modelo de ciudad y de sociedad donde el habitante, lugare\u00f1a, villano\u2026 no pinta nada, en pro de la turistificaci\u00f3n, la privatizaci\u00f3n y el maldito dinero de unos pocos. Queremos lugares habitables y que nuestro derechos como vecinas y trabajadoras sean respetados, porque a este paso, compa\u00f1eras, se acu\u00f1ara un dicho popular que dir\u00e1: \u00a1<strong>El <\/strong><strong>Bilbao BBK <\/strong><strong>L<\/strong><strong>ive me quita la life!<\/strong><\/p>\n\n\n\n<figure class=\"wp-block-embed is-type-rich is-provider-twitter wp-block-embed-twitter\"><div class=\"wp-block-embed__wrapper\">\n<blockquote class=\"twitter-tweet\" data-width=\"550\" data-dnt=\"true\"><p lang=\"es\" dir=\"ltr\">Ma\u00f1ana comienza el <a href=\"https:\/\/twitter.com\/hashtag\/BilbaoBBKlive?src=hash&amp;ref_src=twsrc%5Etfw\">#BilbaoBBKlive<\/a><br><br>Tienes entradas\u2753<br>Vas a trabajar all\u00ed\u2753<br><br>Si has contestado afirmativamente a alguna de estas preguntas tienes que ver esto \ud83d\udc47\ud83c\udffe <a href=\"https:\/\/t.co\/zEBhHwGqzT\">pic.twitter.com\/zEBhHwGqzT<\/a><\/p>&mdash; LAB Bilbo (@LABbilbo) <a href=\"https:\/\/twitter.com\/LABbilbo\/status\/1810948573032501697?ref_src=twsrc%5Etfw\">July 10, 2024<\/a><\/blockquote><script async src=\"https:\/\/platform.twitter.com\/widgets.js\" charset=\"utf-8\"><\/script>\n<\/div><\/figure>\n","protected":false},"excerpt":{"rendered":"<p>Imanol Gonz\u00e1lez, Uxue Bejarano e I\u00f1igo Alonso son miembros de la Federaci\u00f3n de Servicios Privados en Bilbo y escriben un art\u00edculo de opini\u00f3n sobre el festival BBK Live, que arranca ma\u00f1ana. <\/p>\n","protected":false},"author":1191,"featured_media":72867,"comment_status":"closed","ping_status":"closed","sticky":false,"template":"","format":"standard","meta":{"_monsterinsights_skip_tracking":false,"_monsterinsights_sitenote_active":false,"_monsterinsights_sitenote_note":"","_monsterinsights_sitenote_category":0,"footnotes":"","_links_to":"","_links_to_target":""},"categories":[18,2867,8],"tags":[3033,4026,4846,3178,3066,4847,4845,3951,3172,4844],"class_list":{"0":"post-72869","1":"post","2":"type-post","3":"status-publish","4":"format-standard","5":"has-post-thumbnail","7":"category-es-accion-sindical","8":"category-federaciones","9":"category-es-servicios-privados","10":"tag-accion-sindical-es","11":"tag-articulo-de-opinion","12":"tag-bbk-live","13":"tag-destacado-1","14":"tag-federaciones-es","15":"tag-imanol-gonzalez-2","16":"tag-inigo-alonso","17":"tag-opinion","18":"tag-servicios-privados-es","19":"tag-uxue-bejarano"},"_links":{"self":[{"href":"https:\/\/www.lab.eus\/es\/wp-json\/wp\/v2\/posts\/72869","targetHints":{"allow":["GET"]}}],"collection":[{"href":"https:\/\/www.lab.eus\/es\/wp-json\/wp\/v2\/posts"}],"about":[{"href":"https:\/\/www.lab.eus\/es\/wp-json\/wp\/v2\/types\/post"}],"author":[{"embeddable":true,"href":"https:\/\/www.lab.eus\/es\/wp-json\/wp\/v2\/users\/1191"}],"replies":[{"embeddable":true,"href":"https:\/\/www.lab.eus\/es\/wp-json\/wp\/v2\/comments?post=72869"}],"version-history":[{"count":2,"href":"https:\/\/www.lab.eus\/es\/wp-json\/wp\/v2\/posts\/72869\/revisions"}],"predecessor-version":[{"id":72872,"href":"https:\/\/www.lab.eus\/es\/wp-json\/wp\/v2\/posts\/72869\/revisions\/72872"}],"wp:featuredmedia":[{"embeddable":true,"href":"https:\/\/www.lab.eus\/es\/wp-json\/wp\/v2\/media\/72867"}],"wp:attachment":[{"href":"https:\/\/www.lab.eus\/es\/wp-json\/wp\/v2\/media?parent=72869"}],"wp:term":[{"taxonomy":"category","embeddable":true,"href":"https:\/\/www.lab.eus\/es\/wp-json\/wp\/v2\/categories?post=72869"},{"taxonomy":"post_tag","embeddable":true,"href":"https:\/\/www.lab.eus\/es\/wp-json\/wp\/v2\/tags?post=72869"}],"curies":[{"name":"wp","href":"https:\/\/api.w.org\/{rel}","templated":true}]}}