{"id":72780,"date":"2024-08-02T08:47:55","date_gmt":"2024-08-02T08:47:55","guid":{"rendered":"https:\/\/www.lab.eus\/?p=72780"},"modified":"2024-08-02T08:47:56","modified_gmt":"2024-08-02T08:47:56","slug":"logramos-el-acuerdo-en-mondelez-de-viana","status":"publish","type":"post","link":"https:\/\/www.lab.eus\/es\/logramos-el-acuerdo-en-mondelez-de-viana\/","title":{"rendered":"Logramos el acuerdo en Mond\u00e9lez de Viana"},"content":{"rendered":"\n<p>Tras casi dos meses de huelga indefinida, la lucha ha dado sus frutos y en la empresa productora de galletas Oreo los trabajadores y las trabajadoras tendr\u00e1n un nuevo convenio.<\/p>\n\n\n\n<p>Los incrementos del IPC y la reducci\u00f3n de horas de trabajo, entre otros, han sido algunos de los beneficios obtenidos por este acuerdo.<\/p>\n\n\n\n<p>Sin embargo, por encima de todo, cabe destacar la disposici\u00f3n a la lucha mostrada por los trabajadores y las trabajadoras, ya que ha sido la raz\u00f3n para obtener estos frutos. Por encima del acoso y la represi\u00f3n de la empresa, hemos dejado claro que los trabajadores y las trabajadoras tienen mucho que decir y queremos insistir en la legitimidad de luchar por los derechos.<\/p>\n","protected":false},"excerpt":{"rendered":"<p>Tras casi dos meses de huelga indefinida, la lucha ha dado sus frutos y en la empresa productora de galletas Oreo los trabajadores y las trabajadoras tendr\u00e1n un nuevo convenio.<\/p>\n","protected":false},"author":1191,"featured_media":71467,"comment_status":"closed","ping_status":"closed","sticky":false,"template":"","format":"standard","meta":{"_monsterinsights_skip_tracking":false,"_monsterinsights_sitenote_active":false,"_monsterinsights_sitenote_note":"","_monsterinsights_sitenote_category":0,"footnotes":"","_links_to":"","_links_to_target":""},"categories":[18,2867,2868],"tags":[3033,3179,2996,4708],"class_list":{"0":"post-72780","1":"post","2":"type-post","3":"status-publish","4":"format-standard","5":"has-post-thumbnail","7":"category-es-accion-sindical","8":"category-federaciones","9":"category-industria-es","10":"tag-accion-sindical-es","11":"tag-destacado-2","12":"tag-industria-es","13":"tag-mondelez"},"_links":{"self":[{"href":"https:\/\/www.lab.eus\/es\/wp-json\/wp\/v2\/posts\/72780","targetHints":{"allow":["GET"]}}],"collection":[{"href":"https:\/\/www.lab.eus\/es\/wp-json\/wp\/v2\/posts"}],"about":[{"href":"https:\/\/www.lab.eus\/es\/wp-json\/wp\/v2\/types\/post"}],"author":[{"embeddable":true,"href":"https:\/\/www.lab.eus\/es\/wp-json\/wp\/v2\/users\/1191"}],"replies":[{"embeddable":true,"href":"https:\/\/www.lab.eus\/es\/wp-json\/wp\/v2\/comments?post=72780"}],"version-history":[{"count":1,"href":"https:\/\/www.lab.eus\/es\/wp-json\/wp\/v2\/posts\/72780\/revisions"}],"predecessor-version":[{"id":72781,"href":"https:\/\/www.lab.eus\/es\/wp-json\/wp\/v2\/posts\/72780\/revisions\/72781"}],"wp:featuredmedia":[{"embeddable":true,"href":"https:\/\/www.lab.eus\/es\/wp-json\/wp\/v2\/media\/71467"}],"wp:attachment":[{"href":"https:\/\/www.lab.eus\/es\/wp-json\/wp\/v2\/media?parent=72780"}],"wp:term":[{"taxonomy":"category","embeddable":true,"href":"https:\/\/www.lab.eus\/es\/wp-json\/wp\/v2\/categories?post=72780"},{"taxonomy":"post_tag","embeddable":true,"href":"https:\/\/www.lab.eus\/es\/wp-json\/wp\/v2\/tags?post=72780"}],"curies":[{"name":"wp","href":"https:\/\/api.w.org\/{rel}","templated":true}]}}