{"id":72692,"date":"2024-07-24T11:54:31","date_gmt":"2024-07-24T11:54:31","guid":{"rendered":"https:\/\/www.lab.eus\/?p=72692"},"modified":"2024-07-24T11:54:32","modified_gmt":"2024-07-24T11:54:32","slug":"la-falta-de-seguridad-laboral-que-acarrea-la-precariedad-mata","status":"publish","type":"post","link":"https:\/\/www.lab.eus\/es\/la-falta-de-seguridad-laboral-que-acarrea-la-precariedad-mata\/","title":{"rendered":"La falta de seguridad laboral que acarrea la precariedad mata"},"content":{"rendered":"\n<p>Todos los sindicatos del sector de Limpieza Viaria de Gipuzkoa, a excepci\u00f3n del sindicato ELA, hemos realizado una concentraci\u00f3n frente a la sede central de FCC en Gipuzkoa, en el pol\u00edgono Zubiondo de Hernani, hoy 24 de julio, para hacer llegar nuestro apoyo y solidaridad a la familia, amigos y las y los compa\u00f1eros del trabajador de FCC (Subcontrata de la Mancomunidad de Iru\u00f1erria) muerto en accidente de trabajo mientras realizaba su trabajo en turno de noche.<\/p>\n\n\n\n<p>Asimismo, el sindicato LAB quiere denunciar que la precariedad que impone la empresa mata a los trabajadores y trabajadoras. El accidente se ha producido como consecuencia del incumplimiento de los protocolos de seguridad y de la normativa de prevenci\u00f3n derivada de la escasez de recursos humanos en los diferentes turnos de trabajo.<\/p>\n\n\n\n<p>Exigimos a FCC y a la administraci\u00f3n unos protocolos de seguridad y unas condiciones laborales dignas que garanticen la protecci\u00f3n de los trabajadores y trabajadoras. Volvemos a ver la peor consecuencia de poner los beneficios econ\u00f3micos por encima de la seguridad de los trabajadores y trabajadoras. En lo que va de a\u00f1o llevamos 33 personas muertas por accidentes laborales en Euskal Herria, 11 de ellos en Gipuzkoa. \u00a1BASTA YA!<\/p>\n","protected":false},"excerpt":{"rendered":"<p>Todos los sindicatos del sector de Limpieza Viaria de Gipuzkoa, a excepci\u00f3n del sindicato ELA, hemos realizado una concentraci\u00f3n frente a la sede central de FCC en Gipuzkoa, en el pol\u00edgono Zubiondo de Hernani, hoy 24 de julio, para hacer llegar nuestro apoyo y solidaridad a la familia, amigos y las y los compa\u00f1eros del trabajador de FCC (Subcontrata de la Mancomunidad de Iru\u00f1erria) muerto en accidente de trabajo mientras realizaba su trabajo en turno de noche.<\/p>\n","protected":false},"author":1191,"featured_media":72690,"comment_status":"closed","ping_status":"closed","sticky":false,"template":"","format":"standard","meta":{"_monsterinsights_skip_tracking":false,"_monsterinsights_sitenote_active":false,"_monsterinsights_sitenote_note":"","_monsterinsights_sitenote_category":0,"footnotes":"","_links_to":"","_links_to_target":""},"categories":[18,2867,15,2973,8],"tags":[3033,3178,3083,3172],"class_list":{"0":"post-72692","1":"post","2":"type-post","3":"status-publish","4":"format-standard","5":"has-post-thumbnail","7":"category-es-accion-sindical","8":"category-federaciones","9":"category-es-salud-laboral","10":"category-secretarias","11":"category-es-servicios-privados","12":"tag-accion-sindical-es","13":"tag-destacado-1","14":"tag-salud-laboral-es","15":"tag-servicios-privados-es"},"_links":{"self":[{"href":"https:\/\/www.lab.eus\/es\/wp-json\/wp\/v2\/posts\/72692","targetHints":{"allow":["GET"]}}],"collection":[{"href":"https:\/\/www.lab.eus\/es\/wp-json\/wp\/v2\/posts"}],"about":[{"href":"https:\/\/www.lab.eus\/es\/wp-json\/wp\/v2\/types\/post"}],"author":[{"embeddable":true,"href":"https:\/\/www.lab.eus\/es\/wp-json\/wp\/v2\/users\/1191"}],"replies":[{"embeddable":true,"href":"https:\/\/www.lab.eus\/es\/wp-json\/wp\/v2\/comments?post=72692"}],"version-history":[{"count":1,"href":"https:\/\/www.lab.eus\/es\/wp-json\/wp\/v2\/posts\/72692\/revisions"}],"predecessor-version":[{"id":72695,"href":"https:\/\/www.lab.eus\/es\/wp-json\/wp\/v2\/posts\/72692\/revisions\/72695"}],"wp:featuredmedia":[{"embeddable":true,"href":"https:\/\/www.lab.eus\/es\/wp-json\/wp\/v2\/media\/72690"}],"wp:attachment":[{"href":"https:\/\/www.lab.eus\/es\/wp-json\/wp\/v2\/media?parent=72692"}],"wp:term":[{"taxonomy":"category","embeddable":true,"href":"https:\/\/www.lab.eus\/es\/wp-json\/wp\/v2\/categories?post=72692"},{"taxonomy":"post_tag","embeddable":true,"href":"https:\/\/www.lab.eus\/es\/wp-json\/wp\/v2\/tags?post=72692"}],"curies":[{"name":"wp","href":"https:\/\/api.w.org\/{rel}","templated":true}]}}