{"id":72636,"date":"2024-07-23T07:31:11","date_gmt":"2024-07-23T07:31:11","guid":{"rendered":"https:\/\/www.lab.eus\/?p=72636"},"modified":"2024-07-23T07:31:12","modified_gmt":"2024-07-23T07:31:12","slug":"la-asamblea-de-trabajadores-y-trabajadoras-de-microliquid-aprueba-la-ultima-propuesta-de-la-empresa","status":"publish","type":"post","link":"https:\/\/www.lab.eus\/es\/la-asamblea-de-trabajadores-y-trabajadoras-de-microliquid-aprueba-la-ultima-propuesta-de-la-empresa\/","title":{"rendered":"La asamblea de trabajadores y trabajadoras de Microliquid aprueba la \u00faltima propuesta de la empresa"},"content":{"rendered":"\n<p>Gracias a la movilizaci\u00f3n de la plantilla se han conseguido mejorar las condiciones del ERE.<\/p>\n\n\n\n<p>En el mes de mayo, la direcci\u00f3n comunic\u00f3 su intenci\u00f3n de iniciar el procedimiento de despido colectivo a trav\u00e9s de un ERE, que en un principio afectar\u00eda a 24 personas. A finales de junio se reparti\u00f3 la documentaci\u00f3n sobre las causas del ERE y se inici\u00f3 el periodo de consultas. Paralelamente, la asamblea de trabajadores y trabajadoras decidi\u00f3 poner en marcha una huelga indefinida. Durante las negociaciones se han llevado a cabo movilizaciones y varias asambleas, y finalmente las y los trabajadores han dado su aceptaci\u00f3n a la \u00faltima propuesta de la empresa.<\/p>\n\n\n\n<p>-El ERE afectar\u00e1 a 15 personas. Ocho de ellas estar\u00e1n sujetas a adscripciones voluntarias.<\/p>\n\n\n\n<p>-Por cada a\u00f1o trabajado se les abonar\u00e1 40 d\u00edas de salario en concepto de indemnizaci\u00f3n.<\/p>\n\n\n\n<p>-Para aquellos trabajadores y trabajadoras que no cuenten con la antiguedad suficiente para que su indemnizaci\u00f3n alcance la cuant\u00eda de 8000\u20ac, se les garantizar\u00e1 este importe m\u00ednimo.<\/p>\n\n\n\n<p><a><\/a> Con este acuerdo se aprueba la rebaja de los 24 despidos iniciales a 15, de los cuales 8 tendr\u00e1n opci\u00f3n a la adscripcion voluntaria. En el caso de trabajadores y trabajadoras sin antig\u00fcedad las indemnizaciones mejoran notablemente. El resto duplica las indemnizaciones legales.<\/p>\n\n\n\n<p><a><\/a> En la asamblea de trabajadores y trabajadoras, la \u00faltima propuesta de la empresa fue aprobada con el s\u00ed del 70% de la plantilla.<\/p>\n","protected":false},"excerpt":{"rendered":"<p>Gracias a la movilizaci\u00f3n de la plantilla se han conseguido mejorar las condiciones del ERE.<\/p>\n","protected":false},"author":1191,"featured_media":72147,"comment_status":"closed","ping_status":"closed","sticky":false,"template":"","format":"standard","meta":{"_monsterinsights_skip_tracking":false,"_monsterinsights_sitenote_active":false,"_monsterinsights_sitenote_note":"","_monsterinsights_sitenote_category":0,"footnotes":"","_links_to":"","_links_to_target":""},"categories":[18,2867,2868],"tags":[3033,3178,2996,4765],"class_list":{"0":"post-72636","1":"post","2":"type-post","3":"status-publish","4":"format-standard","5":"has-post-thumbnail","7":"category-es-accion-sindical","8":"category-federaciones","9":"category-industria-es","10":"tag-accion-sindical-es","11":"tag-destacado-1","12":"tag-industria-es","13":"tag-microliquid"},"_links":{"self":[{"href":"https:\/\/www.lab.eus\/es\/wp-json\/wp\/v2\/posts\/72636","targetHints":{"allow":["GET"]}}],"collection":[{"href":"https:\/\/www.lab.eus\/es\/wp-json\/wp\/v2\/posts"}],"about":[{"href":"https:\/\/www.lab.eus\/es\/wp-json\/wp\/v2\/types\/post"}],"author":[{"embeddable":true,"href":"https:\/\/www.lab.eus\/es\/wp-json\/wp\/v2\/users\/1191"}],"replies":[{"embeddable":true,"href":"https:\/\/www.lab.eus\/es\/wp-json\/wp\/v2\/comments?post=72636"}],"version-history":[{"count":2,"href":"https:\/\/www.lab.eus\/es\/wp-json\/wp\/v2\/posts\/72636\/revisions"}],"predecessor-version":[{"id":72638,"href":"https:\/\/www.lab.eus\/es\/wp-json\/wp\/v2\/posts\/72636\/revisions\/72638"}],"wp:featuredmedia":[{"embeddable":true,"href":"https:\/\/www.lab.eus\/es\/wp-json\/wp\/v2\/media\/72147"}],"wp:attachment":[{"href":"https:\/\/www.lab.eus\/es\/wp-json\/wp\/v2\/media?parent=72636"}],"wp:term":[{"taxonomy":"category","embeddable":true,"href":"https:\/\/www.lab.eus\/es\/wp-json\/wp\/v2\/categories?post=72636"},{"taxonomy":"post_tag","embeddable":true,"href":"https:\/\/www.lab.eus\/es\/wp-json\/wp\/v2\/tags?post=72636"}],"curies":[{"name":"wp","href":"https:\/\/api.w.org\/{rel}","templated":true}]}}