{"id":72587,"date":"2024-07-18T11:24:01","date_gmt":"2024-07-18T11:24:01","guid":{"rendered":"https:\/\/www.lab.eus\/?p=72587"},"modified":"2024-07-18T11:24:02","modified_gmt":"2024-07-18T11:24:02","slug":"urge-un-convenio-digno-en-las-residencias-de-araba","status":"publish","type":"post","link":"https:\/\/www.lab.eus\/es\/urge-un-convenio-digno-en-las-residencias-de-araba\/","title":{"rendered":"Urge un convenio digno en las residencias de Araba"},"content":{"rendered":"\n<p>Hoy es jornada de huelga en el sector y por la ma\u00f1ana hemos realizado una kalejira por Gasteiz para exigir a la patronal que se mueva y pedir que la diputaci\u00f3n tambi\u00e9n intervenga. Por la tarde, a las 18:00 horas, tenemos otra cita desde la plaza Desamparadas.<\/p>\n\n\n\n<p>La jornada de huelga de hoy en el marco del conflicto de las residencias de mayores de Araba ha tenido un amplio seguimiento, a pesar de que una vez m\u00e1s los servicios m\u00ednimos establecidos han sido abusivos. Las trabajadoras han realizado por la ma\u00f1ana una kalejira por el centro de la capital, y por la tarde est\u00e1 convocada una nueva movilizaci\u00f3n que partir\u00e1 desde la plaza de Desamparadas y discurrir\u00e1 hasta la Diputaci\u00f3n.<\/p>\n\n\n\n<p>Una vez m\u00e1s debemos recordar que el trabajo que realizan las trabajadoras de las residencias es un servicio p\u00fablico y que la mejora de las condiciones actuales es absolutamente necesaria. En l\u00ednea con lo reivindicado en la Huelga Feminista General, es urgente poner los cuidados en el centro, pero tanto la patronal como la Diputaci\u00f3n Foral de Araba siguen ignorando la demanda social, ya que hoy por hoy siguen mostrando una actitud de cerraz\u00f3n.<\/p>\n","protected":false},"excerpt":{"rendered":"<p>Hoy es jornada de huelga en el sector y por la ma\u00f1ana hemos realizado una kalejira por Gasteiz para exigir a la patronal que se mueva y pedir que la diputaci\u00f3n tambi\u00e9n intervenga. Por la tarde, a las 18:00 horas, tenemos otra cita desde la plaza Desamparadas.<\/p>\n","protected":false},"author":1191,"featured_media":72584,"comment_status":"closed","ping_status":"closed","sticky":false,"template":"","format":"standard","meta":{"_monsterinsights_skip_tracking":false,"_monsterinsights_sitenote_active":false,"_monsterinsights_sitenote_note":"","_monsterinsights_sitenote_category":0,"footnotes":"","_links_to":"","_links_to_target":""},"categories":[18,2867,2961,8,3283],"tags":[3033,3178,3353,3490,3736],"class_list":{"0":"post-72587","1":"post","2":"type-post","3":"status-publish","4":"format-standard","5":"has-post-thumbnail","7":"category-es-accion-sindical","8":"category-federaciones","9":"category-residencias-personas-mayores","10":"category-es-servicios-privados","11":"category-sin-categorizar","12":"tag-accion-sindical-es","13":"tag-destacado-1","14":"tag-residencias-es","15":"tag-residencias-de-araba","16":"tag-residencias-de-mayores"},"_links":{"self":[{"href":"https:\/\/www.lab.eus\/es\/wp-json\/wp\/v2\/posts\/72587","targetHints":{"allow":["GET"]}}],"collection":[{"href":"https:\/\/www.lab.eus\/es\/wp-json\/wp\/v2\/posts"}],"about":[{"href":"https:\/\/www.lab.eus\/es\/wp-json\/wp\/v2\/types\/post"}],"author":[{"embeddable":true,"href":"https:\/\/www.lab.eus\/es\/wp-json\/wp\/v2\/users\/1191"}],"replies":[{"embeddable":true,"href":"https:\/\/www.lab.eus\/es\/wp-json\/wp\/v2\/comments?post=72587"}],"version-history":[{"count":1,"href":"https:\/\/www.lab.eus\/es\/wp-json\/wp\/v2\/posts\/72587\/revisions"}],"predecessor-version":[{"id":72588,"href":"https:\/\/www.lab.eus\/es\/wp-json\/wp\/v2\/posts\/72587\/revisions\/72588"}],"wp:featuredmedia":[{"embeddable":true,"href":"https:\/\/www.lab.eus\/es\/wp-json\/wp\/v2\/media\/72584"}],"wp:attachment":[{"href":"https:\/\/www.lab.eus\/es\/wp-json\/wp\/v2\/media?parent=72587"}],"wp:term":[{"taxonomy":"category","embeddable":true,"href":"https:\/\/www.lab.eus\/es\/wp-json\/wp\/v2\/categories?post=72587"},{"taxonomy":"post_tag","embeddable":true,"href":"https:\/\/www.lab.eus\/es\/wp-json\/wp\/v2\/tags?post=72587"}],"curies":[{"name":"wp","href":"https:\/\/api.w.org\/{rel}","templated":true}]}}