{"id":72468,"date":"2024-07-12T08:52:28","date_gmt":"2024-07-12T08:52:28","guid":{"rendered":"https:\/\/www.lab.eus\/?p=72468"},"modified":"2024-07-12T08:52:29","modified_gmt":"2024-07-12T08:52:29","slug":"hemos-firmado-un-acuerdo-de-empresa-en-niessen-lortudugu","status":"publish","type":"post","link":"https:\/\/www.lab.eus\/es\/hemos-firmado-un-acuerdo-de-empresa-en-niessen-lortudugu\/","title":{"rendered":"Hemos firmado un acuerdo de empresa en Niessen #LortuDugu"},"content":{"rendered":"\n<p>Gracias a la lucha de las trabajadoras y trabajadores, hemos logrado firmar un nuevo pacto en la empresa ABB Niessen ubicada en Oiartzun, con el total apoyo del comit\u00e9 de empresa, donde LAB tiene 4 representantes, ELA 3 y UGT 2. El convenio ha sido aprobado por mayor\u00eda absoluta en la asamblea de trabajadores y trabajadoras celebrada el 10 de julio, con 119 votos a favor de los 120 trabajadores y trabajadoras que han votado.<\/p>\n\n\n\n<p>Se ha acordado un convenio para tres a\u00f1os con el siguiente contenido:<\/p>\n\n\n\n<p><strong>Subidas salariales:<\/strong><\/p>\n\n\n\n<p><strong>2024<\/strong>: IPC + 0,3<\/p>\n\n\n\n<p><strong>2025<\/strong>: IPC + 0,3<\/p>\n\n\n\n<p><strong>2026<\/strong>: Se garantiza el IPC y se acuerda una subida adicional en funci\u00f3n del porcentaje del IPC, que puede ser de hasta IPC + 0,5.<\/p>\n\n\n\n<p><strong>Jornada anual de trabajo<\/strong>: Reducci\u00f3n de la jornada laboral a 16 horas a partir de 2025.<\/p>\n\n\n\n<p><strong>Conciliaci\u00f3n de la vida laboral y familiar:<\/strong> Se ampl\u00eda en 8 horas el permiso para acompa\u00f1ar a familiares al m\u00e9dico; Los trabajadores tendr\u00e1n los mismos derechos familiares para cuidar a una persona no familiar, si est\u00e1 registrada como cuidador principal seg\u00fan la ley de dependencia; Permiso de 30 a 50 horas para acompa\u00f1ar a familiares que est\u00e9n en la UVI\/UCI o en tratamiento oncol\u00f3gico, seg\u00fan el grado de parentesco.<\/p>\n\n\n\n<p>Los trabajadores mayores de 50 a\u00f1os tendr\u00e1n la opci\u00f3n de reducir los turnos de noche.<\/p>\n\n\n\n<p><strong>Empleo<\/strong>: Se han adoptado medidas para mantener los puestos de trabajo y renovar la plantilla, se garantizar\u00e1 el contrato de relevo y los que lo asuman entrar\u00e1n con contrato indefinido.<\/p>\n\n\n\n<p>Pero hay que tener en cuenta que sin la lucha de los trabajadores de Niessen no hubi\u00e9ramos conseguido firmar este pacto de empresa, se han realizado paros en cinco d\u00edas hasta conseguir la firma del pacto de empresa y por eso desde LAB queremos felicitar a las trabajadoras y trabajadores de Niessen, porque sin su lucha no se habr\u00eda conseguido un acuerdo de empresa digno.<\/p>\n\n\n\n<p>A trav\u00e9s de la lucha hemos demostrado que se pueden dar pasos en el reparto de la riqueza, a la vez que dar pasos importantes para poner la vida en el centro y se han obtenido medidas para que la vida sea m\u00e1s vivible en este \u00faltimo pacto de empresa.<\/p>\n\n\n\n<p>Una vez m\u00e1s ha quedado claro que la lucha merece la pena y es indispensable para conseguir acuerdos dignos.<\/p>\n","protected":false},"excerpt":{"rendered":"<p>Gracias a la lucha de las trabajadoras y trabajadores, hemos logrado firmar un nuevo pacto en la empresa ABB Niessen ubicada en Oiartzun, con el total apoyo del comit\u00e9 de empresa, donde LAB tiene 4 representantes, ELA 3 y UGT 2. El convenio ha sido aprobado por mayor\u00eda absoluta en la asamblea de trabajadores y trabajadoras celebrada el 10 de julio, con 119 votos a favor de los 120 trabajadores y trabajadoras que han votado.<\/p>\n","protected":false},"author":1191,"featured_media":72466,"comment_status":"closed","ping_status":"closed","sticky":false,"template":"","format":"standard","meta":{"_monsterinsights_skip_tracking":false,"_monsterinsights_sitenote_active":false,"_monsterinsights_sitenote_note":"","_monsterinsights_sitenote_category":0,"footnotes":"","_links_to":"","_links_to_target":""},"categories":[18,2867,2868],"tags":[3033,3179,3066,2996,1286,4817],"class_list":{"0":"post-72468","1":"post","2":"type-post","3":"status-publish","4":"format-standard","5":"has-post-thumbnail","7":"category-es-accion-sindical","8":"category-federaciones","9":"category-industria-es","10":"tag-accion-sindical-es","11":"tag-destacado-2","12":"tag-federaciones-es","13":"tag-industria-es","14":"tag-niessen","15":"tag-niessen-abb"},"_links":{"self":[{"href":"https:\/\/www.lab.eus\/es\/wp-json\/wp\/v2\/posts\/72468","targetHints":{"allow":["GET"]}}],"collection":[{"href":"https:\/\/www.lab.eus\/es\/wp-json\/wp\/v2\/posts"}],"about":[{"href":"https:\/\/www.lab.eus\/es\/wp-json\/wp\/v2\/types\/post"}],"author":[{"embeddable":true,"href":"https:\/\/www.lab.eus\/es\/wp-json\/wp\/v2\/users\/1191"}],"replies":[{"embeddable":true,"href":"https:\/\/www.lab.eus\/es\/wp-json\/wp\/v2\/comments?post=72468"}],"version-history":[{"count":1,"href":"https:\/\/www.lab.eus\/es\/wp-json\/wp\/v2\/posts\/72468\/revisions"}],"predecessor-version":[{"id":72469,"href":"https:\/\/www.lab.eus\/es\/wp-json\/wp\/v2\/posts\/72468\/revisions\/72469"}],"wp:featuredmedia":[{"embeddable":true,"href":"https:\/\/www.lab.eus\/es\/wp-json\/wp\/v2\/media\/72466"}],"wp:attachment":[{"href":"https:\/\/www.lab.eus\/es\/wp-json\/wp\/v2\/media?parent=72468"}],"wp:term":[{"taxonomy":"category","embeddable":true,"href":"https:\/\/www.lab.eus\/es\/wp-json\/wp\/v2\/categories?post=72468"},{"taxonomy":"post_tag","embeddable":true,"href":"https:\/\/www.lab.eus\/es\/wp-json\/wp\/v2\/tags?post=72468"}],"curies":[{"name":"wp","href":"https:\/\/api.w.org\/{rel}","templated":true}]}}