{"id":72216,"date":"2024-07-01T12:11:23","date_gmt":"2024-07-01T12:11:23","guid":{"rendered":"https:\/\/www.lab.eus\/?p=72216"},"modified":"2024-07-01T12:11:24","modified_gmt":"2024-07-01T12:11:24","slug":"la-huelga-indefinida-en-microliquid-de-arrasate-ha-arrancado-con-un-gran-seguimiento","status":"publish","type":"post","link":"https:\/\/www.lab.eus\/es\/la-huelga-indefinida-en-microliquid-de-arrasate-ha-arrancado-con-un-gran-seguimiento\/","title":{"rendered":"La huelga indefinida en Microliquid de Arrasate ha arrancado con un gran seguimiento"},"content":{"rendered":"\n<p>Hoy, 1 de julio, hemos iniciado una <a href=\"https:\/\/www.lab.eus\/es\/comenzaremos-una-huelga-indefinida-en-defensa-del-empleo-en-microliquid\/\">huelga indefinida en la empresa Microliquid, ubicada en Arrasate<\/a>. La respuesta de la plantilla ha sido casi total. Tras las movilizaciones de la ma\u00f1ana se ha celebrado una asamblea y hemos ratificado nuestra decisi\u00f3n de seguir en huelga.<br><br>Ma\u00f1ana ser\u00e1 la primera reuni\u00f3n del periodo de consultas, a las 11:30. Durante el desarrollo de la reuni\u00f3n se realizar\u00e1 una concentraci\u00f3n de trabajadores en el exterior de las instalaciones de la empresa.<br><br>En la reuni\u00f3n de ma\u00f1ana ratificaremos la petici\u00f3n de retirada del Expediente de Regulaci\u00f3n de Empleo y, de no hacerlo, continuaremos con las protestas y con la huelga.<\/p>\n","protected":false},"excerpt":{"rendered":"<p>Hoy, 1 de julio, hemos iniciado una huelga indefinida en la empresa Microliquid, ubicada en Arrasate. La respuesta de la plantilla ha sido casi total. Tras las movilizaciones de la ma\u00f1ana se ha celebrado una asamblea y hemos ratificado nuestra decisi\u00f3n de seguir en huelga.<\/p>\n","protected":false},"author":1191,"featured_media":72212,"comment_status":"closed","ping_status":"closed","sticky":false,"template":"","format":"standard","meta":{"_monsterinsights_skip_tracking":false,"_monsterinsights_sitenote_active":false,"_monsterinsights_sitenote_note":"","_monsterinsights_sitenote_category":0,"footnotes":"","_links_to":"","_links_to_target":""},"categories":[18,2867,2868,3283],"tags":[3033,3178,2996,4765],"class_list":{"0":"post-72216","1":"post","2":"type-post","3":"status-publish","4":"format-standard","5":"has-post-thumbnail","7":"category-es-accion-sindical","8":"category-federaciones","9":"category-industria-es","10":"category-sin-categorizar","11":"tag-accion-sindical-es","12":"tag-destacado-1","13":"tag-industria-es","14":"tag-microliquid"},"_links":{"self":[{"href":"https:\/\/www.lab.eus\/es\/wp-json\/wp\/v2\/posts\/72216","targetHints":{"allow":["GET"]}}],"collection":[{"href":"https:\/\/www.lab.eus\/es\/wp-json\/wp\/v2\/posts"}],"about":[{"href":"https:\/\/www.lab.eus\/es\/wp-json\/wp\/v2\/types\/post"}],"author":[{"embeddable":true,"href":"https:\/\/www.lab.eus\/es\/wp-json\/wp\/v2\/users\/1191"}],"replies":[{"embeddable":true,"href":"https:\/\/www.lab.eus\/es\/wp-json\/wp\/v2\/comments?post=72216"}],"version-history":[{"count":1,"href":"https:\/\/www.lab.eus\/es\/wp-json\/wp\/v2\/posts\/72216\/revisions"}],"predecessor-version":[{"id":72217,"href":"https:\/\/www.lab.eus\/es\/wp-json\/wp\/v2\/posts\/72216\/revisions\/72217"}],"wp:featuredmedia":[{"embeddable":true,"href":"https:\/\/www.lab.eus\/es\/wp-json\/wp\/v2\/media\/72212"}],"wp:attachment":[{"href":"https:\/\/www.lab.eus\/es\/wp-json\/wp\/v2\/media?parent=72216"}],"wp:term":[{"taxonomy":"category","embeddable":true,"href":"https:\/\/www.lab.eus\/es\/wp-json\/wp\/v2\/categories?post=72216"},{"taxonomy":"post_tag","embeddable":true,"href":"https:\/\/www.lab.eus\/es\/wp-json\/wp\/v2\/tags?post=72216"}],"curies":[{"name":"wp","href":"https:\/\/api.w.org\/{rel}","templated":true}]}}