{"id":72151,"date":"2024-06-27T14:56:26","date_gmt":"2024-06-27T14:56:26","guid":{"rendered":"https:\/\/www.lab.eus\/?p=72151"},"modified":"2024-06-27T14:56:28","modified_gmt":"2024-06-27T14:56:28","slug":"comenzaremos-una-huelga-indefinida-en-defensa-del-empleo-en-microliquid","status":"publish","type":"post","link":"https:\/\/www.lab.eus\/es\/comenzaremos-una-huelga-indefinida-en-defensa-del-empleo-en-microliquid\/","title":{"rendered":"Comenzaremos una huelga indefinida en defensa del empleo en Microliquid"},"content":{"rendered":"\n<p>Ser\u00e1 a partir del lunes, d\u00eda en para el que hemos previsto movilizaciones desde primera hora.<\/p>\n\n\n\n<p>El pasado 19 de junio, la direcci\u00f3n de Microliquid (Te Connectivity) comunic\u00f3 al Comit\u00e9 de Empresa su intenci\u00f3n de aplicar un ERE (despido colectivo) que afectar\u00e1 a una veintena de personas trabajadoras con la excusa de ahorrar costes en una situaci\u00f3n de crisis. Esto supondr\u00e1 el despido de un tercio de la plantilla.<\/p>\n\n\n\n<p>Desde el comit\u00e9 de empresa, formado por 5 miembros de LAB, nos hemos mostrado desde el principio en contra de los despidos, por un lado, porque la empresa no da suficiente informaci\u00f3n para justificar las causas argumentadas y, adem\u00e1s, porque una parte importante de la plantilla estar\u00e1 de vacaciones mientras dure la negociaci\u00f3n del proceso. Por todo ello pedimos a la empresa que paralice el proceso y que no despida a nadie.<\/p>\n\n\n\n<p>Pero la direcci\u00f3n sigue adelante con el proceso, por lo que esta semana se ha celebrado una asamblea de trabajadores y trabajadoras y con m\u00e1s del 95% de apoyo de la asamblea la plantilla ha decidido que comenzar\u00e1 a partir del lunes 1 de julio en huelga indefinida.<\/p>\n\n\n\n<p>A partir del lunes los trabajadores y trabajadoras estar\u00e1n en huelga exigiendo a la empresa que no realice despidos, y se concentrar\u00e1n frente a la f\u00e1brica de 8:00 a 10:30 horas. A continuaci\u00f3n iniciaran una manifestaci\u00f3n por las calles de Arrasate con una parada en la rotonda del parque tecnol\u00f3gico entre las 11:00 y las 12:00 horas.<\/p>\n","protected":false},"excerpt":{"rendered":"<p>Ser\u00e1 a partir del lunes, d\u00eda en para el que hemos previsto movilizaciones desde primera hora.<\/p>\n","protected":false},"author":1191,"featured_media":72147,"comment_status":"closed","ping_status":"closed","sticky":false,"template":"","format":"standard","meta":{"_monsterinsights_skip_tracking":false,"_monsterinsights_sitenote_active":false,"_monsterinsights_sitenote_note":"","_monsterinsights_sitenote_category":0,"footnotes":"","_links_to":"","_links_to_target":""},"categories":[18,2867,2868],"tags":[3033,3178,4712,2996,4765],"class_list":{"0":"post-72151","1":"post","2":"type-post","3":"status-publish","4":"format-standard","5":"has-post-thumbnail","7":"category-es-accion-sindical","8":"category-federaciones","9":"category-industria-es","10":"tag-accion-sindical-es","11":"tag-destacado-1","12":"tag-huelga-indefinida","13":"tag-industria-es","14":"tag-microliquid"},"_links":{"self":[{"href":"https:\/\/www.lab.eus\/es\/wp-json\/wp\/v2\/posts\/72151","targetHints":{"allow":["GET"]}}],"collection":[{"href":"https:\/\/www.lab.eus\/es\/wp-json\/wp\/v2\/posts"}],"about":[{"href":"https:\/\/www.lab.eus\/es\/wp-json\/wp\/v2\/types\/post"}],"author":[{"embeddable":true,"href":"https:\/\/www.lab.eus\/es\/wp-json\/wp\/v2\/users\/1191"}],"replies":[{"embeddable":true,"href":"https:\/\/www.lab.eus\/es\/wp-json\/wp\/v2\/comments?post=72151"}],"version-history":[{"count":1,"href":"https:\/\/www.lab.eus\/es\/wp-json\/wp\/v2\/posts\/72151\/revisions"}],"predecessor-version":[{"id":72152,"href":"https:\/\/www.lab.eus\/es\/wp-json\/wp\/v2\/posts\/72151\/revisions\/72152"}],"wp:featuredmedia":[{"embeddable":true,"href":"https:\/\/www.lab.eus\/es\/wp-json\/wp\/v2\/media\/72147"}],"wp:attachment":[{"href":"https:\/\/www.lab.eus\/es\/wp-json\/wp\/v2\/media?parent=72151"}],"wp:term":[{"taxonomy":"category","embeddable":true,"href":"https:\/\/www.lab.eus\/es\/wp-json\/wp\/v2\/categories?post=72151"},{"taxonomy":"post_tag","embeddable":true,"href":"https:\/\/www.lab.eus\/es\/wp-json\/wp\/v2\/tags?post=72151"}],"curies":[{"name":"wp","href":"https:\/\/api.w.org\/{rel}","templated":true}]}}