{"id":72090,"date":"2024-06-27T10:46:56","date_gmt":"2024-06-27T10:46:56","guid":{"rendered":"https:\/\/www.lab.eus\/?p=72090"},"modified":"2024-06-27T10:46:57","modified_gmt":"2024-06-27T10:46:57","slug":"exigimos-al-departamento-de-educacion-que-deje-de-ignorar-las-peticiones-del-profesorado-navarro","status":"publish","type":"post","link":"https:\/\/www.lab.eus\/es\/exigimos-al-departamento-de-educacion-que-deje-de-ignorar-las-peticiones-del-profesorado-navarro\/","title":{"rendered":"Exigimos al Departamento de Educaci\u00f3n que deje de ignorar las peticiones del profesorado navarro"},"content":{"rendered":"\n<p>Todas las organizaciones sindicales de la Mesa de Negociaci\u00f3n Sectorial de Educaci\u00f3n queremos trasladar al Sr. Consejero de Educaci\u00f3n y al Gobierno de Nafarroa la siguiente pregunta: \u00bfQuieren que el curso 24\/25 se inicie con un verdadero di\u00e1logo que responda a las reivindicaciones que plantea el profesorado o prefieren un curso conflictivo?<\/p>\n\n\n\n<p>A lo largo de este curso 23\/24 las organizaciones sindicales hemos mostrado nuestra disposici\u00f3n al di\u00e1logo intentando conseguir mejoras para el colectivo del profesorado de la ense\u00f1anza p\u00fablica. Hemos participado en unos grupos de trabajo en los que no se han obtenido los m\u00ednimos resultados aceptables para alcanzar las reivindicaciones planteadas desde el inicio de curso.<\/p>\n\n\n\n<p>Llegado el final del curso, constatamos que el profesorado se encuentra con los mismos problemas que denunci\u00e1bamos al inicio del mismo: sobrecarga de trabajo, ratios excesivas, p\u00e9rdida de poder adquisitivo e inestabilidad de las plantillas, cuestiones todas que afectan a la calidad del sistema educativo p\u00fablico de Nafarroa.<\/p>\n\n\n\n<p>Por eso, queremos que el Sr. Consejero y el Gobierno de Navarra respondan a nuestras peticiones con una verdadera disposici\u00f3n para llegar a acuerdos y con el firme compromiso de financiarlos.<\/p>\n\n\n\n<p>Esta problem\u00e1tica tambi\u00e9n ha sido trasladada a grupos parlamentarios que han compartido la necesidad de abordar los problemas que sufre el profesorado y negociar soluciones.<\/p>\n\n\n\n<p>En todas las reuniones realizadas con el Departamento de Educaci\u00f3n, los sindicatos hemos recibido la respuesta de que no hay presupuesto para abordar las peticiones del profesorado.<\/p>\n\n\n\n<p>Como en septiembre se tendr\u00e1 que poner en marcha la configuraci\u00f3n del presupuesto de Nafarroa para el a\u00f1o 2025, consideramos que es el momento de actuar y de que el Gobierno asuma como propia la prioridad de atender al profesorado de la ense\u00f1anza p\u00fablica. Esta<br>cuesti\u00f3n se tiene que reflejar necesariamente en partidas presupuestarias y el Gobierno es el responsable de hacerlo.<\/p>\n\n\n\n<p>En este sentido anunciamos que en septiembre todas las organizaciones sindicales iniciaremos una serie de movilizaciones encaminadas a que en los presupuestos de Nafarroa del a\u00f1o pr\u00f3ximo se incluyan partidas que den cobertura a las reivindicaciones del profesorado al que representamos. Sabemos que no es posible solucionar todos los problemas a la vez, pero s\u00ed que es posible iniciar un camino calendarizado que permita hacerlo.<\/p>\n\n\n\n<p>Al inicio de curso las movilizaciones ir\u00e1n en aumento y todos los sindicatos convocamos de manera unitaria al profesorado de la ense\u00f1anza p\u00fablica a parar el d\u00eda 26 de septiembre en una jornada de huelga.<\/p>\n\n\n\n<p>Esperamos que el Sr. Consejero y el Gobierno de Nafarroa tomen nota de esta realidad y tengan muy en cuenta las peticiones del profesorado de la ense\u00f1anza p\u00fablica de Nafarroa.<\/p>\n","protected":false},"excerpt":{"rendered":"<p>Todas las organizaciones sindicales de la Mesa de Negociaci\u00f3n Sectorial de Educaci\u00f3n queremos trasladar al Sr. Consejero de Educaci\u00f3n y al Gobierno de Nafarroa la siguiente pregunta: \u00bfQuieren que el curso 24\/25 se inicie con un verdadero di\u00e1logo que responda a las reivindicaciones que plantea el profesorado o prefieren un curso conflictivo?<\/p>\n","protected":false},"author":1191,"featured_media":72088,"comment_status":"closed","ping_status":"closed","sticky":false,"template":"","format":"standard","meta":{"_monsterinsights_skip_tracking":false,"_monsterinsights_sitenote_active":false,"_monsterinsights_sitenote_note":"","_monsterinsights_sitenote_category":0,"footnotes":"","_links_to":"","_links_to_target":""},"categories":[18,33,2867,6],"tags":[3033,3178,3266,3194,3171],"class_list":{"0":"post-72090","1":"post","2":"type-post","3":"status-publish","4":"format-standard","5":"has-post-thumbnail","7":"category-es-accion-sindical","8":"category-es-ensenanza","9":"category-federaciones","10":"category-es-servicios-publicos","11":"tag-accion-sindical-es","12":"tag-destacado-1","13":"tag-educacion-es","14":"tag-ensenanza-es","15":"tag-servicios-publicos-es"},"_links":{"self":[{"href":"https:\/\/www.lab.eus\/es\/wp-json\/wp\/v2\/posts\/72090","targetHints":{"allow":["GET"]}}],"collection":[{"href":"https:\/\/www.lab.eus\/es\/wp-json\/wp\/v2\/posts"}],"about":[{"href":"https:\/\/www.lab.eus\/es\/wp-json\/wp\/v2\/types\/post"}],"author":[{"embeddable":true,"href":"https:\/\/www.lab.eus\/es\/wp-json\/wp\/v2\/users\/1191"}],"replies":[{"embeddable":true,"href":"https:\/\/www.lab.eus\/es\/wp-json\/wp\/v2\/comments?post=72090"}],"version-history":[{"count":1,"href":"https:\/\/www.lab.eus\/es\/wp-json\/wp\/v2\/posts\/72090\/revisions"}],"predecessor-version":[{"id":72091,"href":"https:\/\/www.lab.eus\/es\/wp-json\/wp\/v2\/posts\/72090\/revisions\/72091"}],"wp:featuredmedia":[{"embeddable":true,"href":"https:\/\/www.lab.eus\/es\/wp-json\/wp\/v2\/media\/72088"}],"wp:attachment":[{"href":"https:\/\/www.lab.eus\/es\/wp-json\/wp\/v2\/media?parent=72090"}],"wp:term":[{"taxonomy":"category","embeddable":true,"href":"https:\/\/www.lab.eus\/es\/wp-json\/wp\/v2\/categories?post=72090"},{"taxonomy":"post_tag","embeddable":true,"href":"https:\/\/www.lab.eus\/es\/wp-json\/wp\/v2\/tags?post=72090"}],"curies":[{"name":"wp","href":"https:\/\/api.w.org\/{rel}","templated":true}]}}