{"id":72083,"date":"2024-06-27T08:57:16","date_gmt":"2024-06-27T08:57:16","guid":{"rendered":"https:\/\/www.lab.eus\/?p=72083"},"modified":"2024-06-27T11:45:36","modified_gmt":"2024-06-27T11:45:36","slug":"presentamos-la-linea-de-lucha-que-pondremos-en-marcha-en-los-centros-especiales-de-empleo-cuyos-objetivos-seran-el-acceso-a-los-derechos-la-capacidad-de-decision-y-el-reconocimiento","status":"publish","type":"post","link":"https:\/\/www.lab.eus\/es\/presentamos-la-linea-de-lucha-que-pondremos-en-marcha-en-los-centros-especiales-de-empleo-cuyos-objetivos-seran-el-acceso-a-los-derechos-la-capacidad-de-decision-y-el-reconocimiento\/","title":{"rendered":"Presentamos la l\u00ednea de lucha que pondremos en marcha en los Centros Especiales de Empleo, cuyos objetivos ser\u00e1n el acceso a los derechos, la capacidad de decisi\u00f3n y el reconocimiento"},"content":{"rendered":"\n<p>El colectivo re\u00fane a m\u00e1s de 10.000 personas trabajadoras en Hego Euskal Herria, e impulsaremos convenios propios en la CAV y en Nafarroa, comprometi\u00e9ndonos a denunciar las pol\u00edticas excluyentes y a luchar para avanzar en las condiciones laborales. Los delegados y delegadas hemos celebrado hoy una asamblea en Altsasu.<\/p>\n\n\n\n<p>Los Centros Especiales de Empleo est\u00e1n en marcha desde hace m\u00e1s de 30 a\u00f1os, y aun hoy en d\u00eda, desde diferentes instituciones siguen pensando que se trata de aquel grupo de trabajadores y trabajadoras, que estaban en peque\u00f1os entornos haciendo trabajos de poco valor a\u00f1adido. La realidad, sin embargo ,es que hoy formamos una gran fuerza obrera. Somos m\u00e1s de 10.000 personas trabajadoras en la CAV y Nafarroa, estamos presentes en el sector de servicios, limpieza, jardines, hosteler\u00eda, atenci\u00f3n, cuidados, formamos parte de diferentes sectores de trabajo y est\u00e1mos tambi\u00e9n en cientos de empresas que conforman los Centros Especiales de Empleo, financiados por las administraciones publicas y gestionadas por empresas privadas y asociaciones.<\/p>\n\n\n\n<p>Somos un sector de trabajadores y trabajadoras excluidas y discriminadas por diversas leyes, reales decretos y diferentes normas. Personas trabajadoras privadas de derechos y obligadas a trabajar precarizadas.<\/p>\n\n\n\n<p>Las compa\u00f1eras y compa\u00f1eros organizados en el sindicato LAB llevamos a\u00f1os denunciando y reclamando que somos personas trabajadoras de pleno derecho. Exigimos no solo un control del dinero p\u00fablico que llega a estas empresas, sino un control del funcionamiento interno de todas ellas. Las instituciones est\u00e1n permitiendo salarios por debajo del salario m\u00ednimo interprofesional, eventualidad, ritmos de producci\u00f3n excesivos, dificultando el acceso al empleo ordinario y permitiendo a las empresas la absoluta carencia de prevenci\u00f3n de riesgos, todo lo cual merma salud f\u00edsica y psicol\u00f3gica de los trabajadores y trabajadoras.<\/p>\n\n\n\n<p>Por todo ello, hemos presentado nuestras l\u00edneas de acci\u00f3n de cara al pr\u00f3ximo a\u00f1o:<\/p>\n\n\n\n<p>&#8211; Impulsaremos la negociaci\u00f3n de un convenio propio para el sector en la CAV y en Nafarroa. Exigiremos una mesa de dialogo seria, donde se pueda trabajar y plasmar el futuro camino para una integraci\u00f3n real y no excluyente para este sector. Daremos los pasos necesarios para convocar a las patronales del sector y negociar aqu\u00ed las condiciones de trabajo.<\/p>\n\n\n\n<p>&#8211; Denunciaremos todas las pol\u00edticas excluyentes que empujan a la precariedad, promoviendo propuestas para una transici\u00f3n real al trabajo ordinario.<\/p>\n\n\n\n<p>&#8211; Defender\u00e1 propuestas para mejorar las condiciones de trabajo de las miles de personas trabajadoras con diversidad funcional empleadas en las empresas matrices de otros sectores, reclamando que, a igual trabajo, igual salario y condiciones.<\/p>\n\n\n\n<p>Los delegados y las delegadas del sindicato LAB de los Centros Especiales de Ampleo advierten que ante el ninguneo de la clase pol\u00edtica y empresarios, alzar\u00e1n la voz y har\u00e1n llegar su lucha a todas las empresas y\/o instituciones donde haya un trabajador o trabajadora precaria con diversidad funcional.<\/p>\n\n\n\n<figure class=\"wp-block-gallery has-nested-images columns-default is-cropped wp-block-gallery-1 is-layout-flex wp-block-gallery-is-layout-flex\">\n<figure class=\"wp-block-image size-large\"><img loading=\"lazy\" decoding=\"async\" width=\"1024\" height=\"683\" data-id=\"72122\" src=\"https:\/\/www.lab.eus\/wp-content\/uploads\/2024\/06\/2024Ekaina-enplegu-zentro-bereziak4-1024x683.jpg\" alt=\"\" class=\"wp-image-72122\" srcset=\"https:\/\/www.lab.eus\/wp-content\/uploads\/2024\/06\/2024Ekaina-enplegu-zentro-bereziak4-1024x683.jpg 1024w, https:\/\/www.lab.eus\/wp-content\/uploads\/2024\/06\/2024Ekaina-enplegu-zentro-bereziak4-300x200.jpg 300w, https:\/\/www.lab.eus\/wp-content\/uploads\/2024\/06\/2024Ekaina-enplegu-zentro-bereziak4-768x512.jpg 768w, https:\/\/www.lab.eus\/wp-content\/uploads\/2024\/06\/2024Ekaina-enplegu-zentro-bereziak4-1536x1024.jpg 1536w, https:\/\/www.lab.eus\/wp-content\/uploads\/2024\/06\/2024Ekaina-enplegu-zentro-bereziak4-2048x1365.jpg 2048w, https:\/\/www.lab.eus\/wp-content\/uploads\/2024\/06\/2024Ekaina-enplegu-zentro-bereziak4-150x100.jpg 150w, https:\/\/www.lab.eus\/wp-content\/uploads\/2024\/06\/2024Ekaina-enplegu-zentro-bereziak4-696x464.jpg 696w, https:\/\/www.lab.eus\/wp-content\/uploads\/2024\/06\/2024Ekaina-enplegu-zentro-bereziak4-1068x712.jpg 1068w, https:\/\/www.lab.eus\/wp-content\/uploads\/2024\/06\/2024Ekaina-enplegu-zentro-bereziak4-1920x1280.jpg 1920w\" sizes=\"auto, (max-width: 1024px) 100vw, 1024px\" \/><\/figure>\n\n\n\n<figure class=\"wp-block-image size-large\"><img loading=\"lazy\" decoding=\"async\" width=\"1024\" height=\"683\" data-id=\"72120\" src=\"https:\/\/www.lab.eus\/wp-content\/uploads\/2024\/06\/2024Ekaina-enplegu-zentro-bereziak-1024x683.jpg\" alt=\"\" class=\"wp-image-72120\" srcset=\"https:\/\/www.lab.eus\/wp-content\/uploads\/2024\/06\/2024Ekaina-enplegu-zentro-bereziak-1024x683.jpg 1024w, https:\/\/www.lab.eus\/wp-content\/uploads\/2024\/06\/2024Ekaina-enplegu-zentro-bereziak-300x200.jpg 300w, https:\/\/www.lab.eus\/wp-content\/uploads\/2024\/06\/2024Ekaina-enplegu-zentro-bereziak-768x512.jpg 768w, https:\/\/www.lab.eus\/wp-content\/uploads\/2024\/06\/2024Ekaina-enplegu-zentro-bereziak-1536x1024.jpg 1536w, https:\/\/www.lab.eus\/wp-content\/uploads\/2024\/06\/2024Ekaina-enplegu-zentro-bereziak-2048x1365.jpg 2048w, https:\/\/www.lab.eus\/wp-content\/uploads\/2024\/06\/2024Ekaina-enplegu-zentro-bereziak-150x100.jpg 150w, https:\/\/www.lab.eus\/wp-content\/uploads\/2024\/06\/2024Ekaina-enplegu-zentro-bereziak-696x464.jpg 696w, https:\/\/www.lab.eus\/wp-content\/uploads\/2024\/06\/2024Ekaina-enplegu-zentro-bereziak-1068x712.jpg 1068w, https:\/\/www.lab.eus\/wp-content\/uploads\/2024\/06\/2024Ekaina-enplegu-zentro-bereziak-1920x1280.jpg 1920w\" sizes=\"auto, (max-width: 1024px) 100vw, 1024px\" \/><\/figure>\n\n\n\n<figure class=\"wp-block-image size-large\"><img loading=\"lazy\" decoding=\"async\" width=\"1024\" height=\"683\" data-id=\"72118\" src=\"https:\/\/www.lab.eus\/wp-content\/uploads\/2024\/06\/2024Ekaina-enplegu-zentro-bereziak-2-1024x683.jpg\" alt=\"\" class=\"wp-image-72118\" srcset=\"https:\/\/www.lab.eus\/wp-content\/uploads\/2024\/06\/2024Ekaina-enplegu-zentro-bereziak-2-1024x683.jpg 1024w, https:\/\/www.lab.eus\/wp-content\/uploads\/2024\/06\/2024Ekaina-enplegu-zentro-bereziak-2-300x200.jpg 300w, https:\/\/www.lab.eus\/wp-content\/uploads\/2024\/06\/2024Ekaina-enplegu-zentro-bereziak-2-768x512.jpg 768w, https:\/\/www.lab.eus\/wp-content\/uploads\/2024\/06\/2024Ekaina-enplegu-zentro-bereziak-2-1536x1024.jpg 1536w, https:\/\/www.lab.eus\/wp-content\/uploads\/2024\/06\/2024Ekaina-enplegu-zentro-bereziak-2-2048x1365.jpg 2048w, https:\/\/www.lab.eus\/wp-content\/uploads\/2024\/06\/2024Ekaina-enplegu-zentro-bereziak-2-150x100.jpg 150w, https:\/\/www.lab.eus\/wp-content\/uploads\/2024\/06\/2024Ekaina-enplegu-zentro-bereziak-2-696x464.jpg 696w, https:\/\/www.lab.eus\/wp-content\/uploads\/2024\/06\/2024Ekaina-enplegu-zentro-bereziak-2-1068x712.jpg 1068w, https:\/\/www.lab.eus\/wp-content\/uploads\/2024\/06\/2024Ekaina-enplegu-zentro-bereziak-2-1920x1280.jpg 1920w\" sizes=\"auto, (max-width: 1024px) 100vw, 1024px\" \/><\/figure>\n\n\n\n<figure class=\"wp-block-image size-large\"><img loading=\"lazy\" decoding=\"async\" width=\"1024\" height=\"683\" data-id=\"72116\" src=\"https:\/\/www.lab.eus\/wp-content\/uploads\/2024\/06\/2024Ekaina-enplegu-zentro-bereziak3-1024x683.jpg\" alt=\"\" class=\"wp-image-72116\" srcset=\"https:\/\/www.lab.eus\/wp-content\/uploads\/2024\/06\/2024Ekaina-enplegu-zentro-bereziak3-1024x683.jpg 1024w, https:\/\/www.lab.eus\/wp-content\/uploads\/2024\/06\/2024Ekaina-enplegu-zentro-bereziak3-300x200.jpg 300w, https:\/\/www.lab.eus\/wp-content\/uploads\/2024\/06\/2024Ekaina-enplegu-zentro-bereziak3-768x512.jpg 768w, https:\/\/www.lab.eus\/wp-content\/uploads\/2024\/06\/2024Ekaina-enplegu-zentro-bereziak3-1536x1024.jpg 1536w, https:\/\/www.lab.eus\/wp-content\/uploads\/2024\/06\/2024Ekaina-enplegu-zentro-bereziak3-2048x1365.jpg 2048w, https:\/\/www.lab.eus\/wp-content\/uploads\/2024\/06\/2024Ekaina-enplegu-zentro-bereziak3-150x100.jpg 150w, https:\/\/www.lab.eus\/wp-content\/uploads\/2024\/06\/2024Ekaina-enplegu-zentro-bereziak3-696x464.jpg 696w, https:\/\/www.lab.eus\/wp-content\/uploads\/2024\/06\/2024Ekaina-enplegu-zentro-bereziak3-1068x712.jpg 1068w, https:\/\/www.lab.eus\/wp-content\/uploads\/2024\/06\/2024Ekaina-enplegu-zentro-bereziak3-1920x1280.jpg 1920w\" sizes=\"auto, (max-width: 1024px) 100vw, 1024px\" \/><\/figure>\n\n\n\n<figure class=\"wp-block-image size-large\"><img loading=\"lazy\" decoding=\"async\" width=\"1024\" height=\"683\" data-id=\"72114\" src=\"https:\/\/www.lab.eus\/wp-content\/uploads\/2024\/06\/2024Ekaina-enplegu-zentro-bereziak5-1024x683.jpg\" alt=\"\" class=\"wp-image-72114\" srcset=\"https:\/\/www.lab.eus\/wp-content\/uploads\/2024\/06\/2024Ekaina-enplegu-zentro-bereziak5-1024x683.jpg 1024w, https:\/\/www.lab.eus\/wp-content\/uploads\/2024\/06\/2024Ekaina-enplegu-zentro-bereziak5-300x200.jpg 300w, https:\/\/www.lab.eus\/wp-content\/uploads\/2024\/06\/2024Ekaina-enplegu-zentro-bereziak5-768x512.jpg 768w, https:\/\/www.lab.eus\/wp-content\/uploads\/2024\/06\/2024Ekaina-enplegu-zentro-bereziak5-1536x1024.jpg 1536w, https:\/\/www.lab.eus\/wp-content\/uploads\/2024\/06\/2024Ekaina-enplegu-zentro-bereziak5-2048x1365.jpg 2048w, https:\/\/www.lab.eus\/wp-content\/uploads\/2024\/06\/2024Ekaina-enplegu-zentro-bereziak5-150x100.jpg 150w, https:\/\/www.lab.eus\/wp-content\/uploads\/2024\/06\/2024Ekaina-enplegu-zentro-bereziak5-696x464.jpg 696w, https:\/\/www.lab.eus\/wp-content\/uploads\/2024\/06\/2024Ekaina-enplegu-zentro-bereziak5-1068x712.jpg 1068w, https:\/\/www.lab.eus\/wp-content\/uploads\/2024\/06\/2024Ekaina-enplegu-zentro-bereziak5-1920x1280.jpg 1920w\" sizes=\"auto, (max-width: 1024px) 100vw, 1024px\" \/><\/figure>\n<\/figure>\n","protected":false},"excerpt":{"rendered":"<p>El colectivo re\u00fane a m\u00e1s de 10.000 personas trabajadoras en Hego Euskal Herria, e impulsaremos convenios propios en la CAV y en Nafarroa, comprometi\u00e9ndonos a denunciar las pol\u00edticas excluyentes y a luchar para avanzar en las condiciones laborales. Los delegados y delegadas hemos celebrado hoy una asamblea en Altsasu.<\/p>\n","protected":false},"author":1191,"featured_media":72111,"comment_status":"closed","ping_status":"closed","sticky":false,"template":"","format":"standard","meta":{"_monsterinsights_skip_tracking":false,"_monsterinsights_sitenote_active":false,"_monsterinsights_sitenote_note":"","_monsterinsights_sitenote_category":0,"footnotes":"","_links_to":"","_links_to_target":""},"categories":[18,2867,3000,6,3283],"tags":[3033,3178,3279],"class_list":{"0":"post-72083","1":"post","2":"type-post","3":"status-publish","4":"format-standard","5":"has-post-thumbnail","7":"category-es-accion-sindical","8":"category-federaciones","9":"category-servicio-sociocomunitario","10":"category-es-servicios-publicos","11":"category-sin-categorizar","12":"tag-accion-sindical-es","13":"tag-destacado-1","14":"tag-portada-es"},"_links":{"self":[{"href":"https:\/\/www.lab.eus\/es\/wp-json\/wp\/v2\/posts\/72083","targetHints":{"allow":["GET"]}}],"collection":[{"href":"https:\/\/www.lab.eus\/es\/wp-json\/wp\/v2\/posts"}],"about":[{"href":"https:\/\/www.lab.eus\/es\/wp-json\/wp\/v2\/types\/post"}],"author":[{"embeddable":true,"href":"https:\/\/www.lab.eus\/es\/wp-json\/wp\/v2\/users\/1191"}],"replies":[{"embeddable":true,"href":"https:\/\/www.lab.eus\/es\/wp-json\/wp\/v2\/comments?post=72083"}],"version-history":[{"count":2,"href":"https:\/\/www.lab.eus\/es\/wp-json\/wp\/v2\/posts\/72083\/revisions"}],"predecessor-version":[{"id":72126,"href":"https:\/\/www.lab.eus\/es\/wp-json\/wp\/v2\/posts\/72083\/revisions\/72126"}],"wp:featuredmedia":[{"embeddable":true,"href":"https:\/\/www.lab.eus\/es\/wp-json\/wp\/v2\/media\/72111"}],"wp:attachment":[{"href":"https:\/\/www.lab.eus\/es\/wp-json\/wp\/v2\/media?parent=72083"}],"wp:term":[{"taxonomy":"category","embeddable":true,"href":"https:\/\/www.lab.eus\/es\/wp-json\/wp\/v2\/categories?post=72083"},{"taxonomy":"post_tag","embeddable":true,"href":"https:\/\/www.lab.eus\/es\/wp-json\/wp\/v2\/tags?post=72083"}],"curies":[{"name":"wp","href":"https:\/\/api.w.org\/{rel}","templated":true}]}}