{"id":72077,"date":"2024-06-26T15:40:49","date_gmt":"2024-06-26T15:40:49","guid":{"rendered":"https:\/\/www.lab.eus\/?p=72077"},"modified":"2024-06-26T15:40:51","modified_gmt":"2024-06-26T15:40:51","slug":"exigimos-un-cambio-radical-en-el-monumento-franquista-a-los-caidos","status":"publish","type":"post","link":"https:\/\/www.lab.eus\/es\/exigimos-un-cambio-radical-en-el-monumento-franquista-a-los-caidos\/","title":{"rendered":"Exigimos un cambio radical en el Monumento franquista a Los Ca\u00eddos"},"content":{"rendered":"\n<p>En el sindicato LAB siempre hemos apoyado todas las opciones democr\u00e1ticas para cambiar radicalmente la naturaleza y el significado del Monumento a Los Ca\u00eddos, que ensalza el franquismo y el fascismo. Como en en su momento apoyamos la exhumaci\u00f3n de los restos de Mola y Sanjurjo. Reivindicamos un cambio radical en este Monumento franquista en esta legislatura, incluida la posibilidad del derribo, y para ello, posibilitar la participaci\u00f3n ciudadana. Tal y como se est\u00e1 demostrando en Nafarroa con la din\u00e1mica sobre el trabajo esclavo utilizado por el franquismo, dese el sindicato LAB reafirmamos nuestro compromiso con la aportaci\u00f3n a la memoria hist\u00f3rica, a la memoria democr\u00e1tica desde la perspectiva de los trabajadores y trabajadoras, desde la conciencia de clase.<\/p>\n\n\n\n<p>Para el sindicato LAB a corto plazo, es decir, en esta legislatura, es imprescindible un cambio radical en el Monumento franquista a Los Ca\u00eddos. Es el momento de que todos y todas nos unamos por ello, porque la unidad entre quienes reivindicamos la memoria democr\u00e1tica y una hoja de ruta com\u00fan son fundamentales para conformar una mayor\u00eda social a favor de ello. La filosof\u00eda de trabajo debe responder a ello. Con el choque entre las distintas alternativas que se han propuesto desde una perspectiva democratizadora dif\u00edcilmente se lograr\u00e1 el objetivo mencionado.<\/p>\n\n\n\n<p>Asimismo, no hacer nada no es una opci\u00f3n. Dicho de otro modo, lo importante ante el relato de la derecha franquista es asegurar un cambio radical que sustituya y represente la memoria integral y la ruptura. El Ayuntamiento de Iru\u00f1ea y el Gobierno de Nafarroa, los agentes sociales y sindicales, as\u00ed como los agentes de memoria, cada uno desde su propia naturaleza y visi\u00f3n, pero todos y todas debemos trabajar juntas para llevar a cabo este reto. En LAB consideramos que esta intervenci\u00f3n radical debe contemplar tambi\u00e9n la posibilidad del derribo. Por encima de otras opciones, priorizaremos la opci\u00f3n del derribo.<\/p>\n\n\n\n<p>Por \u00faltimo, defendemos la utilizaci\u00f3n de herramientas eficaces para lograr el citado objetivo, entre las que se sit\u00faa la activaci\u00f3n ciudadana y la participaci\u00f3n ciudadana.<\/p>\n","protected":false},"excerpt":{"rendered":"<p>En el sindicato LAB siempre hemos apoyado todas las opciones democr\u00e1ticas para cambiar radicalmente la naturaleza y el significado del Monumento a Los Ca\u00eddos, que ensalza el franquismo y el fascismo. Como en en su momento apoyamos la exhumaci\u00f3n de los restos de Mola y Sanjurjo. Reivindicamos un cambio radical en este Monumento franquista en esta legislatura, incluida la posibilidad del derribo, y para ello, posibilitar la participaci\u00f3n ciudadana. Tal y como se est\u00e1 demostrando en Nafarroa con la din\u00e1mica sobre el trabajo esclavo utilizado por el franquismo, dese el sindicato LAB reafirmamos nuestro compromiso con la aportaci\u00f3n a la memoria hist\u00f3rica, a la memoria democr\u00e1tica desde la perspectiva de los trabajadores y trabajadoras, desde la conciencia de clase.<\/p>\n","protected":false},"author":1191,"featured_media":72075,"comment_status":"closed","ping_status":"closed","sticky":false,"template":"","format":"standard","meta":{"_monsterinsights_skip_tracking":false,"_monsterinsights_sitenote_active":false,"_monsterinsights_sitenote_note":"","_monsterinsights_sitenote_category":0,"footnotes":"","_links_to":"","_links_to_target":""},"categories":[3402],"tags":[3178,4782],"class_list":{"0":"post-72077","1":"post","2":"type-post","3":"status-publish","4":"format-standard","5":"has-post-thumbnail","7":"category-accion-politica","8":"tag-destacado-1","9":"tag-monumento-a-los-caidos"},"_links":{"self":[{"href":"https:\/\/www.lab.eus\/es\/wp-json\/wp\/v2\/posts\/72077","targetHints":{"allow":["GET"]}}],"collection":[{"href":"https:\/\/www.lab.eus\/es\/wp-json\/wp\/v2\/posts"}],"about":[{"href":"https:\/\/www.lab.eus\/es\/wp-json\/wp\/v2\/types\/post"}],"author":[{"embeddable":true,"href":"https:\/\/www.lab.eus\/es\/wp-json\/wp\/v2\/users\/1191"}],"replies":[{"embeddable":true,"href":"https:\/\/www.lab.eus\/es\/wp-json\/wp\/v2\/comments?post=72077"}],"version-history":[{"count":1,"href":"https:\/\/www.lab.eus\/es\/wp-json\/wp\/v2\/posts\/72077\/revisions"}],"predecessor-version":[{"id":72078,"href":"https:\/\/www.lab.eus\/es\/wp-json\/wp\/v2\/posts\/72077\/revisions\/72078"}],"wp:featuredmedia":[{"embeddable":true,"href":"https:\/\/www.lab.eus\/es\/wp-json\/wp\/v2\/media\/72075"}],"wp:attachment":[{"href":"https:\/\/www.lab.eus\/es\/wp-json\/wp\/v2\/media?parent=72077"}],"wp:term":[{"taxonomy":"category","embeddable":true,"href":"https:\/\/www.lab.eus\/es\/wp-json\/wp\/v2\/categories?post=72077"},{"taxonomy":"post_tag","embeddable":true,"href":"https:\/\/www.lab.eus\/es\/wp-json\/wp\/v2\/tags?post=72077"}],"curies":[{"name":"wp","href":"https:\/\/api.w.org\/{rel}","templated":true}]}}