{"id":72061,"date":"2024-06-26T14:27:57","date_gmt":"2024-06-26T14:27:57","guid":{"rendered":"https:\/\/www.lab.eus\/?p=72061"},"modified":"2024-06-26T14:27:58","modified_gmt":"2024-06-26T14:27:58","slug":"nos-mostramos-a-favor-de-un-acuerdo-en-materia-de-empleo-para-arcelor-mittal-olaberria","status":"publish","type":"post","link":"https:\/\/www.lab.eus\/es\/nos-mostramos-a-favor-de-un-acuerdo-en-materia-de-empleo-para-arcelor-mittal-olaberria\/","title":{"rendered":"Nos mostramos a favor de un acuerdo en materia de empleo para Arcelor Mittal Olaberria"},"content":{"rendered":"\n<p>Hemos recalcado en numerosas ocasiones que la planta tiene sus necesidades y carencias en cuanto al empleo, y el acuerdo marco no las ha solucionado. Llevamos dos a\u00f1os sin saber c\u00f3mo saldr\u00e1n los compa\u00f1eros y las compa\u00f1eras, ya que la empresa no aplica el contrato de relevo, ni cu\u00e1ndo se incorporar\u00e1n los nuevos trabajadores y trabajadoras.<\/p>\n\n\n\n<p>Tras reunirnos con los afiliados y afiliadas y escuchar a los y las trabajadoras, en LAB creemos, por que as\u00ed nos lo reclaman, que es el momento de activarse y dar pasos para romper la inmovilidad de la direcci\u00f3n de la empresa. Por ello, en el d\u00eda de hoy hemos convocado un paro.<\/p>\n\n\n\n<p>Desde LAB presentamos la propuesta de movilizaci\u00f3nes ante el comit\u00e9 para ver si el resto de los sindicatos compart\u00edan nuestra lectura de la necesidad urgente de activarnos para conseguir un plan de empleo para Olaberria. UGT y CCOO no aprobaron la moci\u00f3n, y ELA se march\u00f3 del pleno despu\u00e9s de escuchar al resto sin ni siquiera dar una valoraci\u00f3n.<\/p>\n\n\n\n<p>Desde LAB consideramos que hubiera sido importante que el resto de sindicatos se sumaran, ante la situaci\u00f3n actual y la importancia vital que ha de tener hacer las cosas bien en el tema del empleo para el futuro de Olaberria.<\/p>\n\n\n\n<p>En la planta sigue habiendo una plantilla envejecida, se siguen haciendo miles de horas extra, etc. Nos hemos  reunido varias veces con la direcci\u00f3n y le hemos trasladado nuestras necesidades instando a que de una vez por todas aporten soluciones para Olaberria. La respuesta ha sido insatisfactoria y solo han dado largas sin concretar nada. La movilizaci\u00f3n y lucha son esenciales para poder llegar a un acuerdo. Por ello, en este sindicato seguiremos trabajando en ese sentido, para que la planta de Olaberria tenga un acuerdo digno en materia de empleo.<\/p>\n","protected":false},"excerpt":{"rendered":"<p>Hemos recalcado en numerosas ocasiones que la planta tiene sus necesidades y carencias en cuanto al empleo, y el acuerdo marco no las ha solucionado. Llevamos dos a\u00f1os sin saber c\u00f3mo saldr\u00e1n los compa\u00f1eros y las compa\u00f1eras, ya que la empresa no aplica el contrato de relevo, ni cu\u00e1ndo se incorporar\u00e1n los nuevos trabajadores y trabajadoras.<\/p>\n","protected":false},"author":1191,"featured_media":72058,"comment_status":"closed","ping_status":"closed","sticky":false,"template":"","format":"standard","meta":{"_monsterinsights_skip_tracking":false,"_monsterinsights_sitenote_active":false,"_monsterinsights_sitenote_note":"","_monsterinsights_sitenote_category":0,"footnotes":"","_links_to":"","_links_to_target":""},"categories":[18,2867,2868],"tags":[3033,2011,4779,3178,2996],"class_list":{"0":"post-72061","1":"post","2":"type-post","3":"status-publish","4":"format-standard","5":"has-post-thumbnail","7":"category-es-accion-sindical","8":"category-federaciones","9":"category-industria-es","10":"tag-accion-sindical-es","11":"tag-arcelor-mittal-2","12":"tag-arcelor-mittal-olaberria","13":"tag-destacado-1","14":"tag-industria-es"},"_links":{"self":[{"href":"https:\/\/www.lab.eus\/es\/wp-json\/wp\/v2\/posts\/72061","targetHints":{"allow":["GET"]}}],"collection":[{"href":"https:\/\/www.lab.eus\/es\/wp-json\/wp\/v2\/posts"}],"about":[{"href":"https:\/\/www.lab.eus\/es\/wp-json\/wp\/v2\/types\/post"}],"author":[{"embeddable":true,"href":"https:\/\/www.lab.eus\/es\/wp-json\/wp\/v2\/users\/1191"}],"replies":[{"embeddable":true,"href":"https:\/\/www.lab.eus\/es\/wp-json\/wp\/v2\/comments?post=72061"}],"version-history":[{"count":1,"href":"https:\/\/www.lab.eus\/es\/wp-json\/wp\/v2\/posts\/72061\/revisions"}],"predecessor-version":[{"id":72062,"href":"https:\/\/www.lab.eus\/es\/wp-json\/wp\/v2\/posts\/72061\/revisions\/72062"}],"wp:featuredmedia":[{"embeddable":true,"href":"https:\/\/www.lab.eus\/es\/wp-json\/wp\/v2\/media\/72058"}],"wp:attachment":[{"href":"https:\/\/www.lab.eus\/es\/wp-json\/wp\/v2\/media?parent=72061"}],"wp:term":[{"taxonomy":"category","embeddable":true,"href":"https:\/\/www.lab.eus\/es\/wp-json\/wp\/v2\/categories?post=72061"},{"taxonomy":"post_tag","embeddable":true,"href":"https:\/\/www.lab.eus\/es\/wp-json\/wp\/v2\/tags?post=72061"}],"curies":[{"name":"wp","href":"https:\/\/api.w.org\/{rel}","templated":true}]}}