{"id":71998,"date":"2024-06-24T13:48:19","date_gmt":"2024-06-24T13:48:19","guid":{"rendered":"https:\/\/www.lab.eus\/?p=71998"},"modified":"2024-06-24T13:48:20","modified_gmt":"2024-06-24T13:48:20","slug":"la-situacion-del-servicio-postal-de-zumarraga-es-intolerable","status":"publish","type":"post","link":"https:\/\/www.lab.eus\/es\/la-situacion-del-servicio-postal-de-zumarraga-es-intolerable\/","title":{"rendered":"La situaci\u00f3n del servicio postal de Zumarraga es intolerable"},"content":{"rendered":"\n<p>Los sindicatos con representaci\u00f3n en Correos (CCOO, LAB, ESK, UGT y ELA) queremos denunciar la insostenible situaci\u00f3n en la que se encuentra la carter\u00eda de Zumarraga actualmente. En cuanto a la plantilla se refiere, existen numerosos puestos vacantes; sirva como ejemplo la situaci\u00f3n del personal en el turno de ma\u00f1ana, donde algunos d\u00edas s\u00f3lo hay 5 personas para un total de 13 puestos de trabajo a cubrir, lo que supone un 62% de falta de cobertura, situaci\u00f3n totalmente habitual en este centro de trabajo desgraciadamente. La plantilla ha realizado diversas concentraciones denunciando la falta de personal, pero el problema no mejora despu\u00e9s del periodo electoral y la empresa no tiene ninguna intenci\u00f3n de realizar contrataci\u00f3n. El 7 de julio entramos en periodo vacacional y, con el disfrute de las mismas, la previsi\u00f3n es que siga faltando personal.<\/p>\n\n\n\n<p>Las notificaciones se empiezan a acumular y no se cumple el Servicio Postal Universal en los pueblos afectados de Zum\u00e1rraga, Legazpia, Urretxu, Ezkio-Itxaso y Brinkola. El turno de tarde se compone de un compa\u00f1ero a tiempo completo y otro a tiempo parcial para las poblaciones mencionadas, lo que hace imposible el cumplimiento de las entregas de todas las notificaciones asignadas y la paqueter\u00eda 24h. La falta de contrataci\u00f3n acarrea un empeoramiento de las condiciones laborales del personal de Correos, as\u00ed como la prestaci\u00f3n de un peor servicio a los y las vecinas de dichas localidades y, por ende, de la gran mayor\u00eda de centros de trabajos lo que, a su vez, provoca un aumento del malestar en la plantilla, al tener que asumir los puestos de trabajo vacantes en su jornada laboral. Esta situaci\u00f3n de precariedad se ve agravada por el aumento del estr\u00e9s laboral, que repercute en la salud de los empleados y empleadas de Correos.<\/p>\n\n\n\n<p>As\u00ed mismo queremos denunciar la situaci\u00f3n de abandono en la que se encuentra la carter\u00eda, con azulejos del suelo rotos desde hace m\u00e1s de un a\u00f1o que han dado lugar a numerosos tropezones e incluso ca\u00eddas, y con los aseos averiados desde hace meses.<\/p>\n","protected":false},"excerpt":{"rendered":"<p>En cuanto a la plantilla se refiere, existen numerosos puestos vacantes; sirva como ejemplo la situaci\u00f3n del personal en el turno de ma\u00f1ana, donde algunos d\u00edas s\u00f3lo hay 5 personas para un total de 13 puestos de trabajo a cubrir, lo que supone un 62% de falta de cobertura, situaci\u00f3n totalmente habitual en este centro de trabajo desgraciadamente. La plantilla ha realizado diversas concentraciones denunciando la falta de personal, pero el problema no mejora despu\u00e9s del periodo electoral y la empresa no tiene ninguna intenci\u00f3n de realizar contrataci\u00f3n. El 7 de julio entramos en periodo vacacional y, con el disfrute de las mismas, la previsi\u00f3n es que siga faltando personal.<\/p>\n","protected":false},"author":1191,"featured_media":16219,"comment_status":"closed","ping_status":"closed","sticky":false,"template":"","format":"standard","meta":{"_monsterinsights_skip_tracking":false,"_monsterinsights_sitenote_active":false,"_monsterinsights_sitenote_note":"","_monsterinsights_sitenote_category":0,"footnotes":"","_links_to":"","_links_to_target":""},"categories":[18,3129,2867,6],"tags":[3033,3347,4771,3178,3171],"class_list":{"0":"post-71998","1":"post","2":"type-post","3":"status-publish","4":"format-standard","5":"has-post-thumbnail","7":"category-es-accion-sindical","8":"category-correos","9":"category-federaciones","10":"category-es-servicios-publicos","11":"tag-accion-sindical-es","12":"tag-correos-es","13":"tag-correos-zumarraga","14":"tag-destacado-1","15":"tag-servicios-publicos-es"},"_links":{"self":[{"href":"https:\/\/www.lab.eus\/es\/wp-json\/wp\/v2\/posts\/71998","targetHints":{"allow":["GET"]}}],"collection":[{"href":"https:\/\/www.lab.eus\/es\/wp-json\/wp\/v2\/posts"}],"about":[{"href":"https:\/\/www.lab.eus\/es\/wp-json\/wp\/v2\/types\/post"}],"author":[{"embeddable":true,"href":"https:\/\/www.lab.eus\/es\/wp-json\/wp\/v2\/users\/1191"}],"replies":[{"embeddable":true,"href":"https:\/\/www.lab.eus\/es\/wp-json\/wp\/v2\/comments?post=71998"}],"version-history":[{"count":2,"href":"https:\/\/www.lab.eus\/es\/wp-json\/wp\/v2\/posts\/71998\/revisions"}],"predecessor-version":[{"id":72000,"href":"https:\/\/www.lab.eus\/es\/wp-json\/wp\/v2\/posts\/71998\/revisions\/72000"}],"wp:featuredmedia":[{"embeddable":true,"href":"https:\/\/www.lab.eus\/es\/wp-json\/wp\/v2\/media\/16219"}],"wp:attachment":[{"href":"https:\/\/www.lab.eus\/es\/wp-json\/wp\/v2\/media?parent=71998"}],"wp:term":[{"taxonomy":"category","embeddable":true,"href":"https:\/\/www.lab.eus\/es\/wp-json\/wp\/v2\/categories?post=71998"},{"taxonomy":"post_tag","embeddable":true,"href":"https:\/\/www.lab.eus\/es\/wp-json\/wp\/v2\/tags?post=71998"}],"curies":[{"name":"wp","href":"https:\/\/api.w.org\/{rel}","templated":true}]}}