{"id":71946,"date":"2024-06-21T12:16:51","date_gmt":"2024-06-21T12:16:51","guid":{"rendered":"https:\/\/www.lab.eus\/?p=71946"},"modified":"2024-06-21T12:16:52","modified_gmt":"2024-06-21T12:16:52","slug":"exigimos-a-telepizza-que-pague-de-inmediato-lo-que-debe-a-varios-y-varias-jovenes","status":"publish","type":"post","link":"https:\/\/www.lab.eus\/es\/exigimos-a-telepizza-que-pague-de-inmediato-lo-que-debe-a-varios-y-varias-jovenes\/","title":{"rendered":"Exigimos a Telepizza que pague de inmediato lo que debe a varios y varias j\u00f3venes"},"content":{"rendered":"\n<p>El sindicato y la organizaci\u00f3n juvenil han comparecido en El Arenal de Bilbo para denunciar que la empresa debe dinero a ocho personas desde hace tiempo.<\/p>\n\n\n\n<p>Ocho j\u00f3venes trabajaron en diciembre de 2022 y enero de 2023 en el puesto de Telepizza del BEC en el PIN navide\u00f1o. La mayor\u00eda encontr\u00f3 el trabajo a trav\u00e9s del portal Infojobs, y para muchos y muchas fue la primera experiencia en el mercado laboral, con un contrato temporal. Aunque en un principio recibieron su n\u00f3mina de diciembre sin problemas, no cobraron la n\u00f3mina de enero. Posteriormente, tras contactar con LAB y Ernai y exigir a Telepizza el pago de las n\u00f3minas, a mediados de abril, las y los j\u00f3venes cobraron la n\u00f3mina de enero. Sin embargo, estas n\u00f3minas pagadas por Telepizza no est\u00e1n bien hechas porque aparecen menos horas de las que trabajaron en su contrato de enero. Por eso, LAB y Ernai exigimos a Telepizza que pague sus deudas.<\/p>\n\n\n\n<p>El caso de explotaci\u00f3n de Telepizza no es un problema aislado. Si algo caracteriza la oferta de empleo dirigida a j\u00f3venes en Hego Euskal Herria es la precariedad. Hoy en d\u00eda el empleo no supone una garant\u00eda para poder vivir con dignidad. S\u00f3lo hay que fijarse en los datos: mientras que en 2023 la tasa de empleo temporal general fue del 21,4%, entre los j\u00f3venes lleg\u00f3 ao 46%. En Bilbo, por ejemplo, el 70% de los contratos a j\u00f3venes en enero de 2024 fue temporal. La fuerza de trabajo juvenil desempe\u00f1a una funci\u00f3n indispensable en el seno del sistema capitalista, que se sirve de ella para obtener la mayor plusval\u00eda posible, dirigiendo a los y las j\u00f3venes la oferta de trabajo m\u00e1s precarizada y devaluada.<\/p>\n\n\n\n<p>Para hacer posible esta situaci\u00f3n y justificar la violencia laboral que tienen que vivir los j\u00f3venes, el sistema capitalista ha ideado un relato en el que afirman que los y las j\u00f3venes son vagas, no se esfuerzan lo suficiente, no tienen experiencia, tienen que aceptar pr\u00e1cticas no remuneradas o trabajar en malas condiciones. Este relato se difunde una y otra vez en los medios. Para acabar con lo ocurrido en Telepizza y con la precariedad juvenil es necesario superar el sistema capitalista y, por tanto, m\u00e1s all\u00e1 de obtener ciertas mejoras econ\u00f3micas, es necesario que las los j\u00f3venes se organicen en los centros educativos, en las f\u00e1bricas, en los barrios.<\/p>\n","protected":false},"excerpt":{"rendered":"<p>El sindicato y la organizaci\u00f3n juvenil han comparecido en El Arenal de Bilbo para denunciar que la empresa debe dinero a ocho personas desde hace tiempo.<\/p>\n","protected":false},"author":1191,"featured_media":71942,"comment_status":"closed","ping_status":"closed","sticky":false,"template":"","format":"standard","meta":{"_monsterinsights_skip_tracking":false,"_monsterinsights_sitenote_active":false,"_monsterinsights_sitenote_note":"","_monsterinsights_sitenote_category":0,"footnotes":"","_links_to":"","_links_to_target":""},"categories":[18,2867,8,3283],"tags":[3033,3178,3356,3172,4766],"class_list":{"0":"post-71946","1":"post","2":"type-post","3":"status-publish","4":"format-standard","5":"has-post-thumbnail","7":"category-es-accion-sindical","8":"category-federaciones","9":"category-es-servicios-privados","10":"category-sin-categorizar","11":"tag-accion-sindical-es","12":"tag-destacado-1","13":"tag-ernai-es","14":"tag-servicios-privados-es","15":"tag-telepizza"},"_links":{"self":[{"href":"https:\/\/www.lab.eus\/es\/wp-json\/wp\/v2\/posts\/71946","targetHints":{"allow":["GET"]}}],"collection":[{"href":"https:\/\/www.lab.eus\/es\/wp-json\/wp\/v2\/posts"}],"about":[{"href":"https:\/\/www.lab.eus\/es\/wp-json\/wp\/v2\/types\/post"}],"author":[{"embeddable":true,"href":"https:\/\/www.lab.eus\/es\/wp-json\/wp\/v2\/users\/1191"}],"replies":[{"embeddable":true,"href":"https:\/\/www.lab.eus\/es\/wp-json\/wp\/v2\/comments?post=71946"}],"version-history":[{"count":1,"href":"https:\/\/www.lab.eus\/es\/wp-json\/wp\/v2\/posts\/71946\/revisions"}],"predecessor-version":[{"id":71947,"href":"https:\/\/www.lab.eus\/es\/wp-json\/wp\/v2\/posts\/71946\/revisions\/71947"}],"wp:featuredmedia":[{"embeddable":true,"href":"https:\/\/www.lab.eus\/es\/wp-json\/wp\/v2\/media\/71942"}],"wp:attachment":[{"href":"https:\/\/www.lab.eus\/es\/wp-json\/wp\/v2\/media?parent=71946"}],"wp:term":[{"taxonomy":"category","embeddable":true,"href":"https:\/\/www.lab.eus\/es\/wp-json\/wp\/v2\/categories?post=71946"},{"taxonomy":"post_tag","embeddable":true,"href":"https:\/\/www.lab.eus\/es\/wp-json\/wp\/v2\/tags?post=71946"}],"curies":[{"name":"wp","href":"https:\/\/api.w.org\/{rel}","templated":true}]}}