{"id":71933,"date":"2024-06-21T12:07:01","date_gmt":"2024-06-21T12:07:01","guid":{"rendered":"https:\/\/www.lab.eus\/?p=71933"},"modified":"2024-06-21T12:07:02","modified_gmt":"2024-06-21T12:07:02","slug":"convocamos-huelga-indefinida-a-partir-del-28-de-junio-en-cementos-rezola","status":"publish","type":"post","link":"https:\/\/www.lab.eus\/es\/convocamos-huelga-indefinida-a-partir-del-28-de-junio-en-cementos-rezola\/","title":{"rendered":"Convocamos huelga indefinida a partir del 28 de junio en Cementos Rezola"},"content":{"rendered":"\n<p>La empresa quiere aplicar un ERE que afectar\u00eda a 56 trabajadores y trabajadoras.<\/p>\n\n\n\n<p>La direcci\u00f3n de la empresa Cementos Rezola ubicada en el barrio donostiarra de A\u00f1orga quiere aplicar un Expediente de Regulaci\u00f3n de Empleo (ERE), lo que pondr\u00eda en riesgo el trabajo de 56 personas.<\/p>\n\n\n\n<p>La empresa justifica el ERE en las emisiones de CO2, y por ello quiere dejar de producir clinker, el principal componente de cemento.&nbsp;El comit\u00e9 de empresa tiene claro que hacer una Transici\u00f3n Ecosocialista justa es absolutamente necesario tanto en esta empresa como en otras, pero esa transici\u00f3n no debe recaer sobre las y los trabajadores, se deben buscar alternativas para garantizar los puestos de trabajo.<br><br>Ante el inicio del periodo de consultas el pasado 18 de junio y las medidas que pretende adoptar la empresa, la plantilla ha decidido iniciar una huelga indefinida a partir del 28 de junio en defensa de los puestos de trabajo.<\/p>\n","protected":false},"excerpt":{"rendered":"<p>La empresa quiere aplicar un ERE que afectar\u00eda a 56 trabajadores y trabajadoras.<\/p>\n","protected":false},"author":1191,"featured_media":71929,"comment_status":"closed","ping_status":"closed","sticky":false,"template":"","format":"standard","meta":{"_monsterinsights_skip_tracking":false,"_monsterinsights_sitenote_active":false,"_monsterinsights_sitenote_note":"","_monsterinsights_sitenote_category":0,"footnotes":"","_links_to":"","_links_to_target":""},"categories":[18,2867,2868],"tags":[3033,3537,3178,2996],"class_list":{"0":"post-71933","1":"post","2":"type-post","3":"status-publish","4":"format-standard","5":"has-post-thumbnail","7":"category-es-accion-sindical","8":"category-federaciones","9":"category-industria-es","10":"tag-accion-sindical-es","11":"tag-cementos-rezola","12":"tag-destacado-1","13":"tag-industria-es"},"_links":{"self":[{"href":"https:\/\/www.lab.eus\/es\/wp-json\/wp\/v2\/posts\/71933","targetHints":{"allow":["GET"]}}],"collection":[{"href":"https:\/\/www.lab.eus\/es\/wp-json\/wp\/v2\/posts"}],"about":[{"href":"https:\/\/www.lab.eus\/es\/wp-json\/wp\/v2\/types\/post"}],"author":[{"embeddable":true,"href":"https:\/\/www.lab.eus\/es\/wp-json\/wp\/v2\/users\/1191"}],"replies":[{"embeddable":true,"href":"https:\/\/www.lab.eus\/es\/wp-json\/wp\/v2\/comments?post=71933"}],"version-history":[{"count":1,"href":"https:\/\/www.lab.eus\/es\/wp-json\/wp\/v2\/posts\/71933\/revisions"}],"predecessor-version":[{"id":71934,"href":"https:\/\/www.lab.eus\/es\/wp-json\/wp\/v2\/posts\/71933\/revisions\/71934"}],"wp:featuredmedia":[{"embeddable":true,"href":"https:\/\/www.lab.eus\/es\/wp-json\/wp\/v2\/media\/71929"}],"wp:attachment":[{"href":"https:\/\/www.lab.eus\/es\/wp-json\/wp\/v2\/media?parent=71933"}],"wp:term":[{"taxonomy":"category","embeddable":true,"href":"https:\/\/www.lab.eus\/es\/wp-json\/wp\/v2\/categories?post=71933"},{"taxonomy":"post_tag","embeddable":true,"href":"https:\/\/www.lab.eus\/es\/wp-json\/wp\/v2\/tags?post=71933"}],"curies":[{"name":"wp","href":"https:\/\/api.w.org\/{rel}","templated":true}]}}