{"id":71881,"date":"2024-06-20T12:11:51","date_gmt":"2024-06-20T12:11:51","guid":{"rendered":"https:\/\/www.lab.eus\/?p=71881"},"modified":"2024-06-20T12:11:52","modified_gmt":"2024-06-20T12:11:52","slug":"la-primera-reunion-entre-los-huelguistas-de-mondelez-y-la-direccion-solo-duro-cinco-minutos-por-la-soberbia-de-los-representantes-de-la-empresa","status":"publish","type":"post","link":"https:\/\/www.lab.eus\/es\/la-primera-reunion-entre-los-huelguistas-de-mondelez-y-la-direccion-solo-duro-cinco-minutos-por-la-soberbia-de-los-representantes-de-la-empresa\/","title":{"rendered":"La primera reuni\u00f3n entre los huelguistas de Mondelez y la direcci\u00f3n solo dur\u00f3 cinco minutos por la soberbia de los representantes de la empresa"},"content":{"rendered":"\n<p>Ayer 19 de junio, la direcci\u00f3n de la f\u00e1brica de galletas Mondelez de Viana (Nafarroa) y la representaci\u00f3n sindical de la plantilla celebraron la primera reuni\u00f3n desde que los trabajadores y trabajadoras se pusieran el pasado 10 de junio en huelga indefinida por un convenio justo. La reuni\u00f3n apenas dur\u00f3 cinco minutos ya que los representantes de la empresa se negaron a negociar muchas de las reivindicaciones de los y las huelguistas.<\/p>\n\n\n\n<p>En el sindicato LAB consideramos una provocaci\u00f3n y un insulto a los y las huelguistas que llevan m\u00e1s de diez d\u00edas en la calle la cerraz\u00f3n que demostr\u00f3 ayer la empresa puesto que, seg\u00fan sus representantes, no va a negociar nada sobre antig\u00fcedades, nada sobre mejorar las coberturas de las incapacidades temporales, nada sobre equiparar las pagas extras, y nada sobre la reducci\u00f3n de jornada, reivindicaciones todas ellas de la huelga indefinida.<\/p>\n\n\n\n<p>El acto de soberbia protagonizado ayer por los representantes de la empresa, que en todo momento estuvieron acompa\u00f1ados de dos guardas de seguridad, no hace m\u00e1s que afianzar la posici\u00f3n de este sindicato, en el sentido de intensificar las movilizaciones de cara a conseguir un convenio m\u00e1s justo.<\/p>\n","protected":false},"excerpt":{"rendered":"<p>Ayer 19 de junio, la direcci\u00f3n de la f\u00e1brica de galletas Mondelez de Viana (Nafarroa) y la representaci\u00f3n sindical de la plantilla celebraron la primera reuni\u00f3n desde que los trabajadores y trabajadoras se pusieran el pasado 10 de junio en huelga indefinida por un convenio justo. La reuni\u00f3n apenas dur\u00f3 cinco minutos ya que los representantes de la empresa se negaron a negociar muchas de las reivindicaciones de los y las huelguistas.<\/p>\n","protected":false},"author":1191,"featured_media":71879,"comment_status":"closed","ping_status":"closed","sticky":false,"template":"","format":"standard","meta":{"_monsterinsights_skip_tracking":false,"_monsterinsights_sitenote_active":false,"_monsterinsights_sitenote_note":"","_monsterinsights_sitenote_category":0,"footnotes":"","_links_to":"","_links_to_target":""},"categories":[18,2868],"tags":[3028,3178,4708,4753],"class_list":{"0":"post-71881","1":"post","2":"type-post","3":"status-publish","4":"format-standard","5":"has-post-thumbnail","7":"category-es-accion-sindical","8":"category-industria-es","9":"tag-accion-sindical-2","10":"tag-destacado-1","11":"tag-mondelez","12":"tag-oreo"},"_links":{"self":[{"href":"https:\/\/www.lab.eus\/es\/wp-json\/wp\/v2\/posts\/71881","targetHints":{"allow":["GET"]}}],"collection":[{"href":"https:\/\/www.lab.eus\/es\/wp-json\/wp\/v2\/posts"}],"about":[{"href":"https:\/\/www.lab.eus\/es\/wp-json\/wp\/v2\/types\/post"}],"author":[{"embeddable":true,"href":"https:\/\/www.lab.eus\/es\/wp-json\/wp\/v2\/users\/1191"}],"replies":[{"embeddable":true,"href":"https:\/\/www.lab.eus\/es\/wp-json\/wp\/v2\/comments?post=71881"}],"version-history":[{"count":1,"href":"https:\/\/www.lab.eus\/es\/wp-json\/wp\/v2\/posts\/71881\/revisions"}],"predecessor-version":[{"id":71882,"href":"https:\/\/www.lab.eus\/es\/wp-json\/wp\/v2\/posts\/71881\/revisions\/71882"}],"wp:featuredmedia":[{"embeddable":true,"href":"https:\/\/www.lab.eus\/es\/wp-json\/wp\/v2\/media\/71879"}],"wp:attachment":[{"href":"https:\/\/www.lab.eus\/es\/wp-json\/wp\/v2\/media?parent=71881"}],"wp:term":[{"taxonomy":"category","embeddable":true,"href":"https:\/\/www.lab.eus\/es\/wp-json\/wp\/v2\/categories?post=71881"},{"taxonomy":"post_tag","embeddable":true,"href":"https:\/\/www.lab.eus\/es\/wp-json\/wp\/v2\/tags?post=71881"}],"curies":[{"name":"wp","href":"https:\/\/api.w.org\/{rel}","templated":true}]}}