{"id":71771,"date":"2024-06-17T13:10:34","date_gmt":"2024-06-17T13:10:34","guid":{"rendered":"https:\/\/www.lab.eus\/?p=71771"},"modified":"2024-06-17T13:10:35","modified_gmt":"2024-06-17T13:10:35","slug":"los-datos-sobre-alquiler-de-vivienda-en-nafarroa-muestran-que-hace-falta-una-urgente-regulacion-legislativa-y-un-mayor-compromiso-por-ampliar-el-parque-publico-de-alquiler","status":"publish","type":"post","link":"https:\/\/www.lab.eus\/es\/los-datos-sobre-alquiler-de-vivienda-en-nafarroa-muestran-que-hace-falta-una-urgente-regulacion-legislativa-y-un-mayor-compromiso-por-ampliar-el-parque-publico-de-alquiler\/","title":{"rendered":"Los datos sobre alquiler de vivienda en Nafarroa muestran que hace falta una urgente regulaci\u00f3n legislativa y un mayor compromiso por ampliar el parque p\u00fablico de alquiler"},"content":{"rendered":"\n<p>El pasado viernes el Instituto de Estad\u00edstica de Nafarroa public\u00f3 la <em>Estad\u00edstica de alquiler de vivienda<\/em> que, a juicio del sindicato LAB, confirma que el mercado no regula debidamente el precio del alquiler y que es urgente tomar medidas legislativas y administrativas. Dicho estudio indica que el precio medio mensual del alquiler se sit\u00faa en 541,6 euros, pero el propio estudio reconoce que ese dato no refleja el precio real para acceder a una vivienda en alquiler, ya que el precio en la vivienda libre es muy superior.<\/p>\n\n\n\n<p>El estudio publicado por el Instituto de Estad\u00edstica de Nafarroa ha tenido en cuenta, a la hora de hacer el calculo del precio medio mensual, el precio de los contratos firmados a\u00f1os atr\u00e1s y el coste de la vivienda protegida en alquiler. Pero es sabido, y el mismo estudio lo reconoce, que el precio del alquiler en la vivienda libre es muy superior, llegando al punto de convertirse en inaccesible para la mayor\u00eda asalariada de Nafarroa, que necesita destinar m\u00e1s de la mitad de su sueldo para acceder a una vivienda.<\/p>\n\n\n\n<p>Desde LAB queremos denunciar que en la actualidad se est\u00e1 produciendo un asalto inaceptable a los ingresos salariales de la clase trabajadora que acelera su proceso de empobrecimiento. En ese sentido, cabe recordar que los salarios est\u00e1n creciendo por debajo del IPC, mientras que la progresiva subida del precio de los alquileres, un 6% m\u00e1s que el a\u00f1o anterior, sigue sin toparse.<\/p>\n\n\n\n<p>Por todo ello, exigimos al Parlamento y Gobierno de Nafarroa que no demore por m\u00e1s tiempo la toma de decisiones pol\u00edticas de cara a garantizar a todos y todas el acceso a una vivienda digna. Una mayor regulaci\u00f3n e impulso p\u00fablico son imprescindibles para hacer frente al lobby inmobiliario, agitador del indecente coste del alquiler en nuestro territorio.<\/p>\n","protected":false},"excerpt":{"rendered":"<p>El pasado viernes el Instituto de Estad\u00edstica de Nafarroa public\u00f3 la Estad\u00edstica de alquiler de vivienda que, a juicio del sindicato LAB, confirma que el mercado no regula debidamente el precio del alquiler y que es urgente tomar medidas legislativas y administrativas. Dicho estudio indica que el precio medio mensual del alquiler se sit\u00faa en 541,6 euros, pero el propio estudio reconoce que ese dato no refleja el precio real para acceder a una vivienda en alquiler, ya que el precio en la vivienda libre es muy superior.<\/p>\n","protected":false},"author":1191,"featured_media":71777,"comment_status":"closed","ping_status":"closed","sticky":false,"template":"","format":"standard","meta":{"_monsterinsights_skip_tracking":false,"_monsterinsights_sitenote_active":false,"_monsterinsights_sitenote_note":"","_monsterinsights_sitenote_category":0,"footnotes":"","_links_to":"","_links_to_target":""},"categories":[2994],"tags":[3182,4741,3178,3491],"class_list":{"0":"post-71771","1":"post","2":"type-post","3":"status-publish","4":"format-standard","5":"has-post-thumbnail","7":"category-accion-social","8":"tag-accion-social-es","9":"tag-alquiler","10":"tag-destacado-1","11":"tag-vivienda"},"_links":{"self":[{"href":"https:\/\/www.lab.eus\/es\/wp-json\/wp\/v2\/posts\/71771","targetHints":{"allow":["GET"]}}],"collection":[{"href":"https:\/\/www.lab.eus\/es\/wp-json\/wp\/v2\/posts"}],"about":[{"href":"https:\/\/www.lab.eus\/es\/wp-json\/wp\/v2\/types\/post"}],"author":[{"embeddable":true,"href":"https:\/\/www.lab.eus\/es\/wp-json\/wp\/v2\/users\/1191"}],"replies":[{"embeddable":true,"href":"https:\/\/www.lab.eus\/es\/wp-json\/wp\/v2\/comments?post=71771"}],"version-history":[{"count":1,"href":"https:\/\/www.lab.eus\/es\/wp-json\/wp\/v2\/posts\/71771\/revisions"}],"predecessor-version":[{"id":71772,"href":"https:\/\/www.lab.eus\/es\/wp-json\/wp\/v2\/posts\/71771\/revisions\/71772"}],"wp:featuredmedia":[{"embeddable":true,"href":"https:\/\/www.lab.eus\/es\/wp-json\/wp\/v2\/media\/71777"}],"wp:attachment":[{"href":"https:\/\/www.lab.eus\/es\/wp-json\/wp\/v2\/media?parent=71771"}],"wp:term":[{"taxonomy":"category","embeddable":true,"href":"https:\/\/www.lab.eus\/es\/wp-json\/wp\/v2\/categories?post=71771"},{"taxonomy":"post_tag","embeddable":true,"href":"https:\/\/www.lab.eus\/es\/wp-json\/wp\/v2\/tags?post=71771"}],"curies":[{"name":"wp","href":"https:\/\/api.w.org\/{rel}","templated":true}]}}