{"id":71669,"date":"2024-06-12T14:23:29","date_gmt":"2024-06-12T14:23:29","guid":{"rendered":"https:\/\/www.lab.eus\/?p=71669"},"modified":"2024-06-12T14:23:31","modified_gmt":"2024-06-12T14:23:31","slug":"hemos-salido-a-la-calle-contra-el-bloqueo-impuesto-a-la-negociacion-de-centros-escolares-concertados-e-ikastolas-de-nafarroa","status":"publish","type":"post","link":"https:\/\/www.lab.eus\/es\/hemos-salido-a-la-calle-contra-el-bloqueo-impuesto-a-la-negociacion-de-centros-escolares-concertados-e-ikastolas-de-nafarroa\/","title":{"rendered":"Hemos salido a la calle contra el bloqueo impuesto a la negociaci\u00f3n de centros escolares concertados e ikastolas de Nafarroa"},"content":{"rendered":"\n<p>A pesar de que los sindicatos LAB, SEPNA-FSIE, UGT y ELA comenzamos a trabajar por la negociaci\u00f3n del nuevo acuerdo en septiembre de 2023, ya que la vigencia del actual termina el d\u00eda 31 de agosto de 2024, a fecha de 12 de junio, el consejero Educaci\u00f3n de Nafarroa, Carlos Gimeno, sigue sin atender las peticiones de reuni\u00f3n para una negociaci\u00f3n real y efectiva.<\/p>\n\n\n\n<p>Trabajadoras y trabajadores de los centros concertados e Ikastolas de Nafarroa siguen moviliz\u00e1ndose con el objetivo de conseguir una negociaci\u00f3n real y efectiva. Los sindicatos LAB, SEPNA-FSIE, UGT y ELA ante la pr\u00f3xima finalizaci\u00f3n del Acuerdo que regula las condiciones laborales de las personas trabajadoras en los centros con concierto educativo de Nafarroa, continuamos sin tener avances respecto a una posible negociaci\u00f3n de dicho Acuerdo.\u00a0<\/p>\n\n\n\n<p>Por este motivo, ya realizamos una gran concentraci\u00f3n el 24 de mayo y posteriormente concentraciones diarias frente al Dpto. de Educaci\u00f3n y Patronales, y los mi\u00e9rcoles y viernes frente a los centros e ikastolas para mostrar nuestro hartazgo ante la dif\u00edcil situaci\u00f3n en la que nos encontramos. Sin dotaci\u00f3n presupuestaria para mejorar el Acuerdo y sin un marco de negociaci\u00f3n real a pesar de habernos reunido por separado con las Patronales del sector y de intentarlo con el Consejero de Educaci\u00f3n y la Presidenta de Nafarroa, sin lograrlo.<\/p>\n\n\n\n<p>No dejaremos de reivindicar mejoras que dignifiquen la labor de las trabajadoras y los trabajadores, mejoras que directamente van a repercutir en la calidad del servicio educativo navarro. Las y los profesionales del sector merecemos avanzar en las condiciones laborales, dignificando la labor que d\u00eda a d\u00eda realizamos en los centros de trabajo.<\/p>\n\n\n\n<p>Sumado a esta situaci\u00f3n, despu\u00e9s de casi dos a\u00f1os, tenemos bloqueado el acuerdo de mantenimiento de empleo que posibilitar\u00eda que los compa\u00f1eros y las compa\u00f1eras que pierdan su puesto de trabajo puedan recolocarse en otro centro concertado.<\/p>\n\n\n\n<p>Seguimos lamentando el inmovilismo y la falta de voluntad por parte de las Patronales y Administraci\u00f3n para mejorar las condiciones del personal de los centros de Ense\u00f1anza Concertada e Ikastolas de Nafarroa.<\/p>\n\n\n\n<p>Seguimos apostando por una negociaci\u00f3n efectiva entre el Departamento, Patronales y representantes sindicales.&nbsp;O en su defecto, una negociaci\u00f3n real entre Educaci\u00f3n y la representaci\u00f3n de las trabajadoras del sector.<\/p>\n\n\n\n<p>Seguiremos moviliz\u00e1ndonos con acciones m\u00e1s contundentes si no se produce ning\u00fan cambio. Las\/los trabajadoras\/es de ense\u00f1anza concertada e ikastolas merecen la atenci\u00f3n y el respeto del m\u00e1ximo responsable de Educaci\u00f3n que se ver\u00e1n reflejados en la calidad de la ense\u00f1anza que adem\u00e1s debe de ser nuestro principal objetivo.<\/p>\n","protected":false},"excerpt":{"rendered":"<p>A pesar de que los sindicatos SEPNA-FSIE, UGT, LAB y ELA comenzamos a trabajar por la negociaci\u00f3n del nuevo acuerdo en septiembre de 2023, ya que la vigencia del actual termina el d\u00eda 31 de agosto de 2024, a fecha de 12 de junio, el consejero Educaci\u00f3n de Nafarroa, Carlos Gimeno, sigue sin atender las peticiones de reuni\u00f3n para una negociaci\u00f3n real y efectiva.<\/p>\n","protected":false},"author":1191,"featured_media":71681,"comment_status":"closed","ping_status":"closed","sticky":false,"template":"","format":"standard","meta":{"_monsterinsights_skip_tracking":false,"_monsterinsights_sitenote_active":false,"_monsterinsights_sitenote_note":"","_monsterinsights_sitenote_category":0,"footnotes":"","_links_to":"","_links_to_target":""},"categories":[18,3053,33,2867,3055,6],"tags":[],"class_list":{"0":"post-71669","1":"post","2":"type-post","3":"status-publish","4":"format-standard","5":"has-post-thumbnail","7":"category-es-accion-sindical","8":"category-centros-iniciativa-social","9":"category-es-ensenanza","10":"category-federaciones","11":"category-ikastolak-es","12":"category-es-servicios-publicos"},"_links":{"self":[{"href":"https:\/\/www.lab.eus\/es\/wp-json\/wp\/v2\/posts\/71669","targetHints":{"allow":["GET"]}}],"collection":[{"href":"https:\/\/www.lab.eus\/es\/wp-json\/wp\/v2\/posts"}],"about":[{"href":"https:\/\/www.lab.eus\/es\/wp-json\/wp\/v2\/types\/post"}],"author":[{"embeddable":true,"href":"https:\/\/www.lab.eus\/es\/wp-json\/wp\/v2\/users\/1191"}],"replies":[{"embeddable":true,"href":"https:\/\/www.lab.eus\/es\/wp-json\/wp\/v2\/comments?post=71669"}],"version-history":[{"count":0,"href":"https:\/\/www.lab.eus\/es\/wp-json\/wp\/v2\/posts\/71669\/revisions"}],"wp:featuredmedia":[{"embeddable":true,"href":"https:\/\/www.lab.eus\/es\/wp-json\/wp\/v2\/media\/71681"}],"wp:attachment":[{"href":"https:\/\/www.lab.eus\/es\/wp-json\/wp\/v2\/media?parent=71669"}],"wp:term":[{"taxonomy":"category","embeddable":true,"href":"https:\/\/www.lab.eus\/es\/wp-json\/wp\/v2\/categories?post=71669"},{"taxonomy":"post_tag","embeddable":true,"href":"https:\/\/www.lab.eus\/es\/wp-json\/wp\/v2\/tags?post=71669"}],"curies":[{"name":"wp","href":"https:\/\/api.w.org\/{rel}","templated":true}]}}