{"id":71664,"date":"2024-06-12T13:58:29","date_gmt":"2024-06-12T13:58:29","guid":{"rendered":"https:\/\/www.lab.eus\/?p=71664"},"modified":"2024-06-12T13:58:31","modified_gmt":"2024-06-12T13:58:31","slug":"acudiremos-al-juzgado-para-que-las-patronales-paguen-la-subida-salarial-que-recoge-el-acuerdo-de-fin-de-huelga-de-los-centros-de-iniciativa-social","status":"publish","type":"post","link":"https:\/\/www.lab.eus\/es\/acudiremos-al-juzgado-para-que-las-patronales-paguen-la-subida-salarial-que-recoge-el-acuerdo-de-fin-de-huelga-de-los-centros-de-iniciativa-social\/","title":{"rendered":"Acudiremos al juzgado para que las patronales paguen la subida salarial que recoge el acuerdo de fin de huelga de los centros de iniciativa social"},"content":{"rendered":"\n<p>Desde el sindicato impulsaremos la v\u00eda jur\u00eddica y la acci\u00f3n sindical si no aplican en los plazos correspondientes las medidas vigentes en el acuerdo de fin de huelga y las que deban ponerse en marcha el pr\u00f3ximo curso.<\/p>\n\n\n\n<p>Las mesas negociadoras tras las huelgas no est\u00e1n siendo muy eficaces por las posiciones que mantienen las patronales Kristau Eskola y AICE-IZEA. Una y otra vez, con cualquier pretexto, incumplen lo acordado e intentan ampliar los plazos para su cumplimiento. Desde LAB consideramos que la postura de Kristau Eskola y AICE-IZEA en las negociaciones no es aceptable.<\/p>\n\n\n\n<p>En la mesa negociadora de finales de mayo, las patronales, sin llegar a un acuerdo con los sindicatos, acordaron unilateralmente establecer las reducciones de jornada pactadas y aplicar la compensaci\u00f3n de la jornada irregular de Formaci\u00f3n Profesional este curso. Sin embargo, no quisieron acordar en qu\u00e9 condiciones deber\u00edan aplicarse las citadas reducciones. Desde LAB solicitamos que las reducciones de jornada pactadas se disfruten por d\u00edas y con la finalizaci\u00f3n del curso o con el inicio del curso.<\/p>\n\n\n\n<p>En cuanto a los salarios, hemos pedido una y otra vez en las mesas negociadoras que haya una fecha para actualizar las n\u00f3minas. Las patronales, en cambio, no han concretado cu\u00e1ndo actualizar\u00e1n las n\u00f3minas con el argumento de que est\u00e1n pendientes de la financiaci\u00f3n del Gobierno Vasco. Somos conscientes de que la financiaci\u00f3n del Gobierno Vasco est\u00e1 condicionada por la conformaci\u00f3n del nuevo gobierno, pero con la constituci\u00f3n de este debe estar fijada la fecha de la actualizaci\u00f3n de n\u00f3minas y cumplir el acuerdo de fin de huelga alcanzado el pasado 5 de febrero.<\/p>\n\n\n\n<p>Ha quedado claro que la subida salarial de fin de huelga est\u00e1 totalmente ligada a la financiaci\u00f3n p\u00fablica y que la equiparaci\u00f3n fue una medida que se pod\u00eda lograr a consecuencia de la lucha de los y las trabajadoras, que los otros sindicatos ocultaron y rechazaron.<\/p>\n\n\n\n<p>Dicho lo anterior, no puede obviarse la responsabilidad de las patronales en el cumplimiento del acuerdo del 5 de febrero. Por ello, de no cumplir el acuerdo, desde LAB acudiremos al juzgado para que paguen la subida salarial que se recoge en el acuerdo de fin de huelga y presentar\u00e1 un conflicto colectivo ante el Tribunal Superior de Justicia del Pa\u00eds Vasco.<\/p>\n\n\n\n<p>La pr\u00f3xima mesa negociadora ser\u00e1 el 19 de junio. Kristau Eskola y AICE-IZEA deber\u00e1n presentar una propuesta escrita de todo el convenio art\u00edculo a art\u00edculo. Para esta reuni\u00f3n esperamos que est\u00e9n recogidos todos los contenidos acordados, ya que las patronales adquirieron su compromiso en la anterior mesa negociadora.<\/p>\n\n\n\n<p>Si esto no ocurriera, en LAB haremos un an\u00e1lisis de la situaci\u00f3n con sus representantes, afiliados y afiliadas y tomar\u00e1 las medidas oportunas para hacer cumplir punto por punto el acuerdo, medidas tanto jur\u00eddicas como de acci\u00f3n sindical.<\/p>\n","protected":false},"excerpt":{"rendered":"<p>Desde el sindicato impulsaremos la v\u00eda jur\u00eddica y la acci\u00f3n sindical si no aplican en los plazos correspondientes las medidas vigentes en el acuerdo de fin de huelga y las que deban ponerse en marcha el pr\u00f3ximo curso.<\/p>\n","protected":false},"author":1191,"featured_media":57912,"comment_status":"closed","ping_status":"closed","sticky":false,"template":"","format":"standard","meta":{"_monsterinsights_skip_tracking":false,"_monsterinsights_sitenote_active":false,"_monsterinsights_sitenote_note":"","_monsterinsights_sitenote_category":0,"footnotes":"","_links_to":"","_links_to_target":""},"categories":[18,33,2867,6],"tags":[3033,3178,4290,3171],"class_list":{"0":"post-71664","1":"post","2":"type-post","3":"status-publish","4":"format-standard","5":"has-post-thumbnail","7":"category-es-accion-sindical","8":"category-es-ensenanza","9":"category-federaciones","10":"category-es-servicios-publicos","11":"tag-accion-sindical-es","12":"tag-destacado-1","13":"tag-iniciativa-social","14":"tag-servicios-publicos-es"},"_links":{"self":[{"href":"https:\/\/www.lab.eus\/es\/wp-json\/wp\/v2\/posts\/71664","targetHints":{"allow":["GET"]}}],"collection":[{"href":"https:\/\/www.lab.eus\/es\/wp-json\/wp\/v2\/posts"}],"about":[{"href":"https:\/\/www.lab.eus\/es\/wp-json\/wp\/v2\/types\/post"}],"author":[{"embeddable":true,"href":"https:\/\/www.lab.eus\/es\/wp-json\/wp\/v2\/users\/1191"}],"replies":[{"embeddable":true,"href":"https:\/\/www.lab.eus\/es\/wp-json\/wp\/v2\/comments?post=71664"}],"version-history":[{"count":0,"href":"https:\/\/www.lab.eus\/es\/wp-json\/wp\/v2\/posts\/71664\/revisions"}],"wp:featuredmedia":[{"embeddable":true,"href":"https:\/\/www.lab.eus\/es\/wp-json\/wp\/v2\/media\/57912"}],"wp:attachment":[{"href":"https:\/\/www.lab.eus\/es\/wp-json\/wp\/v2\/media?parent=71664"}],"wp:term":[{"taxonomy":"category","embeddable":true,"href":"https:\/\/www.lab.eus\/es\/wp-json\/wp\/v2\/categories?post=71664"},{"taxonomy":"post_tag","embeddable":true,"href":"https:\/\/www.lab.eus\/es\/wp-json\/wp\/v2\/tags?post=71664"}],"curies":[{"name":"wp","href":"https:\/\/api.w.org\/{rel}","templated":true}]}}