{"id":71615,"date":"2024-06-11T12:49:11","date_gmt":"2024-06-11T12:49:11","guid":{"rendered":"https:\/\/www.lab.eus\/?p=71615"},"modified":"2024-06-11T12:49:43","modified_gmt":"2024-06-11T12:49:43","slug":"los-sindicatos-rechazamos-las-propuestas-de-la-patronal-cecovi-atilavipara-el-convenio-de-tintorerias-y-lavanderias-de-bizkaia","status":"publish","type":"post","link":"https:\/\/www.lab.eus\/es\/los-sindicatos-rechazamos-las-propuestas-de-la-patronal-cecovi-atilavipara-el-convenio-de-tintorerias-y-lavanderias-de-bizkaia\/","title":{"rendered":"Los sindicatos rechazamos las propuestas de la patronal CECOVI-ATILAVI para el Convenio de Tintorer\u00edas y Lavander\u00edas de Bizkaia"},"content":{"rendered":"\n<p>El \u00faltimo convenio colectivo de lavander\u00edas y tintorer\u00edas de Bizkaia decay\u00f3 en 2006. Desde entonces, las condiciones laborales de las plantillas se han regido o bien por un convenio de eficacia limitada firmado en 2007 y deca\u00eddo desde 2009 o, en el caso de las grandes lavander\u00edas, mediante convenios de empresa. En 2018 se realiz\u00f3 un nuevo intent\u00f3 por actualizar el convenio, que fue interrumpido por la pandemia, pero estaba siendo muy dif\u00edcil, debido a que la patronal planteaba renuncias importantes, entre ellas la eliminaci\u00f3n del complemento de antigu\u0308edad.<\/p>\n\n\n\n<p>Por lo tanto, los salarios y las condiciones laborales del sector llevan a\u00f1os congeladas. Antes de decaer el convenio, sus tablas salariales estaban muy por encima del SMI, mientras que ahora, han quedado muy por debajo. Esto quiere decir que las plantillas que no tienen un convenio de empresa deben sobrevivir con el SMI. Esta situaci\u00f3n es especialmente sangrante entre las plantillas de las tintorer\u00edas, que al ser muy peque\u00f1as, no tienen opci\u00f3n a organizarse y elegir representaci\u00f3n sindical para mejorar sus condiciones.<\/p>\n\n\n\n<p>Ante esta situaci\u00f3n, en abril los sindicatos con representaci\u00f3n en el sector (LAB, ELA, CCOO, USO y UGT) decidimos volver a llamar una mesa negociadora y presentar una plataforma conjunta. Entre otras cuestiones, propon\u00edamos revalorizar los salarios, reducir la jornada, complementar todas las bajas, crear nuevos pluses o actualizar sus t\u00e9rminos, garantizar la subrogacion, etc.<\/p>\n\n\n\n<p>En mayo hemos recibido la respuesta de CECOBI-ATILAVI y ha sido tan terrible, que nos hemos visto obligadas a rechazarla frontalmente y solicitar una nueva. Ha planteado unos aumentos salariales nimios, que empalidecen en comparaci\u00f3n con los pasos atr\u00e1s en condiciones laborales que proponen: empeorar el complemento de Incapacidad Temporal por accidente de trabajo, eliminar los descansos de fin de semana de las tintorer\u00edas, reducir la jornada s\u00f3lo lo que el gobierno de estado establezca, aumentar la flexibilidad incluso por encima del Estatuto de los Trabajadores, m\u00e1s condicionantes para el disfrute de las vacaciones, congelar la antigu\u0308edad seg\u00fan los salarios de 2006 y limitarla a s\u00f3lo dos quinquenios\u2026 Es decir, pretenden un convenio que empeorar\u00eda las condiciones de trabajo y vida de muchas trabajadoras.<\/p>\n\n\n\n<p>Por lo tanto, esperamos que en la siguiente mesa negociadora, que tendr\u00e1 lugar el 18 de junio, la patronal atienda a las reivindicaciones sindicales y traiga otra propuesta, gesto al que no se ha comprometido.<\/p>\n\n\n\n<p>Con intenci\u00f3n de dejar claro que no aceptaremos pasos atr\u00e1s y nos encontrar\u00e1n en la calle si hace falta, este 11 de junio hemos realizado movilizaciones en los principales centros de trabajo del sector.<\/p>\n\n\n\n<figure class=\"wp-block-gallery has-nested-images columns-default is-cropped wp-block-gallery-1 is-layout-flex wp-block-gallery-is-layout-flex\">\n<figure class=\"wp-block-image size-large\"><img loading=\"lazy\" decoding=\"async\" width=\"1024\" height=\"768\" data-id=\"71609\" src=\"https:\/\/www.lab.eus\/wp-content\/uploads\/2024\/06\/WhatsApp-Image-2024-06-11-at-14.14.13-1024x768.jpeg\" alt=\"\" class=\"wp-image-71609\" srcset=\"https:\/\/www.lab.eus\/wp-content\/uploads\/2024\/06\/WhatsApp-Image-2024-06-11-at-14.14.13-1024x768.jpeg 1024w, https:\/\/www.lab.eus\/wp-content\/uploads\/2024\/06\/WhatsApp-Image-2024-06-11-at-14.14.13-300x225.jpeg 300w, https:\/\/www.lab.eus\/wp-content\/uploads\/2024\/06\/WhatsApp-Image-2024-06-11-at-14.14.13-768x576.jpeg 768w, https:\/\/www.lab.eus\/wp-content\/uploads\/2024\/06\/WhatsApp-Image-2024-06-11-at-14.14.13-1536x1152.jpeg 1536w, https:\/\/www.lab.eus\/wp-content\/uploads\/2024\/06\/WhatsApp-Image-2024-06-11-at-14.14.13-150x113.jpeg 150w, https:\/\/www.lab.eus\/wp-content\/uploads\/2024\/06\/WhatsApp-Image-2024-06-11-at-14.14.13-696x522.jpeg 696w, https:\/\/www.lab.eus\/wp-content\/uploads\/2024\/06\/WhatsApp-Image-2024-06-11-at-14.14.13-1068x801.jpeg 1068w, https:\/\/www.lab.eus\/wp-content\/uploads\/2024\/06\/WhatsApp-Image-2024-06-11-at-14.14.13.jpeg 1600w\" sizes=\"auto, (max-width: 1024px) 100vw, 1024px\" \/><\/figure>\n\n\n\n<figure class=\"wp-block-image size-large\"><img loading=\"lazy\" decoding=\"async\" width=\"1024\" height=\"1024\" data-id=\"71611\" src=\"https:\/\/www.lab.eus\/wp-content\/uploads\/2024\/06\/WhatsApp-Image-2024-06-11-at-14.11.40-1024x1024.jpeg\" alt=\"\" class=\"wp-image-71611\" srcset=\"https:\/\/www.lab.eus\/wp-content\/uploads\/2024\/06\/WhatsApp-Image-2024-06-11-at-14.11.40-1024x1024.jpeg 1024w, https:\/\/www.lab.eus\/wp-content\/uploads\/2024\/06\/WhatsApp-Image-2024-06-11-at-14.11.40-300x300.jpeg 300w, https:\/\/www.lab.eus\/wp-content\/uploads\/2024\/06\/WhatsApp-Image-2024-06-11-at-14.11.40-150x150.jpeg 150w, https:\/\/www.lab.eus\/wp-content\/uploads\/2024\/06\/WhatsApp-Image-2024-06-11-at-14.11.40-768x768.jpeg 768w, https:\/\/www.lab.eus\/wp-content\/uploads\/2024\/06\/WhatsApp-Image-2024-06-11-at-14.11.40-696x696.jpeg 696w, https:\/\/www.lab.eus\/wp-content\/uploads\/2024\/06\/WhatsApp-Image-2024-06-11-at-14.11.40-1068x1068.jpeg 1068w, https:\/\/www.lab.eus\/wp-content\/uploads\/2024\/06\/WhatsApp-Image-2024-06-11-at-14.11.40.jpeg 1500w\" sizes=\"auto, (max-width: 1024px) 100vw, 1024px\" \/><\/figure>\n\n\n\n<figure class=\"wp-block-image size-large\"><img loading=\"lazy\" decoding=\"async\" width=\"1024\" height=\"461\" data-id=\"71608\" src=\"https:\/\/www.lab.eus\/wp-content\/uploads\/2024\/06\/WhatsApp-Image-2024-06-11-at-14.26.171-1024x461.jpeg\" alt=\"\" class=\"wp-image-71608\" srcset=\"https:\/\/www.lab.eus\/wp-content\/uploads\/2024\/06\/WhatsApp-Image-2024-06-11-at-14.26.171-1024x461.jpeg 1024w, https:\/\/www.lab.eus\/wp-content\/uploads\/2024\/06\/WhatsApp-Image-2024-06-11-at-14.26.171-300x135.jpeg 300w, https:\/\/www.lab.eus\/wp-content\/uploads\/2024\/06\/WhatsApp-Image-2024-06-11-at-14.26.171-768x346.jpeg 768w, https:\/\/www.lab.eus\/wp-content\/uploads\/2024\/06\/WhatsApp-Image-2024-06-11-at-14.26.171-1536x691.jpeg 1536w, https:\/\/www.lab.eus\/wp-content\/uploads\/2024\/06\/WhatsApp-Image-2024-06-11-at-14.26.171-150x68.jpeg 150w, https:\/\/www.lab.eus\/wp-content\/uploads\/2024\/06\/WhatsApp-Image-2024-06-11-at-14.26.171-696x313.jpeg 696w, https:\/\/www.lab.eus\/wp-content\/uploads\/2024\/06\/WhatsApp-Image-2024-06-11-at-14.26.171-1068x481.jpeg 1068w, https:\/\/www.lab.eus\/wp-content\/uploads\/2024\/06\/WhatsApp-Image-2024-06-11-at-14.26.171.jpeg 1600w\" sizes=\"auto, (max-width: 1024px) 100vw, 1024px\" \/><\/figure>\n\n\n\n<figure class=\"wp-block-image size-large\"><img loading=\"lazy\" decoding=\"async\" width=\"1024\" height=\"391\" data-id=\"71613\" src=\"https:\/\/www.lab.eus\/wp-content\/uploads\/2024\/06\/2024-6-11-IkuztegiGarbitegiak-1024x391.jpg\" alt=\"\" class=\"wp-image-71613\" srcset=\"https:\/\/www.lab.eus\/wp-content\/uploads\/2024\/06\/2024-6-11-IkuztegiGarbitegiak-1024x391.jpg 1024w, https:\/\/www.lab.eus\/wp-content\/uploads\/2024\/06\/2024-6-11-IkuztegiGarbitegiak-300x114.jpg 300w, https:\/\/www.lab.eus\/wp-content\/uploads\/2024\/06\/2024-6-11-IkuztegiGarbitegiak-768x293.jpg 768w, https:\/\/www.lab.eus\/wp-content\/uploads\/2024\/06\/2024-6-11-IkuztegiGarbitegiak-1536x586.jpg 1536w, https:\/\/www.lab.eus\/wp-content\/uploads\/2024\/06\/2024-6-11-IkuztegiGarbitegiak-150x57.jpg 150w, https:\/\/www.lab.eus\/wp-content\/uploads\/2024\/06\/2024-6-11-IkuztegiGarbitegiak-696x266.jpg 696w, https:\/\/www.lab.eus\/wp-content\/uploads\/2024\/06\/2024-6-11-IkuztegiGarbitegiak-1068x407.jpg 1068w, https:\/\/www.lab.eus\/wp-content\/uploads\/2024\/06\/2024-6-11-IkuztegiGarbitegiak.jpg 1570w\" sizes=\"auto, (max-width: 1024px) 100vw, 1024px\" \/><\/figure>\n<\/figure>\n","protected":false},"excerpt":{"rendered":"<p>El \u00faltimo convenio colectivo de lavander\u00edas y tintorer\u00edas de Bizkaia decay\u00f3 en 2006. Desde entonces, las condiciones laborales de las plantillas se han regido o bien por un convenio de eficacia limitada firmado en 2007 y deca\u00eddo desde 2009 o, en el caso de las grandes lavander\u00edas, mediante convenios de empresa. En 2018 se realiz\u00f3 un nuevo intent\u00f3 por actualizar el convenio, que fue interrumpido por la pandemia, pero estaba siendo muy dif\u00edcil, debido a que la patronal planteaba renuncias importantes, entre ellas la eliminaci\u00f3n del complemento de antigu\u0308edad.<\/p>\n","protected":false},"author":1191,"featured_media":71609,"comment_status":"closed","ping_status":"closed","sticky":false,"template":"","format":"standard","meta":{"_monsterinsights_skip_tracking":false,"_monsterinsights_sitenote_active":false,"_monsterinsights_sitenote_note":"","_monsterinsights_sitenote_category":0,"footnotes":"","_links_to":"","_links_to_target":""},"categories":[18,2867,2944,8],"tags":[3028,3178,4726,3080,4727],"class_list":{"0":"post-71615","1":"post","2":"type-post","3":"status-publish","4":"format-standard","5":"has-post-thumbnail","7":"category-es-accion-sindical","8":"category-federaciones","9":"category-limpieza","10":"category-es-servicios-privados","11":"tag-accion-sindical-2","12":"tag-destacado-1","13":"tag-lavanderias","14":"tag-servicios-privados","15":"tag-tintorerias"},"_links":{"self":[{"href":"https:\/\/www.lab.eus\/es\/wp-json\/wp\/v2\/posts\/71615","targetHints":{"allow":["GET"]}}],"collection":[{"href":"https:\/\/www.lab.eus\/es\/wp-json\/wp\/v2\/posts"}],"about":[{"href":"https:\/\/www.lab.eus\/es\/wp-json\/wp\/v2\/types\/post"}],"author":[{"embeddable":true,"href":"https:\/\/www.lab.eus\/es\/wp-json\/wp\/v2\/users\/1191"}],"replies":[{"embeddable":true,"href":"https:\/\/www.lab.eus\/es\/wp-json\/wp\/v2\/comments?post=71615"}],"version-history":[{"count":0,"href":"https:\/\/www.lab.eus\/es\/wp-json\/wp\/v2\/posts\/71615\/revisions"}],"wp:featuredmedia":[{"embeddable":true,"href":"https:\/\/www.lab.eus\/es\/wp-json\/wp\/v2\/media\/71609"}],"wp:attachment":[{"href":"https:\/\/www.lab.eus\/es\/wp-json\/wp\/v2\/media?parent=71615"}],"wp:term":[{"taxonomy":"category","embeddable":true,"href":"https:\/\/www.lab.eus\/es\/wp-json\/wp\/v2\/categories?post=71615"},{"taxonomy":"post_tag","embeddable":true,"href":"https:\/\/www.lab.eus\/es\/wp-json\/wp\/v2\/tags?post=71615"}],"curies":[{"name":"wp","href":"https:\/\/api.w.org\/{rel}","templated":true}]}}