{"id":71600,"date":"2024-06-11T12:31:36","date_gmt":"2024-06-11T12:31:36","guid":{"rendered":"https:\/\/www.lab.eus\/?p=71600"},"modified":"2024-06-11T12:31:38","modified_gmt":"2024-06-11T12:31:38","slug":"amplio-seguimiento-en-el-quinto-dia-de-huelga-del-sector-de-artes-graficas-de-bizkaia-ante-una-patronal-desaparecida","status":"publish","type":"post","link":"https:\/\/www.lab.eus\/es\/amplio-seguimiento-en-el-quinto-dia-de-huelga-del-sector-de-artes-graficas-de-bizkaia-ante-una-patronal-desaparecida\/","title":{"rendered":"Amplio seguimiento en el quinto d\u00eda de huelga del sector de Artes Gr\u00e1ficas de Bizkaia ante una patronal desaparecida"},"content":{"rendered":"\n<p>El d\u00eda de huelga ha tenido un gran impacto en la paralizaci\u00f3n de la producci\u00f3n de distintas empresas del sector. Las movilizaciones han sido numerosas, tanto en el piquete de primera hora en Ezkerraldea, como en la manifestaci\u00f3n posterior al mediod\u00eda en Barakaldo.<\/p>\n\n\n\n<pre class=\"wp-block-code\"><code>Los sindicatos LAB-ELA-CCOO-UGT convocamos otros tres d\u00edas de huelga en el sector de Artes Graficas de Bizkaia para los d\u00edas 11, 12, y 13 de junio (7 d\u00edas en total, desde abril). Ello es debido a que continua la situaci\u00f3n de bloqueo en las negociaciones por parte de la patronal. De hecho, CEBEK, ni siquiera compareci\u00f3 a la reuni\u00f3n que los sindicatos convocamos en el Consejo de Relaciones Laborales de Bilbo el pasado 4 de junio.\n\nEl 11 de junio la huelga est\u00e1 teniendo otra vez un seguimiento masivo. Empresas referenciales del sector como Cartisa, Grafo, Biolid, Lantegi, Arteos, Divipa est\u00e1n paradas y no se est\u00e1 produciendo. Las movilizaciones han comenzado a las 5:30h de la ma\u00f1ana en Ezkerraldea, y otras cuestiones han podido observar que la empresa Imprenta Garcinu\u00f1o SL tambi\u00e9n ha estado totalmente parada. En la empresa Serigrafia Arcosan, tras acudir el pikete, la plantilla ha decidido secundar la huelga. A las 11:30h se ha realizado una manifestaci\u00f3n numerosa que ha recorrido el pueblo de Barakaldo.\n\nLos sindicatos LAB-ELA-CCOO-UGT exigimos a la patronal CEBEK que deponga su actitud de bloqueo de la negociaci\u00f3n, y negocie en base a la plataforma sindical conjunta.\n\nPara los pr\u00f3ximos d\u00edas la huelga y las distintas movilizaciones se llevar\u00e1n a cabo en:\n\n\u2022   D\u00eda 12 de junio: en la zona de Eskumaldea\n\u2022   D\u00eda 13 de junio: en Bilbo, con una concentraci\u00f3n delante de Cebek alas 9h y una manifestaci\u00f3n que recorrer\u00e1 la ciudad con comienzo a las 11:30h en Plaza Bizkaia<\/code><\/pre>\n","protected":false},"excerpt":{"rendered":"<p>El d\u00eda de huelga ha tenido un gran impacto en la paralizaci\u00f3n de la producci\u00f3n de distintas empresas del sector. Las movilizaciones han sido numerosas, tanto en el piquete de primera hora en Ezkerraldea, como en la manifestaci\u00f3n posterior al mediod\u00eda en Barakaldo.<\/p>\n","protected":false},"author":1191,"featured_media":71595,"comment_status":"closed","ping_status":"closed","sticky":false,"template":"","format":"standard","meta":{"_monsterinsights_skip_tracking":false,"_monsterinsights_sitenote_active":false,"_monsterinsights_sitenote_note":"","_monsterinsights_sitenote_category":0,"footnotes":"","_links_to":"","_links_to_target":""},"categories":[18,100,2867,2868],"tags":[3033,4046,3178,2996],"class_list":{"0":"post-71600","1":"post","2":"type-post","3":"status-publish","4":"format-standard","5":"has-post-thumbnail","7":"category-es-accion-sindical","8":"category-es-artes-graficas","9":"category-federaciones","10":"category-industria-es","11":"tag-accion-sindical-es","12":"tag-artes-graficas-2","13":"tag-destacado-1","14":"tag-industria-es"},"_links":{"self":[{"href":"https:\/\/www.lab.eus\/es\/wp-json\/wp\/v2\/posts\/71600","targetHints":{"allow":["GET"]}}],"collection":[{"href":"https:\/\/www.lab.eus\/es\/wp-json\/wp\/v2\/posts"}],"about":[{"href":"https:\/\/www.lab.eus\/es\/wp-json\/wp\/v2\/types\/post"}],"author":[{"embeddable":true,"href":"https:\/\/www.lab.eus\/es\/wp-json\/wp\/v2\/users\/1191"}],"replies":[{"embeddable":true,"href":"https:\/\/www.lab.eus\/es\/wp-json\/wp\/v2\/comments?post=71600"}],"version-history":[{"count":0,"href":"https:\/\/www.lab.eus\/es\/wp-json\/wp\/v2\/posts\/71600\/revisions"}],"wp:featuredmedia":[{"embeddable":true,"href":"https:\/\/www.lab.eus\/es\/wp-json\/wp\/v2\/media\/71595"}],"wp:attachment":[{"href":"https:\/\/www.lab.eus\/es\/wp-json\/wp\/v2\/media?parent=71600"}],"wp:term":[{"taxonomy":"category","embeddable":true,"href":"https:\/\/www.lab.eus\/es\/wp-json\/wp\/v2\/categories?post=71600"},{"taxonomy":"post_tag","embeddable":true,"href":"https:\/\/www.lab.eus\/es\/wp-json\/wp\/v2\/tags?post=71600"}],"curies":[{"name":"wp","href":"https:\/\/api.w.org\/{rel}","templated":true}]}}