{"id":71587,"date":"2024-06-11T11:20:04","date_gmt":"2024-06-11T11:20:04","guid":{"rendered":"https:\/\/www.lab.eus\/?p=71587"},"modified":"2024-06-11T11:20:07","modified_gmt":"2024-06-11T11:20:07","slug":"la-produccion-de-mondelez-en-viana-sigue-totalmente-parada-en-el-segundo-dia-de-huelga-por-un-convenio-justo","status":"publish","type":"post","link":"https:\/\/www.lab.eus\/es\/la-produccion-de-mondelez-en-viana-sigue-totalmente-parada-en-el-segundo-dia-de-huelga-por-un-convenio-justo\/","title":{"rendered":"La producci\u00f3n de Mondelez en Viana sigue totalmente parada en el segundo d\u00eda de huelga por un convenio justo"},"content":{"rendered":"\n<p>Los trabajadores y trabajadoras de la f\u00e1brica de galletas de Mondelez en Viana (Nafarroa) est\u00e1n secundado masivamente la huelga indefinida que comenz\u00f3 ayer, convocada por el Comit\u00e9 de Empresa (7 de CCOO, 5 de LAB y 1 de ELA) para reclamar un convenio justo. Durante la primera jornada hubo alg\u00fan momento de tensi\u00f3n entre los numerosos huelguistas y el personal de mandos, que entr\u00f3 custiodado. Hoy solo ha entrado a la f\u00e1brica el personal de servicios m\u00ednimos, por lo que no ha habido problema alguno, a pesar del amplio despliegue policial.<\/p>\n\n\n\n<p>Desde el sindicato LAB calificamos de \u00e9xito la huelga de Mondelez, ya que, gracias a la unidad de la plantilla y al alto seguimiento del paro, tiene la producci\u00f3n de galletas totalmente parada. La valoramos muy positivamente, sobre todo porque est\u00e1 sirviendo para ratificar la decisi\u00f3n de la plantilla por pelear por sus justos objetivos: un convenio donde se recupere el plus de antig\u00fcedad y se consigan una reducci\u00f3n de jornada e incrementos salariales acordes a la buena marcha de la multinacional, as\u00ed como otras mejoras en jubilaci\u00f3n e incapacidad temporal.<\/p>\n\n\n<div class=\"wp-block-image\">\n<figure class=\"aligncenter size-large is-resized\"><img loading=\"lazy\" decoding=\"async\" width=\"1024\" height=\"576\" src=\"https:\/\/www.lab.eus\/wp-content\/uploads\/2024\/06\/2024-6-11-MondelezGreban2-1024x576.jpg\" alt=\"\" class=\"wp-image-71584\" style=\"aspect-ratio:1.7777777777777777;width:636px;height:auto\" srcset=\"https:\/\/www.lab.eus\/wp-content\/uploads\/2024\/06\/2024-6-11-MondelezGreban2-1024x576.jpg 1024w, https:\/\/www.lab.eus\/wp-content\/uploads\/2024\/06\/2024-6-11-MondelezGreban2-300x169.jpg 300w, https:\/\/www.lab.eus\/wp-content\/uploads\/2024\/06\/2024-6-11-MondelezGreban2-768x432.jpg 768w, https:\/\/www.lab.eus\/wp-content\/uploads\/2024\/06\/2024-6-11-MondelezGreban2-150x84.jpg 150w, https:\/\/www.lab.eus\/wp-content\/uploads\/2024\/06\/2024-6-11-MondelezGreban2-696x392.jpg 696w, https:\/\/www.lab.eus\/wp-content\/uploads\/2024\/06\/2024-6-11-MondelezGreban2-1068x601.jpg 1068w, https:\/\/www.lab.eus\/wp-content\/uploads\/2024\/06\/2024-6-11-MondelezGreban2.jpg 1280w\" sizes=\"auto, (max-width: 1024px) 100vw, 1024px\" \/><\/figure><\/div>","protected":false},"excerpt":{"rendered":"<p>Los trabajadores y trabajadoras de la f\u00e1brica de galletas de Mondelez en Viana (Nafarroa) est\u00e1n secundado masivamente la huelga indefinida que comenz\u00f3 ayer, convocada por el Comit\u00e9 de Empresa (7 de CCOO, 5 de LAB y 1 de ELA) para reclamar un convenio justo. Durante la primera jornada hubo alg\u00fan momento de tensi\u00f3n entre los numerosos huelguistas y el personal de mandos, que entr\u00f3 custiodado. Hoy solo ha entrado a la f\u00e1brica el personal de servicios m\u00ednimos, por lo que no ha habido problema alguno, a pesar del amplio despliegue policial.<\/p>\n","protected":false},"author":1191,"featured_media":71582,"comment_status":"closed","ping_status":"closed","sticky":false,"template":"","format":"standard","meta":{"_monsterinsights_skip_tracking":false,"_monsterinsights_sitenote_active":false,"_monsterinsights_sitenote_note":"","_monsterinsights_sitenote_category":0,"footnotes":"","_links_to":"","_links_to_target":""},"categories":[18,2867,2868],"tags":[3033,3178,2996,4708,4709],"class_list":{"0":"post-71587","1":"post","2":"type-post","3":"status-publish","4":"format-standard","5":"has-post-thumbnail","7":"category-es-accion-sindical","8":"category-federaciones","9":"category-industria-es","10":"tag-accion-sindical-es","11":"tag-destacado-1","12":"tag-industria-es","13":"tag-mondelez","14":"tag-mondelez-viana"},"_links":{"self":[{"href":"https:\/\/www.lab.eus\/es\/wp-json\/wp\/v2\/posts\/71587","targetHints":{"allow":["GET"]}}],"collection":[{"href":"https:\/\/www.lab.eus\/es\/wp-json\/wp\/v2\/posts"}],"about":[{"href":"https:\/\/www.lab.eus\/es\/wp-json\/wp\/v2\/types\/post"}],"author":[{"embeddable":true,"href":"https:\/\/www.lab.eus\/es\/wp-json\/wp\/v2\/users\/1191"}],"replies":[{"embeddable":true,"href":"https:\/\/www.lab.eus\/es\/wp-json\/wp\/v2\/comments?post=71587"}],"version-history":[{"count":0,"href":"https:\/\/www.lab.eus\/es\/wp-json\/wp\/v2\/posts\/71587\/revisions"}],"wp:featuredmedia":[{"embeddable":true,"href":"https:\/\/www.lab.eus\/es\/wp-json\/wp\/v2\/media\/71582"}],"wp:attachment":[{"href":"https:\/\/www.lab.eus\/es\/wp-json\/wp\/v2\/media?parent=71587"}],"wp:term":[{"taxonomy":"category","embeddable":true,"href":"https:\/\/www.lab.eus\/es\/wp-json\/wp\/v2\/categories?post=71587"},{"taxonomy":"post_tag","embeddable":true,"href":"https:\/\/www.lab.eus\/es\/wp-json\/wp\/v2\/tags?post=71587"}],"curies":[{"name":"wp","href":"https:\/\/api.w.org\/{rel}","templated":true}]}}