{"id":71488,"date":"2024-06-07T08:44:23","date_gmt":"2024-06-07T08:44:23","guid":{"rendered":"https:\/\/www.lab.eus\/?p=71488"},"modified":"2024-06-07T08:44:25","modified_gmt":"2024-06-07T08:44:25","slug":"el-comite-de-saica-pack-de-viana-anuncia-una-huelga-indefinida-a-partirdel-13-de-junio","status":"publish","type":"post","link":"https:\/\/www.lab.eus\/es\/el-comite-de-saica-pack-de-viana-anuncia-una-huelga-indefinida-a-partirdel-13-de-junio\/","title":{"rendered":"El comit\u00e9 de Saica Pack de Viana anuncia una huelga indefinida a partirdel 13 de junio"},"content":{"rendered":"\n<p>El comit\u00e9 de empresa de Saica Pack Viana (Papelera del Ebro) formado por representantes sindicales de CCOO (4), USO (3) y LAB (2) registr\u00f3 el pasado 28 de mayo en el Gobierno de Nafarroa la decisi\u00f3n de la plantilla votada en asamblea de convocar huelga indefinida a partir del pr\u00f3ximo 13 de junio.<\/p>\n\n\n\n<p>Tras varios meses de negociaci\u00f3n consideramos que no se est\u00e1n teniendo en cuenta nuestras propuestas que son b\u00e1sicas, realistas y asumibles por parte de la empresa, y que se refieren, entre otras cuestiones, al incremento del IPC y a la no aceptaci\u00f3n de las medidas de flexibilidad que la empresa quiere imponer a la plantilla de manera injustificada.<\/p>\n\n\n\n<p>Por consiguiente, la plantilla ha decidido por mayor\u00eda salir a la calle para lograr un convenio justo sabiendo que esta es una decisi\u00f3n dif\u00edcil por experiencia propia y que se ha intentado evitar planteando alternativas para lograr un acuerdo con<br>la empresa.<\/p>\n\n\n\n<p>Saica es una multinacional con casi 9000 personas trabajadoras y varios centros de trabajo en el Estado. De estas, casi 150 personas trabajan en la planta de Viana. Adem\u00e1s, esta multinacional espa\u00f1ola opera en otros pa\u00edses como Francia, Italia, Portugal, Reino Unido y Turqu\u00eda. Queremos as\u00ed mismo aprovechar para manifestar nuestra solidaridad con los compa\u00f1eros y compa\u00f1eras de Mondelez, empresa tambi\u00e9n ubicada en la misma localidad y que est\u00e1n inmersos en este mismo proceso de reivindicaci\u00f3n. Solicitamos respeto, comprensi\u00f3n y apoyo a todos aquellos a los que esta decisi\u00f3n pueda afectar y trasladamos nuestro sincero agradecimiento.<\/p>\n","protected":false},"excerpt":{"rendered":"<p>El comit\u00e9 de empresa de Saica Pack Viana (Papelera del Ebro) formado por representantes sindicales de CCOO (4), USO (3) y LAB (2) registr\u00f3 el pasado 28 de mayo en el Gobierno de Nafarroa la decisi\u00f3n de la plantilla votada en asamblea de convocar huelga indefinida a partir del pr\u00f3ximo 13 de junio.<\/p>\n","protected":false},"author":1191,"featured_media":71485,"comment_status":"closed","ping_status":"closed","sticky":false,"template":"","format":"standard","meta":{"_monsterinsights_skip_tracking":false,"_monsterinsights_sitenote_active":false,"_monsterinsights_sitenote_note":"","_monsterinsights_sitenote_category":0,"footnotes":"","_links_to":"","_links_to_target":""},"categories":[18,2867,2868],"tags":[3033,3178,2996],"class_list":{"0":"post-71488","1":"post","2":"type-post","3":"status-publish","4":"format-standard","5":"has-post-thumbnail","7":"category-es-accion-sindical","8":"category-federaciones","9":"category-industria-es","10":"tag-accion-sindical-es","11":"tag-destacado-1","12":"tag-industria-es"},"_links":{"self":[{"href":"https:\/\/www.lab.eus\/es\/wp-json\/wp\/v2\/posts\/71488","targetHints":{"allow":["GET"]}}],"collection":[{"href":"https:\/\/www.lab.eus\/es\/wp-json\/wp\/v2\/posts"}],"about":[{"href":"https:\/\/www.lab.eus\/es\/wp-json\/wp\/v2\/types\/post"}],"author":[{"embeddable":true,"href":"https:\/\/www.lab.eus\/es\/wp-json\/wp\/v2\/users\/1191"}],"replies":[{"embeddable":true,"href":"https:\/\/www.lab.eus\/es\/wp-json\/wp\/v2\/comments?post=71488"}],"version-history":[{"count":0,"href":"https:\/\/www.lab.eus\/es\/wp-json\/wp\/v2\/posts\/71488\/revisions"}],"wp:featuredmedia":[{"embeddable":true,"href":"https:\/\/www.lab.eus\/es\/wp-json\/wp\/v2\/media\/71485"}],"wp:attachment":[{"href":"https:\/\/www.lab.eus\/es\/wp-json\/wp\/v2\/media?parent=71488"}],"wp:term":[{"taxonomy":"category","embeddable":true,"href":"https:\/\/www.lab.eus\/es\/wp-json\/wp\/v2\/categories?post=71488"},{"taxonomy":"post_tag","embeddable":true,"href":"https:\/\/www.lab.eus\/es\/wp-json\/wp\/v2\/tags?post=71488"}],"curies":[{"name":"wp","href":"https:\/\/api.w.org\/{rel}","templated":true}]}}