{"id":71292,"date":"2024-05-30T08:27:03","date_gmt":"2024-05-30T08:27:03","guid":{"rendered":"https:\/\/www.lab.eus\/?p=71292"},"modified":"2024-05-30T08:27:05","modified_gmt":"2024-05-30T08:27:05","slug":"las-patronales-de-los-centros-de-ensenanza-de-iniciativa-social-de-la-cav-siguen-poniendo-trabas-para-cumplir-el-acuerdo-de-fin-de-huelga-en-materia-salarial-y-de-empleo","status":"publish","type":"post","link":"https:\/\/www.lab.eus\/es\/las-patronales-de-los-centros-de-ensenanza-de-iniciativa-social-de-la-cav-siguen-poniendo-trabas-para-cumplir-el-acuerdo-de-fin-de-huelga-en-materia-salarial-y-de-empleo\/","title":{"rendered":"Las patronales de los centros de ense\u00f1anza de iniciativa social de la CAV siguen poniendo trabas para cumplir el acuerdo de fin de huelga en materia salarial y de empleo"},"content":{"rendered":"\n<p>Gracias a las movilizaciones e iniciativas de los \u00faltimos meses, han adoptado el compromiso de empezar a cumplir el acuerdo en determinadas materias, como las reducciones de jornada o la compensaci\u00f3n en Formaci\u00f3n Profesional. Respecto al resto de materias, los salarios por ejemplo, los sindicatos activaremos la v\u00eda juridica.<\/p>\n\n\n\n<p>Ayer se reuni\u00f3 la mesa de negociaci\u00f3n de los centros de Iniciativa Social de la CAV. Se trata de la s\u00e9ptima reuni\u00f3n que se lleva a cabo a iniciativa de los sindicatos desde la firma del acuerdo de fin de huelga el pasado 5 de febrero.<\/p>\n\n\n\n<p>En todas estas reuniones, las patronales Kristau Eskola y AICE-IZEA han dejado en evidencia sus intenciones de retrasar la aplicaci\u00f3n del acuerdo e intentar no cumplirlo en los t\u00e9rminos acordados. En consecuencia, los sindicatos hemos tenido que denunciar p\u00fablicamente la situaci\u00f3n, impulsar movilizaciones y explorar la v\u00eda jur\u00eddica para hacer efectivo el acuerdo.<\/p>\n\n\n\n<p>Ayer, las patronales se comprometieron a empezar a aplicar algunas materias gracias a las acciones y movilizaciones llevadas a cabo en los \u00faltimos meses por sindicatos, representantes y trabajadores y trabajadoras de los centros. Las reducciones de jornada y la compensaci\u00f3n de la jornada irregular de formaci\u00f3n profesional pactadas empezar\u00e1n a aplicarse en el curso 2023-2024, aunque no sea en los par\u00e1metros que los sindicatos hemos defendido.<\/p>\n\n\n\n<p>Siguen presentando las tablas salariales acordadas condicionadas a la aprobaci\u00f3n y financiaci\u00f3n del gobierno y lamentablemente, siguen sin fijar una fecha para el inicio de los pagos conforme a los incrementos acordados para 2024.<\/p>\n\n\n\n<p>Siguen sin presentar una redacci\u00f3n completa que integre los contenidos del acuerdo en el nuevo Convenio colectivo en los t\u00e9rminos acordados.<\/p>\n\n\n\n<p>En materia de empleo siguen cuestionando la incorporaci\u00f3n en Convenio del nuevo r\u00e9gimen de indemnizaciones y reconocimiento de antig\u00fcedad; adem\u00e1s, se siguen poniendo obst\u00e1culos a la incorporaci\u00f3n de la reducci\u00f3n de horas lectivas acordada para el profesorado al articulado del convenio.<\/p>\n\n\n\n<p>Por todo ello, los sindicatos analizaremos en los pr\u00f3ximos d\u00edas la posibilidad de llevar a los tribunales asuntos que ya tienen plazo de ejecuci\u00f3n, como los pagos seg\u00fan las tablas salariales acordadas para 2024.<\/p>\n\n\n\n<p>Por otra parte, hemos instado a las patronales a presentar una propuesta \u00edntegra de redacci\u00f3n del convenio para la pr\u00f3xima reuni\u00f3n prevista para el 19 de junio. En caso de que la propuesta que presenten no contenga los contenidos del acuerdo de fin de huelga en las condiciones pactadas, analizaremos los pasos a dar.<\/p>\n","protected":false},"excerpt":{"rendered":"<p>Gracias a las movilizaciones e iniciativas de los \u00faltimos meses, han adoptado el compromiso de empezar a cumplir el acuerdo en determinadas materias, como las reducciones de jornada o la compensaci\u00f3n en Formaci\u00f3n Profesional. Respecto al resto de materias, los salarios por ejemplo, los sindicatos activaremos la v\u00eda juridica.<\/p>\n","protected":false},"author":1191,"featured_media":71290,"comment_status":"closed","ping_status":"closed","sticky":false,"template":"","format":"standard","meta":{"_monsterinsights_skip_tracking":false,"_monsterinsights_sitenote_active":false,"_monsterinsights_sitenote_note":"","_monsterinsights_sitenote_category":0,"footnotes":"","_links_to":"","_links_to_target":""},"categories":[18,3053,33,2867,6],"tags":[3033,3178,3194,3066,4290,3171],"class_list":{"0":"post-71292","1":"post","2":"type-post","3":"status-publish","4":"format-standard","5":"has-post-thumbnail","7":"category-es-accion-sindical","8":"category-centros-iniciativa-social","9":"category-es-ensenanza","10":"category-federaciones","11":"category-es-servicios-publicos","12":"tag-accion-sindical-es","13":"tag-destacado-1","14":"tag-ensenanza-es","15":"tag-federaciones-es","16":"tag-iniciativa-social","17":"tag-servicios-publicos-es"},"_links":{"self":[{"href":"https:\/\/www.lab.eus\/es\/wp-json\/wp\/v2\/posts\/71292","targetHints":{"allow":["GET"]}}],"collection":[{"href":"https:\/\/www.lab.eus\/es\/wp-json\/wp\/v2\/posts"}],"about":[{"href":"https:\/\/www.lab.eus\/es\/wp-json\/wp\/v2\/types\/post"}],"author":[{"embeddable":true,"href":"https:\/\/www.lab.eus\/es\/wp-json\/wp\/v2\/users\/1191"}],"replies":[{"embeddable":true,"href":"https:\/\/www.lab.eus\/es\/wp-json\/wp\/v2\/comments?post=71292"}],"version-history":[{"count":0,"href":"https:\/\/www.lab.eus\/es\/wp-json\/wp\/v2\/posts\/71292\/revisions"}],"wp:featuredmedia":[{"embeddable":true,"href":"https:\/\/www.lab.eus\/es\/wp-json\/wp\/v2\/media\/71290"}],"wp:attachment":[{"href":"https:\/\/www.lab.eus\/es\/wp-json\/wp\/v2\/media?parent=71292"}],"wp:term":[{"taxonomy":"category","embeddable":true,"href":"https:\/\/www.lab.eus\/es\/wp-json\/wp\/v2\/categories?post=71292"},{"taxonomy":"post_tag","embeddable":true,"href":"https:\/\/www.lab.eus\/es\/wp-json\/wp\/v2\/tags?post=71292"}],"curies":[{"name":"wp","href":"https:\/\/api.w.org\/{rel}","templated":true}]}}