{"id":71217,"date":"2024-05-27T14:50:30","date_gmt":"2024-05-27T14:50:30","guid":{"rendered":"https:\/\/www.lab.eus\/?p=71217"},"modified":"2024-05-27T14:50:31","modified_gmt":"2024-05-27T14:50:31","slug":"ccc-85-anos-de-historia-pisoteados-y-en-consecuencia-50-trabajadoras-y-trabajadores-a-la-calle","status":"publish","type":"post","link":"https:\/\/www.lab.eus\/es\/ccc-85-anos-de-historia-pisoteados-y-en-consecuencia-50-trabajadoras-y-trabajadores-a-la-calle\/","title":{"rendered":"CCC: 85 a\u00f1os de historia pisoteados y , en consecuencia, 50 trabajadoras y trabajadores a la calle"},"content":{"rendered":"\n<p>En CCC San Sebasti\u00e1n, empresa dedicada a la formaci\u00f3n a distancia, la indignaci\u00f3n se palpa en el aire. Hace tres a\u00f1os, nuestra empresa, creada en 1939 en Donostia y, por tanto, con 85 a\u00f1os de historia enraizada en Gipuzkoa, fue absorbida por un fondo de inversi\u00f3n llamado Grupo Crescendo. Desde entonces, hemos visto c\u00f3mo la sede central en San Sebasti\u00e1n se ha ido vaciando, con la deslocalizaci\u00f3n de departamentos clave como atenci\u00f3n al alumno, inform\u00e1tica, contabilidad, marketing y comercial hacia Madrid: en el a\u00f1o 2020 abrieron un centro all\u00ed; eso s\u00ed, utilizando tanto la experiencia de la plantilla de CCC San Sebasti\u00e1n, como el beneficio de los servicios gestionados aqu\u00ed.<\/p>\n\n\n\n<p>Despu\u00e9s de todo, conforme a lo que ya se ha hecho p\u00fablico en diferentes medios a trav\u00e9s de notas de agencia enviadas por la empresa, el comienzo del verano va a ver c\u00f3mo la actual mercantil, hist\u00f3ricamente referente de la mejor educaci\u00f3n a distancia, abandona ese camino, dejando en la calle a 50 trabajadoras\/es, despu\u00e9s de aplicar el procedimiento de movilidad geogr\u00e1fica regulado en el art\u00edculo 40.2 del Estatuto de los Trabajadores.<\/p>\n\n\n\n<p>Agrava esta visi\u00f3n el que muchas\/os de nosotras\/os no podremos, por circunstancias personales, plantearnos nuestro traslado y el de nuestras familias a 500 km, a\u00fan siendo precisamente quienes hemos levantado y mantenido en lo alto CCC con nuestro esfuerzo: con tal de que la empresa pudiese seguir adelante, cre\u00edmos falsas promesas que han supuesto la no actualizaci\u00f3n de los salarios desde hace 12 a\u00f1os y la rebaja del 30% de nuestras n\u00f3minas por evitar despidos de compa\u00f1eras\/os. Y, sin embargo, ahora, as\u00ed es como nos lo pagan.<\/p>\n\n\n\n<p>Queremos manifestar tambi\u00e9n nuestra seria preocupaci\u00f3n, suscitada por la escasa y tard\u00eda informaci\u00f3n trasladada por parte de la empresa, con m\u00e1s pulcritud legal que transparencia, sobre esta decisi\u00f3n, a las puertas de una negociaci\u00f3n que pretende, de buena fe, la busqueda de posibles acuerdos para paliar los efectos del impacto en las personas afectadas.<\/p>\n\n\n\n<p>La cuenta atr\u00e1s se ha iniciado ya, y por ello las y los trabajadores hemos acordado iniciar movilizaciones para socializar esta situaci\u00f3n. Invitamos a toda persona a la empat\u00eda por el empleo local de Donostia.<\/p>\n\n\n\n<p>Calendario de MOVILIZACIONES:<\/p>\n\n\n\n<ul class=\"wp-block-list\">\n<li>27, 28 , 29, 30 y 31 de mayo, frente a la sede de ZUATZU Concentraciones de 8:00 a 9:30 y de 16:00 a 17:00 horas.<\/li>\n\n\n\n<li>31 de mayo, frente al Ayuntamiento (Alderdi Eder) a las 18:00 horas.<\/li>\n<\/ul>\n","protected":false},"excerpt":{"rendered":"<p>En CCC San Sebasti\u00e1n, empresa dedicada a la formaci\u00f3n a distancia, la indignaci\u00f3n se palpa en el aire. Hace tres a\u00f1os, nuestra empresa, creada en 1939 en Donostia y, por tanto, con 85 a\u00f1os de historia enraizada en Gipuzkoa, fue absorbida por un fondo de inversi\u00f3n llamado Grupo Crescendo. Desde entonces, hemos visto c\u00f3mo la sede central en San Sebasti\u00e1n se ha ido vaciando, con la deslocalizaci\u00f3n de departamentos clave como atenci\u00f3n al alumno, inform\u00e1tica, contabilidad, marketing y comercial hacia Madrid: en el a\u00f1o 2020 abrieron un centro all\u00ed; eso s\u00ed, utilizando tanto la experiencia de la plantilla de CCC San Sebasti\u00e1n, como el beneficio de los servicios gestionados aqu\u00ed.<\/p>\n","protected":false},"author":1191,"featured_media":71222,"comment_status":"closed","ping_status":"closed","sticky":false,"template":"","format":"standard","meta":{"_monsterinsights_skip_tracking":false,"_monsterinsights_sitenote_active":false,"_monsterinsights_sitenote_note":"","_monsterinsights_sitenote_category":4321,"footnotes":"","_links_to":"","_links_to_target":""},"categories":[18,2867,8],"tags":[3033,3178,3194,3172],"class_list":{"0":"post-71217","1":"post","2":"type-post","3":"status-publish","4":"format-standard","5":"has-post-thumbnail","7":"category-es-accion-sindical","8":"category-federaciones","9":"category-es-servicios-privados","10":"tag-accion-sindical-es","11":"tag-destacado-1","12":"tag-ensenanza-es","13":"tag-servicios-privados-es"},"_links":{"self":[{"href":"https:\/\/www.lab.eus\/es\/wp-json\/wp\/v2\/posts\/71217","targetHints":{"allow":["GET"]}}],"collection":[{"href":"https:\/\/www.lab.eus\/es\/wp-json\/wp\/v2\/posts"}],"about":[{"href":"https:\/\/www.lab.eus\/es\/wp-json\/wp\/v2\/types\/post"}],"author":[{"embeddable":true,"href":"https:\/\/www.lab.eus\/es\/wp-json\/wp\/v2\/users\/1191"}],"replies":[{"embeddable":true,"href":"https:\/\/www.lab.eus\/es\/wp-json\/wp\/v2\/comments?post=71217"}],"version-history":[{"count":0,"href":"https:\/\/www.lab.eus\/es\/wp-json\/wp\/v2\/posts\/71217\/revisions"}],"wp:featuredmedia":[{"embeddable":true,"href":"https:\/\/www.lab.eus\/es\/wp-json\/wp\/v2\/media\/71222"}],"wp:attachment":[{"href":"https:\/\/www.lab.eus\/es\/wp-json\/wp\/v2\/media?parent=71217"}],"wp:term":[{"taxonomy":"category","embeddable":true,"href":"https:\/\/www.lab.eus\/es\/wp-json\/wp\/v2\/categories?post=71217"},{"taxonomy":"post_tag","embeddable":true,"href":"https:\/\/www.lab.eus\/es\/wp-json\/wp\/v2\/tags?post=71217"}],"curies":[{"name":"wp","href":"https:\/\/api.w.org\/{rel}","templated":true}]}}