{"id":71202,"date":"2024-05-27T12:15:41","date_gmt":"2024-05-27T12:15:41","guid":{"rendered":"https:\/\/www.lab.eus\/?p=71202"},"modified":"2024-05-27T12:15:43","modified_gmt":"2024-05-27T12:15:43","slug":"seguiremos-trabajando-en-el-fortalecimiento-de-los-servicios-publicos-de-barakaldo-y-en-alcanzar-acuerdos-que-mejoren-las-condiciones-de-trabajo-de-la-plantilla-municipal","status":"publish","type":"post","link":"https:\/\/www.lab.eus\/es\/seguiremos-trabajando-en-el-fortalecimiento-de-los-servicios-publicos-de-barakaldo-y-en-alcanzar-acuerdos-que-mejoren-las-condiciones-de-trabajo-de-la-plantilla-municipal\/","title":{"rendered":"Seguiremos trabajando en el fortalecimiento de los servicios p\u00fablicos de Barakaldo y en alcanzar acuerdos que mejoren las condiciones de trabajo de la plantilla municipal"},"content":{"rendered":"\n<p>La secci\u00f3n sindical de LAB en el Ayuntamiento de Barakaldo present\u00f3 una bater\u00eda de alegaciones a los presupuestos municipales que no han sido tomadas en consideraci\u00f3n por los dos partidos que sustentan el gobierno municipal, PNV y PSE. Estas alegaciones estaban directamente relacionadas con el sostenimiento de los servicios p\u00fablicos y las condiciones de trabajo de la plantilla municipal que los saca adelante.<\/p>\n\n\n\n<p>El PNV de Barakaldo ha preferido desprestigiar a esta secci\u00f3n sindical antes que abordar los temas urgentes que plantea LAB. Este mismo PNV que echa en cara a este sindicato no tener legitimaci\u00f3n para presentar alegaciones al presupuesto es el que incumple reiteradamente acuerdos que ha adquirido con los sindicatos en mesa de negociaci\u00f3n. Es el mismo PNV que incumple con obligaciones plenarias, como la de la valoraci\u00f3n de puestos de trabajo, que afecta a la inmensa mayor\u00eda de la plantilla municipal; que incumple con la obligaci\u00f3n de dotar de un vestuario digno a los y las compa\u00f1eras del Servicio de Limpieza, obligando a este sindicato a instar su ejecuci\u00f3n a la Inspecci\u00f3n de Trabajo.<\/p>\n\n\n\n<p>Se nos antoja del todo incoherente que el gobierno municipal alegue falta de legitimidad a LAB para presentar alegaciones cuando no s\u00f3lo cualquier vecino o vecina del municipio podr\u00eda hacerlo, sino que los sindicatos somos sujeto legalmente reconocido para ello por ley.<\/p>\n\n\n\n<p>Una pataleta del gobierno municipal que obvia la falta de negociaci\u00f3n de los presupuestos; obvia la falta de dotaci\u00f3n espec\u00edfica para materializar la reducci\u00f3n de la temporalidad por debajo del 8% y culminar los procesos de estabilizaci\u00f3n derivados de esa exigencia legal. Unos presupuestos que esconden la falta de partida para la implementaci\u00f3n de la valoraci\u00f3n de puestos de trabajo. Unos presupuestos que no contemplan una dotaci\u00f3n presupuestaria espec\u00edfica para dar cumplimiento al II Plan de Igualdad del Ayuntamiento, ni para formaci\u00f3n de la plantilla, ni para rehabilitaci\u00f3n de la Casa de Cultura Clara Campoamor y oficinas del Servicio de Atenci\u00f3n a la Ciudadan\u00eda (SAC) o para climatizaci\u00f3n de la 1\u00aa planta de la casa consistorial.<\/p>\n\n\n\n<p>Criticamos abiertamente la huida hacia adelante de este gobierno municipal que carece de voluntad pol\u00edtica para adquirir compromisos con la representaci\u00f3n de los y las trabajadoras municipales. Son muchas las carencias de este presupuesto municipal y eso es lo que LAB ha querido resaltar con la presentaci\u00f3n de estas alegaciones.<\/p>\n\n\n\n<p>Es por ello que, desde LAB estaremos vigilantes ante las obligaciones del gobierno municipal y ejerceremos el control que sobre los compromisos adquiridos tiene este equipo de gobierno. Adem\u00e1s, seguiremos trabajando para alcanzar todos los acuerdos que sigan revertiendo en la mejora de las condiciones de trabajo de la plantilla municipal y, sobre todo, en el fortalecimiento de los servicios p\u00fablicos de este municipio.<\/p>\n","protected":false},"excerpt":{"rendered":"<p>La secci\u00f3n sindical de LAB en el Ayuntamiento de Barakaldo present\u00f3 una bater\u00eda de alegaciones a los presupuestos municipales que no han sido tomadas en consideraci\u00f3n por los dos partidos que sustentan el gobierno municipal, PNV y PSE. Estas alegaciones estaban directamente relacionadas con el sostenimiento de los servicios p\u00fablicos y las condiciones de trabajo de la plantilla municipal que los saca adelante.<\/p>\n","protected":false},"author":1191,"featured_media":71200,"comment_status":"closed","ping_status":"closed","sticky":false,"template":"","format":"standard","meta":{"_monsterinsights_skip_tracking":false,"_monsterinsights_sitenote_active":false,"_monsterinsights_sitenote_note":"","_monsterinsights_sitenote_category":0,"footnotes":"","_links_to":"","_links_to_target":""},"categories":[18,3108,2867,6],"tags":[3028,3033,3450,4682,3178,3066,2980,3171,3027],"class_list":{"0":"post-71202","1":"post","2":"type-post","3":"status-publish","4":"format-standard","5":"has-post-thumbnail","7":"category-es-accion-sindical","8":"category-administracion-municipal-y-foral","9":"category-federaciones","10":"category-es-servicios-publicos","11":"tag-accion-sindical-2","12":"tag-accion-sindical-es","13":"tag-administracion-local-y-foral","14":"tag-ayuntamiento-de-barakaldo","15":"tag-destacado-1","16":"tag-federaciones-es","17":"tag-federaciones","18":"tag-servicios-publicos-es","19":"tag-servicios-publicos-3"},"_links":{"self":[{"href":"https:\/\/www.lab.eus\/es\/wp-json\/wp\/v2\/posts\/71202","targetHints":{"allow":["GET"]}}],"collection":[{"href":"https:\/\/www.lab.eus\/es\/wp-json\/wp\/v2\/posts"}],"about":[{"href":"https:\/\/www.lab.eus\/es\/wp-json\/wp\/v2\/types\/post"}],"author":[{"embeddable":true,"href":"https:\/\/www.lab.eus\/es\/wp-json\/wp\/v2\/users\/1191"}],"replies":[{"embeddable":true,"href":"https:\/\/www.lab.eus\/es\/wp-json\/wp\/v2\/comments?post=71202"}],"version-history":[{"count":0,"href":"https:\/\/www.lab.eus\/es\/wp-json\/wp\/v2\/posts\/71202\/revisions"}],"wp:featuredmedia":[{"embeddable":true,"href":"https:\/\/www.lab.eus\/es\/wp-json\/wp\/v2\/media\/71200"}],"wp:attachment":[{"href":"https:\/\/www.lab.eus\/es\/wp-json\/wp\/v2\/media?parent=71202"}],"wp:term":[{"taxonomy":"category","embeddable":true,"href":"https:\/\/www.lab.eus\/es\/wp-json\/wp\/v2\/categories?post=71202"},{"taxonomy":"post_tag","embeddable":true,"href":"https:\/\/www.lab.eus\/es\/wp-json\/wp\/v2\/tags?post=71202"}],"curies":[{"name":"wp","href":"https:\/\/api.w.org\/{rel}","templated":true}]}}