{"id":71168,"date":"2024-05-27T10:19:08","date_gmt":"2024-05-27T10:19:08","guid":{"rendered":"https:\/\/www.lab.eus\/?p=71168"},"modified":"2024-05-27T10:21:06","modified_gmt":"2024-05-27T10:21:06","slug":"hemos-logrado-un-preacuerdo-historico-en-el-centro-especial-de-empleo-katea-legaia","status":"publish","type":"post","link":"https:\/\/www.lab.eus\/es\/hemos-logrado-un-preacuerdo-historico-en-el-centro-especial-de-empleo-katea-legaia\/","title":{"rendered":"Hemos logrado un preacuerdo hist\u00f3rico en el centro especial de empleo Katea Legaia"},"content":{"rendered":"\n<p>Tras varios meses en la mesa negociadora, la representanci\u00f3n de LAB ha alcanzado un preacuerdo para los pr\u00f3ximos tres a\u00f1os en el grupo Katea Legaia.<\/p>\n\n\n\n<p>Es un acuerdo hist\u00f3rico. Va a garantizar subidas anuales de medio punto por encima del IPC en los pr\u00f3ximos tres a\u00f1os, y adem\u00e1s, se han recogido otras mejoras que LAB viene planteando desde hace tiempo, como el plus de turnicidad, la fijaci\u00f3n de la prima, la garant\u00eda de la variable por deterioro de las personas y otras mejoras sociales.<\/p>\n\n\n\n<p>El preacuerdo logrado es uno de los mejores alcanzados en los centros especiales de empleo, y, ahora, el reto para LAB es profundizar en ese camino. Adem\u00e1s de mejorar las condiciones laborales de las y los trabajadores con diversidad funcional, esta lucha se basa en crear redes con diferentes empresas del sector. Por lo tanto, desde ma\u00f1ana LAB seguir\u00e1 luchando por conseguir mejoras similares.<\/p>\n","protected":false},"excerpt":{"rendered":"<p>Tras varios meses n la mesa negociadora, la representanci\u00f3n de LAB ha alcanzado un preacuerdo para los pr\u00f3ximos tres a\u00f1os en el grupo Katea Legaia.<\/p>\n","protected":false},"author":1191,"featured_media":71166,"comment_status":"closed","ping_status":"closed","sticky":false,"template":"","format":"standard","meta":{"_monsterinsights_skip_tracking":false,"_monsterinsights_sitenote_active":false,"_monsterinsights_sitenote_note":"","_monsterinsights_sitenote_category":0,"footnotes":"","_links_to":"","_links_to_target":""},"categories":[18,2867,3000,6],"tags":[3033,4037,3179,3066,4681,3171,3272],"class_list":{"0":"post-71168","1":"post","2":"type-post","3":"status-publish","4":"format-standard","5":"has-post-thumbnail","7":"category-es-accion-sindical","8":"category-federaciones","9":"category-servicio-sociocomunitario","10":"category-es-servicios-publicos","11":"tag-accion-sindical-es","12":"tag-centros-especiales-de-empleo","13":"tag-destacado-2","14":"tag-federaciones-es","15":"tag-katea-legaia","16":"tag-servicios-publicos-es","17":"tag-sociocomunitario-es"},"_links":{"self":[{"href":"https:\/\/www.lab.eus\/es\/wp-json\/wp\/v2\/posts\/71168","targetHints":{"allow":["GET"]}}],"collection":[{"href":"https:\/\/www.lab.eus\/es\/wp-json\/wp\/v2\/posts"}],"about":[{"href":"https:\/\/www.lab.eus\/es\/wp-json\/wp\/v2\/types\/post"}],"author":[{"embeddable":true,"href":"https:\/\/www.lab.eus\/es\/wp-json\/wp\/v2\/users\/1191"}],"replies":[{"embeddable":true,"href":"https:\/\/www.lab.eus\/es\/wp-json\/wp\/v2\/comments?post=71168"}],"version-history":[{"count":0,"href":"https:\/\/www.lab.eus\/es\/wp-json\/wp\/v2\/posts\/71168\/revisions"}],"wp:featuredmedia":[{"embeddable":true,"href":"https:\/\/www.lab.eus\/es\/wp-json\/wp\/v2\/media\/71166"}],"wp:attachment":[{"href":"https:\/\/www.lab.eus\/es\/wp-json\/wp\/v2\/media?parent=71168"}],"wp:term":[{"taxonomy":"category","embeddable":true,"href":"https:\/\/www.lab.eus\/es\/wp-json\/wp\/v2\/categories?post=71168"},{"taxonomy":"post_tag","embeddable":true,"href":"https:\/\/www.lab.eus\/es\/wp-json\/wp\/v2\/tags?post=71168"}],"curies":[{"name":"wp","href":"https:\/\/api.w.org\/{rel}","templated":true}]}}