{"id":70269,"date":"2024-05-10T09:05:21","date_gmt":"2024-05-10T09:05:21","guid":{"rendered":"https:\/\/www.lab.eus\/?p=70269"},"modified":"2024-05-10T09:05:23","modified_gmt":"2024-05-10T09:05:23","slug":"sale-la-sentencia-sobre-el-trabajador-fallecido-el-8-de-mayo-en-la-empresa-zorroza-gestion-de-residuos-sl-en-2020","status":"publish","type":"post","link":"https:\/\/www.lab.eus\/es\/sale-la-sentencia-sobre-el-trabajador-fallecido-el-8-de-mayo-en-la-empresa-zorroza-gestion-de-residuos-sl-en-2020\/","title":{"rendered":"Sale la sentencia sobre el trabajador fallecido el 8 de mayo en la empresa Zorroza Gesti\u00f3n de Residuos SL en 2020"},"content":{"rendered":"\n<p> El 23 de febrero de 2020 falleci\u00f3 un trabajador en la empresa Zorroza Gesti\u00f3n de Residuos SL de Murga. Ayer, 8 de mayo, sali\u00f3 a la luz la noticia de la sentencia al respecto: a\u00f1o y medio de prisi\u00f3n e indemnizaci\u00f3n econ\u00f3mica de 30.000 euros.<\/p>\n\n\n\n<p>El sindicato LAB ha querido recordar la denuncia p\u00fablica llevada a cabo tras ocurrir estos hechos hace cuatro a\u00f1os, y destaca que fue una muerte oscura, ya que los sucedidos a continuaci\u00f3n fueron unos hechos sin precedentes, tanto por la gravedad de las sospechas que rodeaban el caso como por la imputaci\u00f3n en un primer momento de un trabajador a ra\u00edz de la muerte de su compa\u00f1ero, por presunto delito de encubrimiento. Con ello vieron claramente que la patronal, y en este caso concreto la direcci\u00f3n de Zorroza, hab\u00eda abierto una nueva y peligrosa l\u00ednea: la intenci\u00f3n de hacer responsalbes de la falta de prevenci\u00f3n y de las p\u00e9rdidas de salud o muertes en el trabajo a los propios trabajadores y trabajadoras, es decir, a aquellas personas que precisamente son v\u00edctimas de estas desgracias.<\/p>\n\n\n\n<p><br>Los responsables de la empresa intentaron tapar lo ocurrido tras precipitarse el trabajador desde una altura de ocho metros. Adem\u00e1s, el gerente de Zorroza oblig\u00f3 a algunos trabajadores a mover el cuerpo de Bassirou Dione para acercarlo a su puesto de trabajo habitual y, posteriormente, dio amenazas y \u00f3rdenes concretas a todo el personal: \u00abYa sab\u00e9is lo que ten\u00e9is que decir, \u00bfno? Que se ha ca\u00eddo de la cinta&#8230; \u00a1Que se ha ca\u00eddo de la cinta! \u00ab<\/p>\n\n\n\n<p><a><\/a> Los hechos de hace cuatro a\u00f1os han quedado esclarecidos y a la vista est\u00e1 qui\u00e9n tuvo la responsabilidad esta muerte: el responsable de Zorroza Gesti\u00f3n de Residuos.<\/p>\n\n\n\n<p>Dicha empresa era entonces una zona sin derechos para los trabajadores y trabajadoras, y LAB tiene indicios de que lo sigue siendo, \u201cun Guant\u00e1namo laboral que deja a los trabajadores en la m\u00e1s absoluta indefensi\u00f3n\u201d. Un vistazo a las condiciones laborales de los \u00faltimos a\u00f1os en ese lugar de trabajo basta para confirmarlo:<\/p>\n\n\n\n<p><br>\u2013 Jornadas diarias obligatorias de 10 horas<\/p>\n\n\n\n<p>\u2013 La empresa no provee a los y las trabajadoras los Equipos de Protecci\u00f3n Individual necesarios<\/p>\n\n\n\n<p>\u2013 Los ritmos de trabajo son muy altos<\/p>\n\n\n\n<p>\u2013 No hay un sistema para fichar<\/p>\n\n\n\n<p>\u2013 Las y los trabajadores no reciben ning\u00fan tipo de formaci\u00f3n en materia de prevenci\u00f3n de riesgos laborales<\/p>\n\n\n\n<p>\u2013 Obligan a las y los trabajadores a trabajar poniendo en riesgo su salud y su seguridad<\/p>\n\n\n\n<p>\u2013 Ha habido malos tratos berbales continuados por parte de la gerencia de la empresa<\/p>\n\n\n\n<p>\u2013 Ha habido por lo menos un suceso relacionado con ataques f\u00edsicos<\/p>\n\n\n\n<p>\u2013 La empresa ha intentado tapar varios accidentes laborales<\/p>\n\n\n\n<p>\u2013 La limpieza de las instalaciones es inadecuada<\/p>\n\n\n\n<p>\u2013 Los sueldos son bajos<\/p>\n\n\n\n<p><a><\/a><br>Adem\u00e1s, la oscura gesti\u00f3n de Zorroza ven\u00eda de antes y ha continuado despu\u00e9s, y no s\u00f3lo por cuestiones laborales. En los \u00faltimos a\u00f1os han sido numerosos los informes y estudios que han cuestionado la gesti\u00f3n e infraestructura de la empresa, que ha sido multada con 120.000 euros por diversas irregularidades. 4 a\u00f1os despu\u00e9s, el resultado de la justicia es el siguiente:<\/p>\n\n\n\n<p><a><\/a> El proceso penal ha finalizado y se ha cerrado con el acuerdo entre la Fiscal\u00eda, la acusaci\u00f3n particular y la defensa, en el que los acusados reconocen los delitos. El asesinato del trabajador ha tenido como castigo la condena de un a\u00f1o y medio de prisi\u00f3n y 30.000 euros de indemnizaci\u00f3n.<\/p>\n\n\n\n<p><a><\/a> Es inadmisible que ante una situaci\u00f3n tan grave la administraci\u00f3n acepte una sanci\u00f3n tan blanda como \u00e9sta. La precarizada situaci\u00f3n familiar ha sido utilizada para encontrar una soluci\u00f3n econ\u00f3mica barata, lo que aumenta la gravedad del proceso, en el que la propia justicia ha aceptado esta precarizaci\u00f3n hasta el \u00faltimo momento.<\/p>\n\n\n\n<p><a><\/a> Los trabajadores y las trabajadoras de Aiaraldea y de Euskal Herria saben muy bien las penas que han sufrido por actuar en un piquete, gritar a un polic\u00eda o hacer unas pintadas. Lo pagan con prisi\u00f3n y multas econ\u00f3micas altas e inhabilitaciones porque se criminaliza la lucha obrera o la lucha por la liberaci\u00f3n nacional. A un empresario, en cambio, le sale barato el asesinato de un trabajador migrado y racializado.<\/p>\n\n\n\n<p>Por todo ello, LAB llama a participar en la movilizaci\u00f3n convocada por el comit\u00e9 de huelga de la comarca, SOS Aiaraldea, para el d\u00eda 15 de mayo a las 19:30 en Murga, frente a la empresa.<\/p>\n","protected":false},"excerpt":{"rendered":"<p> El 23 de febrero de 2020 falleci\u00f3 un trabajador en la empresa Zorroza Gesti\u00f3n de Residuos SL de Murga. Ayer, 8 de mayo, sali\u00f3 a la luz la noticia de la sentencia al respecto: a\u00f1o y medio de prisi\u00f3n e indemnizaci\u00f3n econ\u00f3mica de 30.000 euros.<\/p>\n","protected":false},"author":1191,"featured_media":47224,"comment_status":"closed","ping_status":"closed","sticky":false,"template":"","format":"standard","meta":{"_monsterinsights_skip_tracking":false,"_monsterinsights_sitenote_active":false,"_monsterinsights_sitenote_note":"","_monsterinsights_sitenote_category":0,"footnotes":"","_links_to":"","_links_to_target":""},"categories":[18,2867,2868,15,2973],"tags":[3033,3178,2996,3265,2992],"class_list":{"0":"post-70269","1":"post","2":"type-post","3":"status-publish","4":"format-standard","5":"has-post-thumbnail","7":"category-es-accion-sindical","8":"category-federaciones","9":"category-industria-es","10":"category-es-salud-laboral","11":"category-secretarias","12":"tag-accion-sindical-es","13":"tag-destacado-1","14":"tag-industria-es","15":"tag-industria-quimica-es","16":"tag-salud-laboral"},"_links":{"self":[{"href":"https:\/\/www.lab.eus\/es\/wp-json\/wp\/v2\/posts\/70269","targetHints":{"allow":["GET"]}}],"collection":[{"href":"https:\/\/www.lab.eus\/es\/wp-json\/wp\/v2\/posts"}],"about":[{"href":"https:\/\/www.lab.eus\/es\/wp-json\/wp\/v2\/types\/post"}],"author":[{"embeddable":true,"href":"https:\/\/www.lab.eus\/es\/wp-json\/wp\/v2\/users\/1191"}],"replies":[{"embeddable":true,"href":"https:\/\/www.lab.eus\/es\/wp-json\/wp\/v2\/comments?post=70269"}],"version-history":[{"count":0,"href":"https:\/\/www.lab.eus\/es\/wp-json\/wp\/v2\/posts\/70269\/revisions"}],"wp:featuredmedia":[{"embeddable":true,"href":"https:\/\/www.lab.eus\/es\/wp-json\/wp\/v2\/media\/47224"}],"wp:attachment":[{"href":"https:\/\/www.lab.eus\/es\/wp-json\/wp\/v2\/media?parent=70269"}],"wp:term":[{"taxonomy":"category","embeddable":true,"href":"https:\/\/www.lab.eus\/es\/wp-json\/wp\/v2\/categories?post=70269"},{"taxonomy":"post_tag","embeddable":true,"href":"https:\/\/www.lab.eus\/es\/wp-json\/wp\/v2\/tags?post=70269"}],"curies":[{"name":"wp","href":"https:\/\/api.w.org\/{rel}","templated":true}]}}