{"id":70225,"date":"2024-05-08T09:59:25","date_gmt":"2024-05-08T09:59:25","guid":{"rendered":"https:\/\/www.lab.eus\/?p=70225"},"modified":"2024-05-08T09:59:26","modified_gmt":"2024-05-08T09:59:26","slug":"exigimos-el-desbloqueo-de-la-negociacion-sobre-el-convenio-de-residencias-de-araba","status":"publish","type":"post","link":"https:\/\/www.lab.eus\/es\/exigimos-el-desbloqueo-de-la-negociacion-sobre-el-convenio-de-residencias-de-araba\/","title":{"rendered":"Exigimos el desbloqueo de la negociaci\u00f3n sobre el convenio de residencias de Araba"},"content":{"rendered":"\n<p>Esta ma\u00f1ana hemos llevado a cabo una movilizaci\u00f3n frente a la Diputaci\u00f3n Foral de Araba, convocada por el sindicato con el objetivo de exigir a Gorka Urtaran y a la propia Diputaci\u00f3n que asuman su responsabilidad en esta cuesti\u00f3n.<\/p>\n\n\n\n<p>Ante el pleno de control que se ha celebrado en Juntas Generales de Araba, donde se est\u00e1 debatiendo el tema de residencias privadas de mayores, hemos denunciado lo siguiente:<br>\u2022 La Diputaci\u00f3n Foral de Araba sigue apostando por la privatizaci\u00f3n de las residencias de mayores. As\u00ed lo demuestra la decisi\u00f3n de gestionar de manera privada las cuatro nuevas residencias de mayores que se construir\u00e1n en breve.<br>\u2022 La negociaci\u00f3n del convenio provincial de residencias privadas y viviendas comunitarias de Araba sigue bloqueada. Sus trabajadoras siguen sin convenio y con condiciones laborales muy por debajo del resto de la CAV: Sueldos de 500 \u20ac menos que en el resto de herrialdes, 200 horas m\u00e1s al a\u00f1o, ratios de 14 personas usuarias por trabajadora.<br>\u2022 La calidad del cuidado de las personas, debido a lo anterior, no es digna.<br><\/p>\n\n\n\n<p>Por todo ello, y como venimos haciendo durante hace ya unos a\u00f1os, desde LAB exigimos:<br>\u2022Que la Diputaci\u00f3n Foral de Araba y la patronal dejen de ignorar a las trabajadoras. Desbloqueo de la negociaci\u00f3n del convenio ya.<br>\u2022Una apuesta clara por la gesti\u00f3n del servicio de manera p\u00fablica y universal. No m\u00e1s privatizaciones.<br>\u2022Una dignificaci\u00f3n de las condiciones laborales de las trabajadoras de residencias y viviendas comunitarias de Araba. Es responsabilidad de la Diputaci\u00f3n Foral de Araba.<br>\u2022Un servicio p\u00fablico y cuidados de calidad para las personas usuarias de estos servicios.<\/p>\n\n\n\n<figure class=\"wp-block-image size-large\"><img loading=\"lazy\" decoding=\"async\" width=\"1024\" height=\"682\" src=\"https:\/\/www.lab.eus\/wp-content\/uploads\/2024\/05\/ArabaEgoitzakLAB-1024x682.jpg\" alt=\"\" class=\"wp-image-70222\" srcset=\"https:\/\/www.lab.eus\/wp-content\/uploads\/2024\/05\/ArabaEgoitzakLAB-1024x682.jpg 1024w, https:\/\/www.lab.eus\/wp-content\/uploads\/2024\/05\/ArabaEgoitzakLAB-300x200.jpg 300w, https:\/\/www.lab.eus\/wp-content\/uploads\/2024\/05\/ArabaEgoitzakLAB-768x512.jpg 768w, https:\/\/www.lab.eus\/wp-content\/uploads\/2024\/05\/ArabaEgoitzakLAB-150x100.jpg 150w, https:\/\/www.lab.eus\/wp-content\/uploads\/2024\/05\/ArabaEgoitzakLAB-696x464.jpg 696w, https:\/\/www.lab.eus\/wp-content\/uploads\/2024\/05\/ArabaEgoitzakLAB-1068x712.jpg 1068w, https:\/\/www.lab.eus\/wp-content\/uploads\/2024\/05\/ArabaEgoitzakLAB.jpg 1280w\" sizes=\"auto, (max-width: 1024px) 100vw, 1024px\" \/><\/figure>\n","protected":false},"excerpt":{"rendered":"<p>Esta ma\u00f1ana hemos llevado a cabo una movilizaci\u00f3n frente a la Diputaci\u00f3n Foral de Araba, convocada por el sindicato con el objetivo de exigir a Gorka Urtaran y a la propia Diputaci\u00f3n que asuman su responsabilidad en esta cuesti\u00f3n.<\/p>\n","protected":false},"author":1191,"featured_media":70220,"comment_status":"closed","ping_status":"closed","sticky":false,"template":"","format":"standard","meta":{"_monsterinsights_skip_tracking":false,"_monsterinsights_sitenote_active":false,"_monsterinsights_sitenote_note":"","_monsterinsights_sitenote_category":0,"footnotes":"","_links_to":"","_links_to_target":""},"categories":[18,2867,2961,8,3283],"tags":[3033,3178,3172,3171],"class_list":{"0":"post-70225","1":"post","2":"type-post","3":"status-publish","4":"format-standard","5":"has-post-thumbnail","7":"category-es-accion-sindical","8":"category-federaciones","9":"category-residencias-personas-mayores","10":"category-es-servicios-privados","11":"category-sin-categorizar","12":"tag-accion-sindical-es","13":"tag-destacado-1","14":"tag-servicios-privados-es","15":"tag-servicios-publicos-es"},"_links":{"self":[{"href":"https:\/\/www.lab.eus\/es\/wp-json\/wp\/v2\/posts\/70225","targetHints":{"allow":["GET"]}}],"collection":[{"href":"https:\/\/www.lab.eus\/es\/wp-json\/wp\/v2\/posts"}],"about":[{"href":"https:\/\/www.lab.eus\/es\/wp-json\/wp\/v2\/types\/post"}],"author":[{"embeddable":true,"href":"https:\/\/www.lab.eus\/es\/wp-json\/wp\/v2\/users\/1191"}],"replies":[{"embeddable":true,"href":"https:\/\/www.lab.eus\/es\/wp-json\/wp\/v2\/comments?post=70225"}],"version-history":[{"count":0,"href":"https:\/\/www.lab.eus\/es\/wp-json\/wp\/v2\/posts\/70225\/revisions"}],"wp:featuredmedia":[{"embeddable":true,"href":"https:\/\/www.lab.eus\/es\/wp-json\/wp\/v2\/media\/70220"}],"wp:attachment":[{"href":"https:\/\/www.lab.eus\/es\/wp-json\/wp\/v2\/media?parent=70225"}],"wp:term":[{"taxonomy":"category","embeddable":true,"href":"https:\/\/www.lab.eus\/es\/wp-json\/wp\/v2\/categories?post=70225"},{"taxonomy":"post_tag","embeddable":true,"href":"https:\/\/www.lab.eus\/es\/wp-json\/wp\/v2\/tags?post=70225"}],"curies":[{"name":"wp","href":"https:\/\/api.w.org\/{rel}","templated":true}]}}