{"id":70214,"date":"2024-05-08T08:51:21","date_gmt":"2024-05-08T08:51:21","guid":{"rendered":"https:\/\/www.lab.eus\/?p=70214"},"modified":"2024-05-09T13:54:39","modified_gmt":"2024-05-09T13:54:39","slug":"mecaner-herriarentzat-por-una-industria-social-y-ecologicamente-justamecaner-herriarentzat","status":"publish","type":"post","link":"https:\/\/www.lab.eus\/es\/mecaner-herriarentzat-por-una-industria-social-y-ecologicamente-justamecaner-herriarentzat\/","title":{"rendered":"Mecaner herriarentzat: Por una industria social y ecologicamente justa"},"content":{"rendered":"\n<p>El pasado 1 de septiembre, la multinacional Stellantis, propietaria de Mecaner, hizo llegar a sus 148 trabajadores la orden de cierre de esta empresa, hist\u00f3rica en nuestra comarca.<\/p>\n\n\n\n<p>Durante todos estos meses, los trabajadores de Mecaner, con el apoyo de diferentes agentes sociales comarcales, de representantes institucionales y de un activo sector de la ciudadan\u00eda, hemos participado en las movilizaciones por el futuro de Mecaner, y lo hemos plasmado ademas aportando y apostando por una alternativa ecosocial para la empresa.<\/p>\n\n\n\n<p>Nos encontramos sumidos en una profunda crisis ecosocial. Cuando todos los estudios cient\u00edficos demandan la descarbonizaci\u00f3n de las econom\u00edas occidentales, la necesidad de adoptar medidas concretas y r\u00e1pidas frente a la p\u00e9rdida de biodiversidad, y de abordar una transici\u00f3n energ\u00e9tica capaz de hacer frente a la emergencia clim\u00e1tica. Debemos producir y consumir menos. Favorecer las renovables. En resumen: Vivir considerando los l\u00edmites biof\u00edsicos del planeta Tierra.<\/p>\n\n\n\n<p>Todo ello nos emplaza a realizar con urgencia un cambio social radical. Sin transformar nuestro metabolismo social, dif\u00edcilmente evitaremos el desastre ecol\u00f3gico. Es hora de abandonar el paradigma capitalista del crecimiento infinito.<\/p>\n\n\n\n<p>Somos conscientes de que esa inevitable transformaci\u00f3n solo se materializar\u00e1 a trav\u00e9s de la suma e interacci\u00f3n de m\u00faltiples experiencias y luchas. Por ello, desde y para Mecaner hemos defendido un plan de transici\u00f3n ecosocial, auspiciado por la mayor\u00eda del comit\u00e9. Creemos que es una alternativa viable que mantendr\u00eda puestos de trabajo y abriria la puerta a una justa reconversi\u00f3n industrial: un plan concebido como una oportunidad para luchar por una soluci\u00f3n social y ecol\u00f3gica m\u00e1s justa, frente a la codicia y el afan de beneficios de una gran multinacional.<\/p>\n\n\n\n<p>Somos conscientes de que no es f\u00e1cil enfrentarse a un enemigo de semejante tama\u00f1o, y nos alegramos de que lo hasta ahora conseguido a trav\u00e9s de la lucha no ha sido poco. Desde la basica defensa de los puestos de trabajo, hemos querido plantear un modelo alternativo de reconversi\u00f3n industrial, hemos interpelado a las instituciones y hemos abierto un debate necesario sobre que futuro queremos para esta comarca.<\/p>\n\n\n\n<p>Lamentablemente, la lucha ejemplarizante de los trabajadores y del resto de agentes sociales implicados, no ha conseguido mantener abierta la empresa.<\/p>\n\n\n\n<p>Lamentablemente, el Gobierno Vasco ha renunciado una vez m\u00e1s a su responsabilidad y se ha posicionado a favor de los intereses de los empresarios.<\/p>\n\n\n\n<p>Pero nosotros y nosotras no vamos a ceder. Aunque se haya cerrado Mecaner, las m\u00e1quinas e instalaciones siguen en Urduliz. Se mantiene el plan alternativo para llevar a cabo un proyecto de transformaci\u00f3n ecosocial,y se mantiene en pie la fuerza y el deseo popular de realizar una transici\u00f3n ecosocial justa en esta comarca.<\/p>\n\n\n\n<p>Por todo ello, hoy miembros del movimiento ecologista, militantes de diversos movimientos populares, trabajadores de la industria, alcaldesas\/alcaldes y concejales de la comarca, miembros del mundo acad\u00e9mico, y vecinas de Uribe Kosta, sin renunciar a la posibilidad de mantener Mecaner, queremos trasladar las siguientes peticiones al Gobierno Vasco:<\/p>\n\n\n\n<ul class=\"wp-block-list\">\n<li>Se ha cerrado Mecaner, pero la maquinaria y las instalaciones est\u00e1n aqu\u00ed. Se debe crear una comisi\u00f3n de seguimiento, para debatir y proponer qu\u00e9 y c\u00f3mo se debe producir en dichas instalaciones, garantizando la participaci\u00f3n ciudadana.<\/li>\n\n\n\n<li>Exigimos la adopcion de un enfoque ecol\u00f3gico y social para el desarrollo de cualquier proyecto industrial en el emplazamiento de Mecaner. Que el plan que han presentado los trabajadores, sea la base de los pr\u00f3ximos proyectos y el punto de partida de la transformaci\u00f3n industrial.<\/li>\n\n\n\n<li>Si hubiere alg\u00fan otro proyecto industrial que reuna las anteriores exigencias, que se realice preferentemente con los que han estado trabajando en la empresa, recuperando asi el empleo destruido, y asegurando que sea un empleo de calidad practicado en condiciones dignas.<br><\/li>\n<\/ul>\n\n\n\n<p>Conscientes como somos de que la destrucci\u00f3n de Mecaner, es solo el anuncio que precede a la siguiente \u201creconversion salvaje\u201d de nuestro paisaje industrial y humano, queremos hacer un llamamiento a todos los agentes sociales de Uribe Kosta para constituir un foro social donde<br>podamos, democraticamente y mediante la participaci\u00f3n activa de todas, empezar a dise\u00f1ar un modelo de transformaci\u00f3n social justa y sostenible, que no deje a ninguna persona atr\u00e1s.<\/p>\n\n\n\n<p>Convocamos a una primera reunion en Urduliz,el pr\u00f3ximo d\u00eda 28 de mayo a las 18:30h.<\/p>\n\n\n\n<p>Por \u00faltimo, y en consecuencia con todo lo anterior, anunciamos nuestra participaci\u00f3n el 11 de mayo en Bilbao en la movilizaci\u00f3n a favor de una Alternativa Ecosocial Justa, invitando a toda la ciudadan\u00eda a participar en la misma.<\/p>\n\n\n\n<p>Mecaner herriarentzat! Por una industria social y ecologicamente justa!<\/p>\n","protected":false},"excerpt":{"rendered":"<p>El pasado 1 de septiembre, la multinacional Stellantis, propietaria de Mecaner, hizo llegar a sus 148 trabajadores la orden de cierre de esta empresa, hist\u00f3rica en nuestra comarca.<\/p>\n","protected":false},"author":1191,"featured_media":70263,"comment_status":"closed","ping_status":"closed","sticky":false,"template":"","format":"standard","meta":{"_monsterinsights_skip_tracking":false,"_monsterinsights_sitenote_active":false,"_monsterinsights_sitenote_note":"","_monsterinsights_sitenote_category":0,"footnotes":"","_links_to":"","_links_to_target":""},"categories":[18,2867,2868],"tags":[3033,3178,2996,4217],"class_list":{"0":"post-70214","1":"post","2":"type-post","3":"status-publish","4":"format-standard","5":"has-post-thumbnail","7":"category-es-accion-sindical","8":"category-federaciones","9":"category-industria-es","10":"tag-accion-sindical-es","11":"tag-destacado-1","12":"tag-industria-es","13":"tag-mecaner"},"_links":{"self":[{"href":"https:\/\/www.lab.eus\/es\/wp-json\/wp\/v2\/posts\/70214","targetHints":{"allow":["GET"]}}],"collection":[{"href":"https:\/\/www.lab.eus\/es\/wp-json\/wp\/v2\/posts"}],"about":[{"href":"https:\/\/www.lab.eus\/es\/wp-json\/wp\/v2\/types\/post"}],"author":[{"embeddable":true,"href":"https:\/\/www.lab.eus\/es\/wp-json\/wp\/v2\/users\/1191"}],"replies":[{"embeddable":true,"href":"https:\/\/www.lab.eus\/es\/wp-json\/wp\/v2\/comments?post=70214"}],"version-history":[{"count":0,"href":"https:\/\/www.lab.eus\/es\/wp-json\/wp\/v2\/posts\/70214\/revisions"}],"wp:featuredmedia":[{"embeddable":true,"href":"https:\/\/www.lab.eus\/es\/wp-json\/wp\/v2\/media\/70263"}],"wp:attachment":[{"href":"https:\/\/www.lab.eus\/es\/wp-json\/wp\/v2\/media?parent=70214"}],"wp:term":[{"taxonomy":"category","embeddable":true,"href":"https:\/\/www.lab.eus\/es\/wp-json\/wp\/v2\/categories?post=70214"},{"taxonomy":"post_tag","embeddable":true,"href":"https:\/\/www.lab.eus\/es\/wp-json\/wp\/v2\/tags?post=70214"}],"curies":[{"name":"wp","href":"https:\/\/api.w.org\/{rel}","templated":true}]}}