{"id":69749,"date":"2024-04-22T14:37:29","date_gmt":"2024-04-22T14:37:29","guid":{"rendered":"https:\/\/www.lab.eus\/?p=69749"},"modified":"2024-04-22T14:37:31","modified_gmt":"2024-04-22T14:37:31","slug":"la-patronal-cierra-la-puerta-a-reconducir-la-negociacion-y-evitar-las-huelgas-en-el-sector-de-arte-graficas","status":"publish","type":"post","link":"https:\/\/www.lab.eus\/es\/la-patronal-cierra-la-puerta-a-reconducir-la-negociacion-y-evitar-las-huelgas-en-el-sector-de-arte-graficas\/","title":{"rendered":"La patronal cierra la puerta a reconducir la negociacion y evitar las huelgas en el sector de arte gr\u00e1ficas"},"content":{"rendered":"\n<p>Una Patronal totalmente inmovilista la que nos encontramos los sindicatos LAB-ELA-CCOO-UGT en la decimotercera reuni\u00f3n de la negociaci\u00f3n del convenio sectorial de Bizkaia.<\/p>\n\n\n\n<p>Las empresas asociadas ignoran las diferentes iniciativas y movilizaciones realizadas por las personas trabajadoras del sector reclamando respeto y un convenio digno enviando a su representaci\u00f3n a la mesa negociadora con la misma plataforma que a la reuni\u00f3n anterior.<\/p>\n\n\n\n<p>Ning\u00fan gesto de acercamiento por su parte.<\/p>\n\n\n\n<p>Mantienen los recortes que contiene la propuesta empresarial. Con subidas claramente insuficientes, sin atrasos y manteniendo adem\u00e1s su NO aceptaci\u00f3n a casi la totalidad de los 10 puntos contenidos en la plataforma social conjunta.<\/p>\n\n\n\n<p>Al parecer esta patronal solo valora la firma de un convenio si cada c\u00e9ntimo de subida salarial va asociado a la p\u00e9rdida de derechos de las personas trabajadoras del sector y eso, es inasumible.<\/p>\n\n\n\n<p>Al t\u00e9rmino de la sesi\u00f3n, la representaci\u00f3n empresarial abandona la sala sin fijar fecha de una nueva reuni\u00f3n, demostrando la falta de compromiso con la negociaci\u00f3n del convenio. Desconocemos los motivos pero entendemos que las partes tenemos una responsabilidad negociadora y este acto solo deja entrever quien intenta bloquear la mesa. La negociaci\u00f3n debe proseguir.<\/p>\n\n\n\n<p>A partir de ahi, se ha ealizado la movilizaci\u00f3n el 22 de Abril en la empresa Grafo a las 11h y las jornadas de huelga programadas que recordamos se producir\u00e1n los d\u00edas 29 y 30 de Abril, y el 22 y 23 de Mayo<\/p>\n","protected":false},"excerpt":{"rendered":"<p>Una Patronal totalmente inmovilista la que nos encontramos los sindicatos LAB-ELA-CCOO-UGT en la decimotercera reuni\u00f3n de la negociaci\u00f3n del convenio sectorial de Bizkaia.<\/p>\n","protected":false},"author":1191,"featured_media":69747,"comment_status":"closed","ping_status":"closed","sticky":false,"template":"","format":"standard","meta":{"_monsterinsights_skip_tracking":false,"_monsterinsights_sitenote_active":false,"_monsterinsights_sitenote_note":"","_monsterinsights_sitenote_category":0,"footnotes":"","_links_to":"","_links_to_target":""},"categories":[18,100,2867,2868,3283],"tags":[3033,4046,3178,2996],"class_list":{"0":"post-69749","1":"post","2":"type-post","3":"status-publish","4":"format-standard","5":"has-post-thumbnail","7":"category-es-accion-sindical","8":"category-es-artes-graficas","9":"category-federaciones","10":"category-industria-es","11":"category-sin-categorizar","12":"tag-accion-sindical-es","13":"tag-artes-graficas-2","14":"tag-destacado-1","15":"tag-industria-es"},"_links":{"self":[{"href":"https:\/\/www.lab.eus\/es\/wp-json\/wp\/v2\/posts\/69749","targetHints":{"allow":["GET"]}}],"collection":[{"href":"https:\/\/www.lab.eus\/es\/wp-json\/wp\/v2\/posts"}],"about":[{"href":"https:\/\/www.lab.eus\/es\/wp-json\/wp\/v2\/types\/post"}],"author":[{"embeddable":true,"href":"https:\/\/www.lab.eus\/es\/wp-json\/wp\/v2\/users\/1191"}],"replies":[{"embeddable":true,"href":"https:\/\/www.lab.eus\/es\/wp-json\/wp\/v2\/comments?post=69749"}],"version-history":[{"count":0,"href":"https:\/\/www.lab.eus\/es\/wp-json\/wp\/v2\/posts\/69749\/revisions"}],"wp:featuredmedia":[{"embeddable":true,"href":"https:\/\/www.lab.eus\/es\/wp-json\/wp\/v2\/media\/69747"}],"wp:attachment":[{"href":"https:\/\/www.lab.eus\/es\/wp-json\/wp\/v2\/media?parent=69749"}],"wp:term":[{"taxonomy":"category","embeddable":true,"href":"https:\/\/www.lab.eus\/es\/wp-json\/wp\/v2\/categories?post=69749"},{"taxonomy":"post_tag","embeddable":true,"href":"https:\/\/www.lab.eus\/es\/wp-json\/wp\/v2\/tags?post=69749"}],"curies":[{"name":"wp","href":"https:\/\/api.w.org\/{rel}","templated":true}]}}