{"id":69667,"date":"2024-04-17T12:08:45","date_gmt":"2024-04-17T12:08:45","guid":{"rendered":"https:\/\/www.lab.eus\/?p=69667"},"modified":"2024-04-18T12:13:30","modified_gmt":"2024-04-18T12:13:30","slug":"convocamos-huelga-en-las-residencias-de-mayores-de-nafarroa-para-el-dia-24-de-abril","status":"publish","type":"post","link":"https:\/\/www.lab.eus\/es\/convocamos-huelga-en-las-residencias-de-mayores-de-nafarroa-para-el-dia-24-de-abril\/","title":{"rendered":"Convocamos huelga en las residencias de mayores de Nafarroa para el d\u00eda 24 de abril"},"content":{"rendered":"\n<p>La par\u00e1lisis de la negociaci\u00f3n no es aceptable de ninguna manera y, por eso, desde LAB, nos hemos movilizado junto a las trabajadoras del sector para que, de una vez por todas, se desbloquee el primer convenio sectorial de residencias de Nafarroa. Todo esto sigue en la l\u00ednea que ha tomado el sindicato LAB desde el comienzo de la negociaci\u00f3n, hace ya casi 4 a\u00f1os, pero, especialmente desde junio, cuando desde el sindicato LAB se dio un golpe de efecto en la negociaci\u00f3n, consiguiendo que la negociaci\u00f3n se reactivase. Esta negociaci\u00f3n sigue viva porque LAB se ha movilizado.<\/p>\n\n\n\n<p>Las trabajadoras del sector de las residencias est\u00e1n realizando diferentes acciones para simbolizar el inmovilismo por parte de las partes implicadas. Para ello, hemos llevado acabo unos cortes de carretera para hacer ver a la sociedad la situaci\u00f3n que llevamos viviendo desde hace 4 a\u00f1os.<\/p>\n\n\n\n<p>Con la acci\u00f3n de hoy queremos dejar claro que la trabajadora est\u00e1 dispuesta al di\u00e1logo y a reunirse con patronal y gobierno de navarra para hacer realidad el primer convenio de residencias de Nafarroa.<\/p>\n\n\n\n<p>No podemos seguir sufriendo las condiciones laborales que llevamos sufriendo y que tan visibles fueron en la pandemia, donde quedaron a la vista unas jornadas interminables, conciliaciones familiares imposibles, sueldos precarios, cl\u00e1usulas de bajas por enfermedad abusivas, ritmos de trabajos inhumanos y otras muchas que se podr\u00edan mencionar.<\/p>\n\n\n\n<p>Por todo ello, queremos dejar claro que nos vamos a seguir movilizando, no vamos a dejar que ninguna patronal se enriqueza a nuestra costa, no vamos a dejar que ningun gobierno haga propaganda de servicios de cuidados, porque ni nosotras ni nuestros mayores somos un negocio ni ninguna campa\u00f1a electoral. Estamos hartas de que unos y otros jueguen con nuestro esfuerzo. Vale ya!<\/p>\n\n\n\n<p>Viendo que la mesa negociadora no se ha reactivado llamamo a un d\u00eda de huelga el proximo 24 de abril, donde llevaremos a cabo otra acci\u00f3n simb\u00f3lica llevando a cabo un encierro por el recorrido del encierro, haciendo visible el atropello que sufrimos las trabajadoras y nuestros mayores.<\/p>\n","protected":false},"excerpt":{"rendered":"<p>La par\u00e1lisis de la negociaci\u00f3n no es aceptable de ninguna manera y, por eso, desde LAB, nos hemos movilizado junto a las trabajadoras del sector para que, de una vez por todas, se desbloquee el primer convenio sectorial de residencias de Nafarroa. Todo esto sigue en la l\u00ednea que ha tomado el sindicato LAB desde el comienzo de la negociaci\u00f3n, hace ya casi 4 a\u00f1os, pero, especialmente desde junio, cuando desde el sindicato LAB se dio un golpe de efecto en la negociaci\u00f3n, consiguiendo que la negociaci\u00f3n se reactivase. Esta negociaci\u00f3n sigue viva porque LAB se ha movilizado.<\/p>\n","protected":false},"author":1191,"featured_media":69663,"comment_status":"closed","ping_status":"closed","sticky":false,"template":"","format":"standard","meta":{"_monsterinsights_skip_tracking":false,"_monsterinsights_sitenote_active":false,"_monsterinsights_sitenote_note":"","_monsterinsights_sitenote_category":0,"footnotes":"","_links_to":"","_links_to_target":""},"categories":[18,2867,2961,6],"tags":[3028,3178,4009,3027],"class_list":{"0":"post-69667","1":"post","2":"type-post","3":"status-publish","4":"format-standard","5":"has-post-thumbnail","7":"category-es-accion-sindical","8":"category-federaciones","9":"category-residencias-personas-mayores","10":"category-es-servicios-publicos","11":"tag-accion-sindical-2","12":"tag-destacado-1","13":"tag-residencias-de-nafarroa","14":"tag-servicios-publicos-3"},"_links":{"self":[{"href":"https:\/\/www.lab.eus\/es\/wp-json\/wp\/v2\/posts\/69667","targetHints":{"allow":["GET"]}}],"collection":[{"href":"https:\/\/www.lab.eus\/es\/wp-json\/wp\/v2\/posts"}],"about":[{"href":"https:\/\/www.lab.eus\/es\/wp-json\/wp\/v2\/types\/post"}],"author":[{"embeddable":true,"href":"https:\/\/www.lab.eus\/es\/wp-json\/wp\/v2\/users\/1191"}],"replies":[{"embeddable":true,"href":"https:\/\/www.lab.eus\/es\/wp-json\/wp\/v2\/comments?post=69667"}],"version-history":[{"count":0,"href":"https:\/\/www.lab.eus\/es\/wp-json\/wp\/v2\/posts\/69667\/revisions"}],"wp:featuredmedia":[{"embeddable":true,"href":"https:\/\/www.lab.eus\/es\/wp-json\/wp\/v2\/media\/69663"}],"wp:attachment":[{"href":"https:\/\/www.lab.eus\/es\/wp-json\/wp\/v2\/media?parent=69667"}],"wp:term":[{"taxonomy":"category","embeddable":true,"href":"https:\/\/www.lab.eus\/es\/wp-json\/wp\/v2\/categories?post=69667"},{"taxonomy":"post_tag","embeddable":true,"href":"https:\/\/www.lab.eus\/es\/wp-json\/wp\/v2\/tags?post=69667"}],"curies":[{"name":"wp","href":"https:\/\/api.w.org\/{rel}","templated":true}]}}