{"id":69542,"date":"2024-04-16T10:29:41","date_gmt":"2024-04-16T10:29:41","guid":{"rendered":"https:\/\/www.lab.eus\/?p=69542"},"modified":"2024-04-16T10:42:22","modified_gmt":"2024-04-16T10:42:22","slug":"las-trabajadoras-subcontratadas-de-limpieza-de-la-diputacion-foral-de-gipuzkoa-se-manifiestan-para-reclamar-que-les-garanticen-el-poder-adquisitivo","status":"publish","type":"post","link":"https:\/\/www.lab.eus\/es\/las-trabajadoras-subcontratadas-de-limpieza-de-la-diputacion-foral-de-gipuzkoa-se-manifiestan-para-reclamar-que-les-garanticen-el-poder-adquisitivo\/","title":{"rendered":"Las trabajadoras subcontratadas de limpieza de la Diputaci\u00f3n Foral de Gipuzkoa reclaman que les garanticen el poder adquisitivo"},"content":{"rendered":"\n<p>En marzo, las trabajadoras subcontratadas de la limpieza de la Diputaci\u00f3n de Gipuzkoa retomaron un nuevo ciclo de movilizaciones porque la negociaci\u00f3n estaba bloqueada. As\u00ed, se han concentrado todas las semanas ante la Diputaci\u00f3n. Hoy se han manifestado en Donostia, desde el Koldo Mitxelena hasta la Diputaci\u00f3n, por un convenio que les garantice el poder adquisitivo. Han exigido una negociaci\u00f3n real, poniendo de manifiesto la situaci\u00f3n que viven las trabajadoras del sector.<\/p>\n\n\n\n<p>Este colectivo est\u00e1 compuesto en un 90% por mujeres*. Son las que limpian los edificios de la Diputaci\u00f3n Foral de Gipuzkoa. Este colectivo subcontratado y que se calific\u00f3 de imprescindible durante la pandem\u00eda, lleva negociando el convenio desde mayo del 2021 y no ha tenido subidas salariales desde el 2020, acumulando en estos \u00faltimos a\u00f1os de IPCs altos gran p\u00e9rdida del poder adquisitivo.<\/p>\n\n\n\n<p>Tras las din\u00e1micas de movilizaciones llevadas a cabo por el colectivo durante el 2022, las trabajadoras han decidido retomarlas con un nuevo ciclo, a la vista de que las negociaciones entre las empresas y la parte social est\u00e1n totalmente bloqueadas. Las empresas EULEN y GIZATZEN han empeorado los planteamientos que realizaron en negociaciones anteriores, haciendo una propuesta econ\u00f3mica inferior y no garantizando el poder adquisitivo de las trabajadoras del sector.<\/p>\n\n\n\n<p>La respuesta de la patronal a la propuesta realizada por los sindicatos LAB, ELA, ESK, CCOO y UGT con el objetivo de acercar posturas es significativa. As\u00ed, propone subidas del 3% para 2024 y 2025 y del 3,5% para el 2026, sin subidas para los a\u00f1os anteriores y sin cl\u00e1usula de actualizaci\u00f3n a la finalizaci\u00f3n del convenio. En total, subidas del 9,5%, cuando anteriormente hab\u00edan realizado un planteamiento de subidas del 14%.<\/p>\n\n\n\n<p>La parte social valoramos este planteamiento como inadmisible y solicitamos a la patronal una negociaci\u00f3n real y con f\u00f3rmulas que garanticen el poder adquisitivo para las trabajadoras del sector.<\/p>\n\n\n\n<p>Por otro lado, hay que poner de manifiesto la responsabilidad que tiene la Diputaci\u00f3n en todo este proceso. Desde el inicio del conflicto laboral ha tomado parte activa en la desactivaci\u00f3n y obstaculizaci\u00f3n del acuerdo. Ha jugado a dos bandas. Por un lado, poniendo vetos y exigencias en la negociaci\u00f3n, impidiendo la viabilidad de f\u00f3rmulas que garanticen el poder adquisitivo; y por otro, desvincul\u00e1ndose de la responsabilidad que tiene en el conflicto y manifestando que la resoluci\u00f3n del mismo compete a empresas y sindicatos.<\/p>\n\n\n\n<p>Sabemos que los responsables de esta situaci\u00f3n son tanto las empresas como la Diputaci\u00f3n Foral de Gipuzkoa en \u00faltima instancia, e instamos a estas dos partes a que asuman su parte de responsabilidad en el conflicto y pongan los medios necesarios para la resoluci\u00f3n del mismo.<\/p>\n\n\n\n<figure class=\"wp-block-gallery has-nested-images columns-default is-cropped wp-block-gallery-1 is-layout-flex wp-block-gallery-is-layout-flex\">\n<figure class=\"wp-block-image size-large\"><img loading=\"lazy\" decoding=\"async\" width=\"1024\" height=\"785\" data-id=\"69554\" src=\"https:\/\/www.lab.eus\/wp-content\/uploads\/2024\/04\/2024-04-16-GFAko-garbiketa_4-1024x785.jpeg\" alt=\"\" class=\"wp-image-69554\" srcset=\"https:\/\/www.lab.eus\/wp-content\/uploads\/2024\/04\/2024-04-16-GFAko-garbiketa_4-1024x785.jpeg 1024w, https:\/\/www.lab.eus\/wp-content\/uploads\/2024\/04\/2024-04-16-GFAko-garbiketa_4-300x230.jpeg 300w, https:\/\/www.lab.eus\/wp-content\/uploads\/2024\/04\/2024-04-16-GFAko-garbiketa_4-768x589.jpeg 768w, https:\/\/www.lab.eus\/wp-content\/uploads\/2024\/04\/2024-04-16-GFAko-garbiketa_4-150x115.jpeg 150w, https:\/\/www.lab.eus\/wp-content\/uploads\/2024\/04\/2024-04-16-GFAko-garbiketa_4-696x534.jpeg 696w, https:\/\/www.lab.eus\/wp-content\/uploads\/2024\/04\/2024-04-16-GFAko-garbiketa_4-1068x819.jpeg 1068w, https:\/\/www.lab.eus\/wp-content\/uploads\/2024\/04\/2024-04-16-GFAko-garbiketa_4.jpeg 1433w\" sizes=\"auto, (max-width: 1024px) 100vw, 1024px\" \/><\/figure>\n\n\n\n<figure class=\"wp-block-image size-large\"><img loading=\"lazy\" decoding=\"async\" width=\"1024\" height=\"867\" data-id=\"69556\" src=\"https:\/\/www.lab.eus\/wp-content\/uploads\/2024\/04\/2024-04-16-GFAko-garbiketa_3-2-1024x867.jpeg\" alt=\"\" class=\"wp-image-69556\" srcset=\"https:\/\/www.lab.eus\/wp-content\/uploads\/2024\/04\/2024-04-16-GFAko-garbiketa_3-2-1024x867.jpeg 1024w, https:\/\/www.lab.eus\/wp-content\/uploads\/2024\/04\/2024-04-16-GFAko-garbiketa_3-2-300x254.jpeg 300w, https:\/\/www.lab.eus\/wp-content\/uploads\/2024\/04\/2024-04-16-GFAko-garbiketa_3-2-768x650.jpeg 768w, https:\/\/www.lab.eus\/wp-content\/uploads\/2024\/04\/2024-04-16-GFAko-garbiketa_3-2-150x127.jpeg 150w, https:\/\/www.lab.eus\/wp-content\/uploads\/2024\/04\/2024-04-16-GFAko-garbiketa_3-2-696x589.jpeg 696w, https:\/\/www.lab.eus\/wp-content\/uploads\/2024\/04\/2024-04-16-GFAko-garbiketa_3-2-1068x904.jpeg 1068w, https:\/\/www.lab.eus\/wp-content\/uploads\/2024\/04\/2024-04-16-GFAko-garbiketa_3-2.jpeg 1186w\" sizes=\"auto, (max-width: 1024px) 100vw, 1024px\" \/><\/figure>\n\n\n\n<figure class=\"wp-block-image size-large\"><img loading=\"lazy\" decoding=\"async\" width=\"1024\" height=\"768\" data-id=\"69558\" src=\"https:\/\/www.lab.eus\/wp-content\/uploads\/2024\/04\/2024-04-16-GFAko-garbiketa_2-2-1024x768.jpeg\" alt=\"\" class=\"wp-image-69558\" srcset=\"https:\/\/www.lab.eus\/wp-content\/uploads\/2024\/04\/2024-04-16-GFAko-garbiketa_2-2-1024x768.jpeg 1024w, https:\/\/www.lab.eus\/wp-content\/uploads\/2024\/04\/2024-04-16-GFAko-garbiketa_2-2-300x225.jpeg 300w, https:\/\/www.lab.eus\/wp-content\/uploads\/2024\/04\/2024-04-16-GFAko-garbiketa_2-2-768x576.jpeg 768w, https:\/\/www.lab.eus\/wp-content\/uploads\/2024\/04\/2024-04-16-GFAko-garbiketa_2-2-1536x1152.jpeg 1536w, https:\/\/www.lab.eus\/wp-content\/uploads\/2024\/04\/2024-04-16-GFAko-garbiketa_2-2-150x113.jpeg 150w, https:\/\/www.lab.eus\/wp-content\/uploads\/2024\/04\/2024-04-16-GFAko-garbiketa_2-2-696x522.jpeg 696w, https:\/\/www.lab.eus\/wp-content\/uploads\/2024\/04\/2024-04-16-GFAko-garbiketa_2-2-1068x801.jpeg 1068w, https:\/\/www.lab.eus\/wp-content\/uploads\/2024\/04\/2024-04-16-GFAko-garbiketa_2-2.jpeg 1600w\" sizes=\"auto, (max-width: 1024px) 100vw, 1024px\" \/><\/figure>\n<\/figure>\n","protected":false},"excerpt":{"rendered":"<p>En marzo, las trabajadoras subcontratadas de la limpieza de la Diputaci\u00f3n de Gipuzkoa retomaron un nuevo ciclo de movilizaciones porque la negociaci\u00f3n estaba bloqueada. As\u00ed, se han concentrado todas las semanas ante la Diputaci\u00f3n. Hoy se han manifestado en Donostia, desde el Koldo Mitxelena hasta la Diputaci\u00f3n, por un convenio que les garantice el poder adquisitivo. Han exigido una negociaci\u00f3n real, poniendo de manifiesto la situaci\u00f3n que viven las trabajadoras del sector.<\/p>\n","protected":false},"author":1191,"featured_media":69531,"comment_status":"closed","ping_status":"closed","sticky":false,"template":"","format":"standard","meta":{"_monsterinsights_skip_tracking":false,"_monsterinsights_sitenote_active":false,"_monsterinsights_sitenote_note":"","_monsterinsights_sitenote_category":0,"footnotes":"","_links_to":"","_links_to_target":""},"categories":[18,2867,8],"tags":[3033,3178,3079,4595,3172],"class_list":{"0":"post-69542","1":"post","2":"type-post","3":"status-publish","4":"format-standard","5":"has-post-thumbnail","7":"category-es-accion-sindical","8":"category-federaciones","9":"category-es-servicios-privados","10":"tag-accion-sindical-es","11":"tag-destacado-1","12":"tag-limpieza","13":"tag-limpieza-de-diputacion-foral-de-gipuzkoa","14":"tag-servicios-privados-es"},"_links":{"self":[{"href":"https:\/\/www.lab.eus\/es\/wp-json\/wp\/v2\/posts\/69542","targetHints":{"allow":["GET"]}}],"collection":[{"href":"https:\/\/www.lab.eus\/es\/wp-json\/wp\/v2\/posts"}],"about":[{"href":"https:\/\/www.lab.eus\/es\/wp-json\/wp\/v2\/types\/post"}],"author":[{"embeddable":true,"href":"https:\/\/www.lab.eus\/es\/wp-json\/wp\/v2\/users\/1191"}],"replies":[{"embeddable":true,"href":"https:\/\/www.lab.eus\/es\/wp-json\/wp\/v2\/comments?post=69542"}],"version-history":[{"count":0,"href":"https:\/\/www.lab.eus\/es\/wp-json\/wp\/v2\/posts\/69542\/revisions"}],"wp:featuredmedia":[{"embeddable":true,"href":"https:\/\/www.lab.eus\/es\/wp-json\/wp\/v2\/media\/69531"}],"wp:attachment":[{"href":"https:\/\/www.lab.eus\/es\/wp-json\/wp\/v2\/media?parent=69542"}],"wp:term":[{"taxonomy":"category","embeddable":true,"href":"https:\/\/www.lab.eus\/es\/wp-json\/wp\/v2\/categories?post=69542"},{"taxonomy":"post_tag","embeddable":true,"href":"https:\/\/www.lab.eus\/es\/wp-json\/wp\/v2\/tags?post=69542"}],"curies":[{"name":"wp","href":"https:\/\/api.w.org\/{rel}","templated":true}]}}